{"id":7425,"date":"2026-03-18T12:34:16","date_gmt":"2026-03-18T11:34:16","guid":{"rendered":"https:\/\/www.bicimarket.com\/blog\/?p=7425"},"modified":"2026-03-18T12:34:16","modified_gmt":"2026-03-18T11:34:16","slug":"barcelona-empieza-el-tour-de-francia-2026","status":"publish","type":"post","link":"https:\/\/www.bicimarket.com\/blog\/barcelona-empieza-el-tour-de-francia-2026\/","title":{"rendered":"Barcelona, empieza el Tour de Francia 2026"},"content":{"rendered":"<p data-path-to-node=\"0\"><span data-path-to-node=\"0,0\">\u00a1Hola, apasionados del pedal! En <a href=\"http:\/\/bicimarket.com\"><b data-path-to-node=\"0,0\" data-index-in-node=\"33\">Bicimarket<\/b><\/a> estamos contando los d\u00edas para uno de los hitos m\u00e1s importantes de la historia reciente de nuestro ciclismo. Como ya sabr\u00e9is, Barcelona ha sido elegida para acoger el <b data-path-to-node=\"0,0\" data-index-in-node=\"211\">Grand D\u00e9part del Tour de Francia 2026<\/b>.<\/span><\/p>\n<p data-path-to-node=\"1\">No es solo una carrera; es el reencuentro de la \u00abGrande Boucle\u00bb con una ciudad que respira ciclismo por sus cuatro costados. Para que est\u00e9is preparados, hemos preparado este post especial donde desgranamos todo lo que viene en 2026 y recordamos las \u00e9picas visitas pasadas que forjaron la leyenda del Tour en la Ciudad Condal.<\/p>\n<hr data-path-to-node=\"2\" \/>\n<h2 data-path-to-node=\"3\">Barcelona 2026: El Tour de Francia se viste de modernismo<\/h2>\n<p data-path-to-node=\"4\"><span data-path-to-node=\"4,0\">La 113.\u00aa edici\u00f3n del Tour de Francia arrancar\u00e1 el <b data-path-to-node=\"4,0\" data-index-in-node=\"50\">4 de julio de 2026<\/b> en Barcelona.<\/span><span data-path-to-node=\"4,2\"> Ser\u00e1 la tercera vez que la ronda gala empiece en Espa\u00f1a (tras San Sebasti\u00e1n en 1992 y Bilbao en 2023), pero la propuesta de Barcelona promete ser visualmente inigualable al coincidir con su designaci\u00f3n como <b data-path-to-node=\"4,2\" data-index-in-node=\"208\">Capital Mundial de la Arquitectura<\/b>.<\/span><\/p>\n<h2 data-path-to-node=\"5\">El recorrido: Tres etapas para la historia<\/h2>\n<p data-path-to-node=\"6\">La organizaci\u00f3n ha dise\u00f1ado un inicio explosivo que no dar\u00e1 tregua a los l\u00edderes. Estas son las tres jornadas que viviremos en Catalu\u00f1a:<\/p>\n<h3 data-path-to-node=\"7\"><a href=\"https:\/\/www.letour.barcelona\/es\/etapes\/etapa-1\">Etapa 1\u00a0 Tour de Francia 2026<\/a> (4 de julio): Contrarreloj por Equipos (19,7 km)<\/h3>\n<p><img loading=\"lazy\" decoding=\"async\" class=\"aligncenter size-full wp-image-7428\" src=\"https:\/\/www.bicimarket.com\/blog\/wp-content\/uploads\/2026\/03\/Etapa-1-tour-2026.webp\" alt=\"\" width=\"960\" height=\"450\" srcset=\"https:\/\/www.bicimarket.com\/blog\/wp-content\/uploads\/2026\/03\/Etapa-1-tour-2026.webp 960w, https:\/\/www.bicimarket.com\/blog\/wp-content\/uploads\/2026\/03\/Etapa-1-tour-2026-300x141.webp 300w, https:\/\/www.bicimarket.com\/blog\/wp-content\/uploads\/2026\/03\/Etapa-1-tour-2026-768x360.webp 768w, https:\/\/www.bicimarket.com\/blog\/wp-content\/uploads\/2026\/03\/Etapa-1-tour-2026-896x420.webp 896w, https:\/\/www.bicimarket.com\/blog\/wp-content\/uploads\/2026\/03\/Etapa-1-tour-2026-640x300.webp 640w, https:\/\/www.bicimarket.com\/blog\/wp-content\/uploads\/2026\/03\/Etapa-1-tour-2026-681x319.webp 681w\" sizes=\"auto, (max-width: 960px) 100vw, 960px\" \/><\/p>\n<p data-path-to-node=\"8\"><span data-path-to-node=\"8,0\">A diferencia de los inicios llanos habituales, 2026 arranca con una <b data-path-to-node=\"8,0\" data-index-in-node=\"68\">CRE 100% urbana<\/b>.<\/span><span data-path-to-node=\"8,2\"> El recorrido se iniciar\u00e1 en el Parc del F\u00f2rum y pasar\u00e1 por iconos como la Sagrada Fam\u00edlia y el Passeig de Gr\u00e0cia antes de terminar en la \u00abmonta\u00f1a m\u00e1gica\u00bb de Montju\u00efc, frente al Estadio Ol\u00edmpico.<\/span><\/p>\n<p data-path-to-node=\"9\"><span data-path-to-node=\"9,0\"><b data-path-to-node=\"9,0\" data-index-in-node=\"0\">Dato t\u00e9cnico para pros:<\/b> Se utilizar\u00e1 el formato de la Par\u00eds-Niza 2023. El tiempo de la etapa lo marcar\u00e1 el primer corredor del equipo en cruzar la meta, pero para la clasificaci\u00f3n general individual se tomar\u00e1n los tiempos reales de cada ciclista.<\/span><span data-path-to-node=\"9,2\"> \u00a1Estrategia pura!<\/span><\/p>\n<h3 data-path-to-node=\"10\"><a href=\"https:\/\/www.letour.barcelona\/es\/etapas\/etapa-2\">Etapa 2 Tour de Francia 2026<\/a> (5 de julio): Tarragona &gt; Barcelona (182,4 km)<\/h3>\n<p>&nbsp;<\/p>\n<p><img loading=\"lazy\" decoding=\"async\" class=\"aligncenter size-full wp-image-7432\" src=\"https:\/\/www.bicimarket.com\/blog\/wp-content\/uploads\/2026\/03\/Tour-Francia-2-1.jpg\" alt=\"\" width=\"1200\" height=\"826\" srcset=\"https:\/\/www.bicimarket.com\/blog\/wp-content\/uploads\/2026\/03\/Tour-Francia-2-1.jpg 1200w, https:\/\/www.bicimarket.com\/blog\/wp-content\/uploads\/2026\/03\/Tour-Francia-2-1-300x207.jpg 300w, https:\/\/www.bicimarket.com\/blog\/wp-content\/uploads\/2026\/03\/Tour-Francia-2-1-1024x705.jpg 1024w, https:\/\/www.bicimarket.com\/blog\/wp-content\/uploads\/2026\/03\/Tour-Francia-2-1-768x529.jpg 768w, https:\/\/www.bicimarket.com\/blog\/wp-content\/uploads\/2026\/03\/Tour-Francia-2-1-610x420.jpg 610w, https:\/\/www.bicimarket.com\/blog\/wp-content\/uploads\/2026\/03\/Tour-Francia-2-1-640x441.jpg 640w, https:\/\/www.bicimarket.com\/blog\/wp-content\/uploads\/2026\/03\/Tour-Francia-2-1-681x469.jpg 681w\" sizes=\"auto, (max-width: 1200px) 100vw, 1200px\" \/><\/p>\n<p data-path-to-node=\"11\"><span data-path-to-node=\"11,0\">Una etapa \u00abrompepiernas\u00bb que saldr\u00e1 de la Tarragona romana y recorrer\u00e1 la Costa Dorada antes de afrontar un final de infarto.<\/span><span data-path-to-node=\"11,2\"> Lo m\u00e1s espectacular: un circuito final en Montju\u00efc donde los ciclistas deber\u00e1n subir <b data-path-to-node=\"11,2\" data-index-in-node=\"86\">tres veces<\/b> la rampa del Castillo, con pendientes que alcanzan el <b data-path-to-node=\"11,2\" data-index-in-node=\"151\">13%<\/b>.<\/span><\/p>\n<h3 data-path-to-node=\"12\"><a href=\"https:\/\/www.letour.barcelona\/es\/etapas\/etapa-3\">Etapa 3 Tour de Francia 2026<\/a> (6 de julio): Granollers &gt; Les Angles (196 km)<\/h3>\n<p data-path-to-node=\"13\"><img loading=\"lazy\" decoding=\"async\" class=\"aligncenter size-full wp-image-7434\" src=\"https:\/\/www.bicimarket.com\/blog\/wp-content\/uploads\/2026\/03\/Tour-Francia-3.jpg\" alt=\"\" width=\"960\" height=\"652\" srcset=\"https:\/\/www.bicimarket.com\/blog\/wp-content\/uploads\/2026\/03\/Tour-Francia-3.jpg 960w, https:\/\/www.bicimarket.com\/blog\/wp-content\/uploads\/2026\/03\/Tour-Francia-3-300x204.jpg 300w, https:\/\/www.bicimarket.com\/blog\/wp-content\/uploads\/2026\/03\/Tour-Francia-3-768x522.jpg 768w, https:\/\/www.bicimarket.com\/blog\/wp-content\/uploads\/2026\/03\/Tour-Francia-3-618x420.jpg 618w, https:\/\/www.bicimarket.com\/blog\/wp-content\/uploads\/2026\/03\/Tour-Francia-3-640x435.jpg 640w, https:\/\/www.bicimarket.com\/blog\/wp-content\/uploads\/2026\/03\/Tour-Francia-3-681x463.jpg 681w\" sizes=\"auto, (max-width: 960px) 100vw, 960px\" \/><\/p>\n<p data-path-to-node=\"13\"><span data-path-to-node=\"13,0\">El pelot\u00f3n se despedir\u00e1 de Barcelona saliendo desde Granollers rumbo a los Pirineos.<\/span><span data-path-to-node=\"13,2\"> Atravesar\u00e1n el interior catal\u00e1n pasando por Vic y Ripoll, ascendiendo el Collado de Toses antes de cruzar la frontera hacia la Catalu\u00f1a francesa.<\/span><\/p>\n<h2 data-path-to-node=\"13\">Tour de Francia 2026<\/h2>\n<h2 data-path-to-node=\"15\">Un viaje en el tiempo: Cuando el Tour conquist\u00f3 Barcelona<\/h2>\n<p data-path-to-node=\"16\">Barcelona no es una desconocida para el Tour. Antes del 2026, la ciudad ha vibrado con la carrera en tres ocasiones memorables.<\/p>\n<h3 data-path-to-node=\"17\">1957: El debut y la tiran\u00eda de Anquetil<\/h3>\n<p data-path-to-node=\"18\"><img loading=\"lazy\" decoding=\"async\" class=\"aligncenter size-full wp-image-7431\" src=\"https:\/\/www.bicimarket.com\/blog\/wp-content\/uploads\/2026\/03\/Tour-de-francia-1957.jpg\" alt=\"\" width=\"381\" height=\"503\" srcset=\"https:\/\/www.bicimarket.com\/blog\/wp-content\/uploads\/2026\/03\/Tour-de-francia-1957.jpg 381w, https:\/\/www.bicimarket.com\/blog\/wp-content\/uploads\/2026\/03\/Tour-de-francia-1957-227x300.jpg 227w, https:\/\/www.bicimarket.com\/blog\/wp-content\/uploads\/2026\/03\/Tour-de-francia-1957-318x420.jpg 318w\" sizes=\"auto, (max-width: 381px) 100vw, 381px\" \/><\/p>\n<p data-path-to-node=\"18\"><span data-path-to-node=\"18,0\">El 12 de julio de 1957, el Tour cruz\u00f3 la frontera por primera vez para llegar a Barcelona.<\/span><span data-path-to-node=\"18,2\"> Fue una jornada de dos sectores:<\/span><\/p>\n<ul>\n<li data-path-to-node=\"19,0,0\"><span data-path-to-node=\"19,0,0,0\"><b data-path-to-node=\"19,0,0,0\" data-index-in-node=\"0\">Sector A:<\/b> Una etapa en l\u00ednea desde Perpi\u00f1\u00e1n ganada por Ren\u00e9 Privat.<\/span><\/li>\n<li data-path-to-node=\"19,1,0\"><span data-path-to-node=\"19,1,0,0\"><b data-path-to-node=\"19,1,0,0\" data-index-in-node=\"0\">Sector B:<\/b> Una crono individual de 9,8 km en Montju\u00efc donde un joven <b data-path-to-node=\"19,1,0,0\" data-index-in-node=\"68\">Jacques Anquetil<\/b> vol\u00f3 a una media de m\u00e1s de 40 km\/h para llevarse el triunfo y cimentar su primer maillot amarillo.<\/span><\/li>\n<\/ul>\n<h3 data-path-to-node=\"20\">1965: La gesta heroica de Jos\u00e9 P\u00e9rez Franc\u00e9s<\/h3>\n<p><img loading=\"lazy\" decoding=\"async\" class=\"aligncenter size-full wp-image-7433\" src=\"https:\/\/www.bicimarket.com\/blog\/wp-content\/uploads\/2026\/03\/20090709-19650702-Tour-PerezFrances.jpg\" alt=\"\" width=\"537\" height=\"653\" srcset=\"https:\/\/www.bicimarket.com\/blog\/wp-content\/uploads\/2026\/03\/20090709-19650702-Tour-PerezFrances.jpg 537w, https:\/\/www.bicimarket.com\/blog\/wp-content\/uploads\/2026\/03\/20090709-19650702-Tour-PerezFrances-247x300.jpg 247w, https:\/\/www.bicimarket.com\/blog\/wp-content\/uploads\/2026\/03\/20090709-19650702-Tour-PerezFrances-345x420.jpg 345w\" sizes=\"auto, (max-width: 537px) 100vw, 537px\" \/><\/p>\n<p data-path-to-node=\"21\"><span data-path-to-node=\"21,0\">Si hay una etapa grabada en el ADN ciclista de la ciudad es la del 2 de julio de 1965. <b data-path-to-node=\"21,0\" data-index-in-node=\"87\">Jos\u00e9 P\u00e9rez Franc\u00e9s<\/b>, c\u00e1ntabro de nacimiento pero barcelon\u00e9s de adopci\u00f3n, protagoniz\u00f3 una de las fugas m\u00e1s largas de la historia del Tour: <b data-path-to-node=\"21,0\" data-index-in-node=\"224\">210 kil\u00f3metros en solitario<\/b> desde Ax-les-Thermes.<\/span><\/p>\n<p data-path-to-node=\"22\"><span data-path-to-node=\"22,0\">P\u00e9rez Franc\u00e9s entr\u00f3 en Barcelona entre l\u00e1grimas, pasando por su barrio (el Poble Sec) y esquivando con maestr\u00eda los ra\u00edles del tranv\u00eda que entonces surcaban las calles, para acabar ganando en un Montju\u00efc absolutamente abarrotado.<\/span><span data-path-to-node=\"22,2\"> \u00a1Pura \u00e9pica de la vieja escuela!<\/span><\/p>\n<h3 data-path-to-node=\"23\">2009: El sprint bajo la lluvia de Hushovd<\/h3>\n<p data-path-to-node=\"24\"><img loading=\"lazy\" decoding=\"async\" class=\"aligncenter size-full wp-image-7435\" src=\"https:\/\/www.bicimarket.com\/blog\/wp-content\/uploads\/2026\/03\/Tour-Barcelona-2009_ok_0_11zon.jpg\" alt=\"\" width=\"1276\" height=\"849\" srcset=\"https:\/\/www.bicimarket.com\/blog\/wp-content\/uploads\/2026\/03\/Tour-Barcelona-2009_ok_0_11zon.jpg 1276w, https:\/\/www.bicimarket.com\/blog\/wp-content\/uploads\/2026\/03\/Tour-Barcelona-2009_ok_0_11zon-300x200.jpg 300w, https:\/\/www.bicimarket.com\/blog\/wp-content\/uploads\/2026\/03\/Tour-Barcelona-2009_ok_0_11zon-1024x681.jpg 1024w, https:\/\/www.bicimarket.com\/blog\/wp-content\/uploads\/2026\/03\/Tour-Barcelona-2009_ok_0_11zon-768x511.jpg 768w, https:\/\/www.bicimarket.com\/blog\/wp-content\/uploads\/2026\/03\/Tour-Barcelona-2009_ok_0_11zon-631x420.jpg 631w, https:\/\/www.bicimarket.com\/blog\/wp-content\/uploads\/2026\/03\/Tour-Barcelona-2009_ok_0_11zon-640x426.jpg 640w, https:\/\/www.bicimarket.com\/blog\/wp-content\/uploads\/2026\/03\/Tour-Barcelona-2009_ok_0_11zon-681x453.jpg 681w\" sizes=\"auto, (max-width: 1276px) 100vw, 1276px\" \/><\/p>\n<p data-path-to-node=\"24\"><span data-path-to-node=\"24,0\">Muchos recordar\u00e9is la \u00faltima visita hace ya 17 a\u00f1os. El 9 de julio de 2009, el Tour lleg\u00f3 desde Girona bajo una lluvia torrencial que convirti\u00f3 el asfalto de Barcelona en una pista de patinaje.<\/span><span data-path-to-node=\"24,2\"> David Millar estuvo a punto de culminar una fuga en solitario, pero fue cazado a solo <b data-path-to-node=\"24,2\" data-index-in-node=\"87\">1,2 km de meta<\/b>.<\/span><span data-path-to-node=\"24,4\"> En el duro repecho final de Montju\u00efc, el noruego <b data-path-to-node=\"24,4\" data-index-in-node=\"50\">Thor Hushovd<\/b> se impuso a los espa\u00f1oles \u00d3scar Freire y Jos\u00e9 Joaqu\u00edn Rojas en un sprint de fuerza bruta.<\/span><span data-path-to-node=\"24,6\"> Aquel a\u00f1o, un tal <b data-path-to-node=\"24,6\" data-index-in-node=\"19\">Alberto Contador<\/b> saldr\u00eda de Barcelona camino de su segundo t\u00edtulo en Par\u00eds.<\/span><\/p>\n<h2 data-path-to-node=\"26\">Gu\u00eda de supervivencia para el aficionado: \u00bfC\u00f3mo disfrutar del 2026?<\/h2>\n<p data-path-to-node=\"27\"><span data-path-to-node=\"27,0\">Organizar un Grand D\u00e9part no es moco de pavo. El Ayuntamiento de Barcelona ha invertido casi <b data-path-to-node=\"27,0\" data-index-in-node=\"93\">10 millones de euros<\/b> en el canon y las infraestructuras necesarias.<\/span><span data-path-to-node=\"27,2\"> Aqu\u00ed tienes unos consejos pr\u00e1cticos si piensas venir a verlo:<\/span><\/p>\n<ul>\n<li data-path-to-node=\"28,0,0\"><span data-path-to-node=\"28,0,0,0\"><b data-path-to-node=\"28,0,0,0\" data-index-in-node=\"0\">Antelaci\u00f3n m\u00e1xima:<\/b> Si quieres ver pasar al pelot\u00f3n en Montju\u00efc o la Sagrada Fam\u00edlia, llega con <b data-path-to-node=\"28,0,0,0\" data-index-in-node=\"95\">4 o 5 horas de antelaci\u00f3n<\/b>.<\/span><span data-path-to-node=\"28,0,0,2\"> Las calles se cortan mucho antes de que pase incluso la caravana publicitaria.<\/span><\/li>\n<li data-path-to-node=\"28,1,0\"><span data-path-to-node=\"28,1,0,0\"><b data-path-to-node=\"28,1,0,0\" data-index-in-node=\"0\">Log\u00edstica:<\/b> Olvida el coche. Barcelona aplicar\u00e1 restricciones severas de tr\u00e1fico (ZBE) y cortes en las arterias principales.<\/span><span data-path-to-node=\"28,1,0,2\"> La mejor opci\u00f3n es el <b data-path-to-node=\"28,1,0,2\" data-index-in-node=\"23\">Metro (L2 y L3)<\/b> para llegar a las zonas de meta en Montju\u00efc.<\/span><\/li>\n<li data-path-to-node=\"28,2,0\"><span data-path-to-node=\"28,2,0,0\"><b data-path-to-node=\"28,2,0,0\" data-index-in-node=\"0\">Qu\u00e9 llevar:<\/b> Gorra, protector solar y mucha agua. Si te instalas en una zona de vallas, vas a pasar muchas horas al sol.<\/span><span data-path-to-node=\"28,2,0,2\"> \u00a1No olvides la c\u00e1mara para inmortalizar a tus \u00eddolos!<\/span><\/li>\n<li data-path-to-node=\"28,3,0\"><span data-path-to-node=\"28,3,0,0\"><b data-path-to-node=\"28,3,0,0\" data-index-in-node=\"0\">La fiesta previa:<\/b> No te pierdas la <b data-path-to-node=\"28,3,0,0\" data-index-in-node=\"35\">Fiesta de los 100 d\u00edas<\/b> el 26 de marzo de 2026 en el Passeig Llu\u00eds Companys.<\/span><span data-path-to-node=\"28,3,0,2\"> Habr\u00e1 m\u00fasica de <b data-path-to-node=\"28,3,0,2\" data-index-in-node=\"17\">Doctor Prats<\/b> (autores del himno oficial \u00abEnergia!\u00bb) y actividades para los m\u00e1s peque\u00f1os.<\/span><\/li>\n<\/ul>\n<h2 data-path-to-node=\"30\">El legado del Tour de Francia 2026: M\u00e1s que una carrera<\/h2>\n<p data-path-to-node=\"31\"><span data-path-to-node=\"31,0\">El paso del Tour por Barcelona dejar\u00e1 una inversi\u00f3n de <b data-path-to-node=\"31,0\" data-index-in-node=\"55\">775.000 euros<\/b> destinados exclusivamente a la mejora de carriles bici, aparcamientos seguros y fomento de la movilidad sostenible.<\/span><span data-path-to-node=\"31,2\"> El objetivo es que, una vez que el podio de Par\u00eds se desmonte, Barcelona sea una ciudad a\u00fan mejor para nosotros, los ciclistas urbanos y de carretera.<\/span><\/p>\n<p data-path-to-node=\"32\">\u00bfY t\u00fa? \u00bfD\u00f3nde estar\u00e1s el 4 de julio de 2026? \u00a1Cu\u00e9ntanos en los comentarios cu\u00e1l es tu lugar favorito de Barcelona para ver pasar el Tour!<\/p>\n","protected":false},"excerpt":{"rendered":"<p>Descubre todo sobre el Grand D\u00e9part del Tour de Francia 2026 en Barcelona. Analizamos las etapas, el final en Montju\u00efc, consejos para fans y las leyendas hist\u00f3ricas de 1957, 1965 y 2009.<\/p>\n","protected":false},"author":1,"featured_media":7427,"comment_status":"open","ping_status":"open","sticky":false,"template":"","format":"standard","meta":{"_lmt_disableupdate":"","_lmt_disable":"","footnotes":""},"categories":[563,562],"tags":[],"class_list":["post-7425","post","type-post","status-publish","format-standard","has-post-thumbnail","hentry","category-competicion","category-novedades"],"yoast_head":"<!-- This site is optimized with the Yoast SEO plugin v27.5 - https:\/\/yoast.com\/product\/yoast-seo-wordpress\/ -->\n<title>Barcelona, empieza el Tour de Francia 2026 - El Blog de Bicimarket<\/title>\n<meta name=\"description\" content=\"Todo sobre el Grand D\u00e9part del Tour de Francia 2026 en Barcelona. Analizamos las etapas, el final en Montju\u00efc, consejos para fans y las leyendas hist\u00f3ricas.\" \/>\n<meta name=\"robots\" content=\"index, follow, max-snippet:-1, max-image-preview:large, max-video-preview:-1\" \/>\n<link rel=\"canonical\" href=\"https:\/\/www.bicimarket.com\/blog\/barcelona-empieza-el-tour-de-francia-2026\/\" \/>\n<meta property=\"og:locale\" content=\"es_ES\" \/>\n<meta property=\"og:type\" content=\"article\" \/>\n<meta property=\"og:title\" content=\"Barcelona, empieza el Tour de Francia 2026 - El Blog de Bicimarket\" \/>\n<meta property=\"og:description\" content=\"Todo sobre el Grand D\u00e9part del Tour de Francia 2026 en Barcelona. Analizamos las etapas, el final en Montju\u00efc, consejos para fans y las leyendas hist\u00f3ricas.\" \/>\n<meta property=\"og:url\" content=\"https:\/\/www.bicimarket.com\/blog\/barcelona-empieza-el-tour-de-francia-2026\/\" \/>\n<meta property=\"og:site_name\" content=\"El Blog de Bicimarket\" \/>\n<meta property=\"article:publisher\" content=\"https:\/\/www.facebook.com\/Bicimarketcom\/\" \/>\n<meta property=\"article:published_time\" content=\"2026-03-18T11:34:16+00:00\" \/>\n<meta property=\"og:image\" content=\"https:\/\/www.bicimarket.com\/blog\/wp-content\/uploads\/2026\/03\/Tour-de-francia-2026.png\" \/>\n\t<meta property=\"og:image:width\" content=\"739\" \/>\n\t<meta property=\"og:image:height\" content=\"428\" \/>\n\t<meta property=\"og:image:type\" content=\"image\/png\" \/>\n<meta name=\"author\" content=\"Bicimarket\" \/>\n<meta name=\"twitter:label1\" content=\"Escrito por\" \/>\n\t<meta name=\"twitter:data1\" content=\"Bicimarket\" \/>\n\t<meta name=\"twitter:label2\" content=\"Tiempo de lectura\" \/>\n\t<meta name=\"twitter:data2\" content=\"5 minutos\" \/>\n<script type=\"application\/ld+json\" class=\"yoast-schema-graph\">{\"@context\":\"https:\\\/\\\/schema.org\",\"@graph\":[{\"@type\":\"Article\",\"@id\":\"https:\\\/\\\/www.bicimarket.com\\\/blog\\\/barcelona-empieza-el-tour-de-francia-2026\\\/#article\",\"isPartOf\":{\"@id\":\"https:\\\/\\\/www.bicimarket.com\\\/blog\\\/barcelona-empieza-el-tour-de-francia-2026\\\/\"},\"author\":{\"name\":\"Bicimarket\",\"@id\":\"https:\\\/\\\/www.bicimarket.com\\\/blog\\\/#\\\/schema\\\/person\\\/66369cbf23f3079a722e74b04774561f\"},\"headline\":\"Barcelona, empieza el Tour de Francia 2026\",\"datePublished\":\"2026-03-18T11:34:16+00:00\",\"mainEntityOfPage\":{\"@id\":\"https:\\\/\\\/www.bicimarket.com\\\/blog\\\/barcelona-empieza-el-tour-de-francia-2026\\\/\"},\"wordCount\":1054,\"commentCount\":0,\"image\":{\"@id\":\"https:\\\/\\\/www.bicimarket.com\\\/blog\\\/barcelona-empieza-el-tour-de-francia-2026\\\/#primaryimage\"},\"thumbnailUrl\":\"https:\\\/\\\/www.bicimarket.com\\\/blog\\\/wp-content\\\/uploads\\\/2026\\\/03\\\/Tour-de-francia-2026.png\",\"articleSection\":[\"COMPETICI\u00d3N Y EVENTOS\",\"NOVEDADES\"],\"inLanguage\":\"es\",\"potentialAction\":[{\"@type\":\"CommentAction\",\"name\":\"Comment\",\"target\":[\"https:\\\/\\\/www.bicimarket.com\\\/blog\\\/barcelona-empieza-el-tour-de-francia-2026\\\/#respond\"]}]},{\"@type\":\"WebPage\",\"@id\":\"https:\\\/\\\/www.bicimarket.com\\\/blog\\\/barcelona-empieza-el-tour-de-francia-2026\\\/\",\"url\":\"https:\\\/\\\/www.bicimarket.com\\\/blog\\\/barcelona-empieza-el-tour-de-francia-2026\\\/\",\"name\":\"Barcelona, empieza el Tour de Francia 2026 - El Blog de Bicimarket\",\"isPartOf\":{\"@id\":\"https:\\\/\\\/www.bicimarket.com\\\/blog\\\/#website\"},\"primaryImageOfPage\":{\"@id\":\"https:\\\/\\\/www.bicimarket.com\\\/blog\\\/barcelona-empieza-el-tour-de-francia-2026\\\/#primaryimage\"},\"image\":{\"@id\":\"https:\\\/\\\/www.bicimarket.com\\\/blog\\\/barcelona-empieza-el-tour-de-francia-2026\\\/#primaryimage\"},\"thumbnailUrl\":\"https:\\\/\\\/www.bicimarket.com\\\/blog\\\/wp-content\\\/uploads\\\/2026\\\/03\\\/Tour-de-francia-2026.png\",\"datePublished\":\"2026-03-18T11:34:16+00:00\",\"author\":{\"@id\":\"https:\\\/\\\/www.bicimarket.com\\\/blog\\\/#\\\/schema\\\/person\\\/66369cbf23f3079a722e74b04774561f\"},\"description\":\"Todo sobre el Grand D\u00e9part del Tour de Francia 2026 en Barcelona. Analizamos las etapas, el final en Montju\u00efc, consejos para fans y las leyendas hist\u00f3ricas.\",\"breadcrumb\":{\"@id\":\"https:\\\/\\\/www.bicimarket.com\\\/blog\\\/barcelona-empieza-el-tour-de-francia-2026\\\/#breadcrumb\"},\"inLanguage\":\"es\",\"potentialAction\":[{\"@type\":\"ReadAction\",\"target\":[\"https:\\\/\\\/www.bicimarket.com\\\/blog\\\/barcelona-empieza-el-tour-de-francia-2026\\\/\"]}]},{\"@type\":\"ImageObject\",\"inLanguage\":\"es\",\"@id\":\"https:\\\/\\\/www.bicimarket.com\\\/blog\\\/barcelona-empieza-el-tour-de-francia-2026\\\/#primaryimage\",\"url\":\"https:\\\/\\\/www.bicimarket.com\\\/blog\\\/wp-content\\\/uploads\\\/2026\\\/03\\\/Tour-de-francia-2026.png\",\"contentUrl\":\"https:\\\/\\\/www.bicimarket.com\\\/blog\\\/wp-content\\\/uploads\\\/2026\\\/03\\\/Tour-de-francia-2026.png\",\"width\":739,\"height\":428},{\"@type\":\"BreadcrumbList\",\"@id\":\"https:\\\/\\\/www.bicimarket.com\\\/blog\\\/barcelona-empieza-el-tour-de-francia-2026\\\/#breadcrumb\",\"itemListElement\":[{\"@type\":\"ListItem\",\"position\":1,\"name\":\"Portada\",\"item\":\"https:\\\/\\\/www.bicimarket.com\\\/blog\\\/\"},{\"@type\":\"ListItem\",\"position\":2,\"name\":\"Barcelona, empieza el Tour de Francia 2026\"}]},{\"@type\":\"WebSite\",\"@id\":\"https:\\\/\\\/www.bicimarket.com\\\/blog\\\/#website\",\"url\":\"https:\\\/\\\/www.bicimarket.com\\\/blog\\\/\",\"name\":\"El Blog de Bicimarket\",\"description\":\"Nos apasiona el ciclismo \u00bfTe apuntas con nosotros?\",\"potentialAction\":[{\"@type\":\"SearchAction\",\"target\":{\"@type\":\"EntryPoint\",\"urlTemplate\":\"https:\\\/\\\/www.bicimarket.com\\\/blog\\\/?s={search_term_string}\"},\"query-input\":{\"@type\":\"PropertyValueSpecification\",\"valueRequired\":true,\"valueName\":\"search_term_string\"}}],\"inLanguage\":\"es\"},{\"@type\":\"Person\",\"@id\":\"https:\\\/\\\/www.bicimarket.com\\\/blog\\\/#\\\/schema\\\/person\\\/66369cbf23f3079a722e74b04774561f\",\"name\":\"Bicimarket\",\"image\":{\"@type\":\"ImageObject\",\"inLanguage\":\"es\",\"@id\":\"https:\\\/\\\/secure.gravatar.com\\\/avatar\\\/e6abd05c671a2d14ec3e9d2d25f2f0266e6e71f6609852e840b5447e5b18bcd5?s=96&d=mm&r=g\",\"url\":\"https:\\\/\\\/secure.gravatar.com\\\/avatar\\\/e6abd05c671a2d14ec3e9d2d25f2f0266e6e71f6609852e840b5447e5b18bcd5?s=96&d=mm&r=g\",\"contentUrl\":\"https:\\\/\\\/secure.gravatar.com\\\/avatar\\\/e6abd05c671a2d14ec3e9d2d25f2f0266e6e71f6609852e840b5447e5b18bcd5?s=96&d=mm&r=g\",\"caption\":\"Bicimarket\"},\"sameAs\":[\"https:\\\/\\\/www.bicimarket.com\\\/blog\\\/\"]}]}<\/script>\n<!-- \/ Yoast SEO plugin. -->","yoast_head_json":{"title":"Barcelona, empieza el Tour de Francia 2026 - El Blog de Bicimarket","description":"Todo sobre el Grand D\u00e9part del Tour de Francia 2026 en Barcelona. Analizamos las etapas, el final en Montju\u00efc, consejos para fans y las leyendas hist\u00f3ricas.","robots":{"index":"index","follow":"follow","max-snippet":"max-snippet:-1","max-image-preview":"max-image-preview:large","max-video-preview":"max-video-preview:-1"},"canonical":"https:\/\/www.bicimarket.com\/blog\/barcelona-empieza-el-tour-de-francia-2026\/","og_locale":"es_ES","og_type":"article","og_title":"Barcelona, empieza el Tour de Francia 2026 - El Blog de Bicimarket","og_description":"Todo sobre el Grand D\u00e9part del Tour de Francia 2026 en Barcelona. Analizamos las etapas, el final en Montju\u00efc, consejos para fans y las leyendas hist\u00f3ricas.","og_url":"https:\/\/www.bicimarket.com\/blog\/barcelona-empieza-el-tour-de-francia-2026\/","og_site_name":"El Blog de Bicimarket","article_publisher":"https:\/\/www.facebook.com\/Bicimarketcom\/","article_published_time":"2026-03-18T11:34:16+00:00","og_image":[{"width":739,"height":428,"url":"https:\/\/www.bicimarket.com\/blog\/wp-content\/uploads\/2026\/03\/Tour-de-francia-2026.png","type":"image\/png"}],"author":"Bicimarket","twitter_misc":{"Escrito por":"Bicimarket","Tiempo de lectura":"5 minutos"},"schema":{"@context":"https:\/\/schema.org","@graph":[{"@type":"Article","@id":"https:\/\/www.bicimarket.com\/blog\/barcelona-empieza-el-tour-de-francia-2026\/#article","isPartOf":{"@id":"https:\/\/www.bicimarket.com\/blog\/barcelona-empieza-el-tour-de-francia-2026\/"},"author":{"name":"Bicimarket","@id":"https:\/\/www.bicimarket.com\/blog\/#\/schema\/person\/66369cbf23f3079a722e74b04774561f"},"headline":"Barcelona, empieza el Tour de Francia 2026","datePublished":"2026-03-18T11:34:16+00:00","mainEntityOfPage":{"@id":"https:\/\/www.bicimarket.com\/blog\/barcelona-empieza-el-tour-de-francia-2026\/"},"wordCount":1054,"commentCount":0,"image":{"@id":"https:\/\/www.bicimarket.com\/blog\/barcelona-empieza-el-tour-de-francia-2026\/#primaryimage"},"thumbnailUrl":"https:\/\/www.bicimarket.com\/blog\/wp-content\/uploads\/2026\/03\/Tour-de-francia-2026.png","articleSection":["COMPETICI\u00d3N Y EVENTOS","NOVEDADES"],"inLanguage":"es","potentialAction":[{"@type":"CommentAction","name":"Comment","target":["https:\/\/www.bicimarket.com\/blog\/barcelona-empieza-el-tour-de-francia-2026\/#respond"]}]},{"@type":"WebPage","@id":"https:\/\/www.bicimarket.com\/blog\/barcelona-empieza-el-tour-de-francia-2026\/","url":"https:\/\/www.bicimarket.com\/blog\/barcelona-empieza-el-tour-de-francia-2026\/","name":"Barcelona, empieza el Tour de Francia 2026 - El Blog de Bicimarket","isPartOf":{"@id":"https:\/\/www.bicimarket.com\/blog\/#website"},"primaryImageOfPage":{"@id":"https:\/\/www.bicimarket.com\/blog\/barcelona-empieza-el-tour-de-francia-2026\/#primaryimage"},"image":{"@id":"https:\/\/www.bicimarket.com\/blog\/barcelona-empieza-el-tour-de-francia-2026\/#primaryimage"},"thumbnailUrl":"https:\/\/www.bicimarket.com\/blog\/wp-content\/uploads\/2026\/03\/Tour-de-francia-2026.png","datePublished":"2026-03-18T11:34:16+00:00","author":{"@id":"https:\/\/www.bicimarket.com\/blog\/#\/schema\/person\/66369cbf23f3079a722e74b04774561f"},"description":"Todo sobre el Grand D\u00e9part del Tour de Francia 2026 en Barcelona. Analizamos las etapas, el final en Montju\u00efc, consejos para fans y las leyendas hist\u00f3ricas.","breadcrumb":{"@id":"https:\/\/www.bicimarket.com\/blog\/barcelona-empieza-el-tour-de-francia-2026\/#breadcrumb"},"inLanguage":"es","potentialAction":[{"@type":"ReadAction","target":["https:\/\/www.bicimarket.com\/blog\/barcelona-empieza-el-tour-de-francia-2026\/"]}]},{"@type":"ImageObject","inLanguage":"es","@id":"https:\/\/www.bicimarket.com\/blog\/barcelona-empieza-el-tour-de-francia-2026\/#primaryimage","url":"https:\/\/www.bicimarket.com\/blog\/wp-content\/uploads\/2026\/03\/Tour-de-francia-2026.png","contentUrl":"https:\/\/www.bicimarket.com\/blog\/wp-content\/uploads\/2026\/03\/Tour-de-francia-2026.png","width":739,"height":428},{"@type":"BreadcrumbList","@id":"https:\/\/www.bicimarket.com\/blog\/barcelona-empieza-el-tour-de-francia-2026\/#breadcrumb","itemListElement":[{"@type":"ListItem","position":1,"name":"Portada","item":"https:\/\/www.bicimarket.com\/blog\/"},{"@type":"ListItem","position":2,"name":"Barcelona, empieza el Tour de Francia 2026"}]},{"@type":"WebSite","@id":"https:\/\/www.bicimarket.com\/blog\/#website","url":"https:\/\/www.bicimarket.com\/blog\/","name":"El Blog de Bicimarket","description":"Nos apasiona el ciclismo \u00bfTe apuntas con nosotros?","potentialAction":[{"@type":"SearchAction","target":{"@type":"EntryPoint","urlTemplate":"https:\/\/www.bicimarket.com\/blog\/?s={search_term_string}"},"query-input":{"@type":"PropertyValueSpecification","valueRequired":true,"valueName":"search_term_string"}}],"inLanguage":"es"},{"@type":"Person","@id":"https:\/\/www.bicimarket.com\/blog\/#\/schema\/person\/66369cbf23f3079a722e74b04774561f","name":"Bicimarket","image":{"@type":"ImageObject","inLanguage":"es","@id":"https:\/\/secure.gravatar.com\/avatar\/e6abd05c671a2d14ec3e9d2d25f2f0266e6e71f6609852e840b5447e5b18bcd5?s=96&d=mm&r=g","url":"https:\/\/secure.gravatar.com\/avatar\/e6abd05c671a2d14ec3e9d2d25f2f0266e6e71f6609852e840b5447e5b18bcd5?s=96&d=mm&r=g","contentUrl":"https:\/\/secure.gravatar.com\/avatar\/e6abd05c671a2d14ec3e9d2d25f2f0266e6e71f6609852e840b5447e5b18bcd5?s=96&d=mm&r=g","caption":"Bicimarket"},"sameAs":["https:\/\/www.bicimarket.com\/blog\/"]}]}},"modified_by":"Bicimarket","_links":{"self":[{"href":"https:\/\/www.bicimarket.com\/blog\/wp-json\/wp\/v2\/posts\/7425","targetHints":{"allow":["GET"]}}],"collection":[{"href":"https:\/\/www.bicimarket.com\/blog\/wp-json\/wp\/v2\/posts"}],"about":[{"href":"https:\/\/www.bicimarket.com\/blog\/wp-json\/wp\/v2\/types\/post"}],"author":[{"embeddable":true,"href":"https:\/\/www.bicimarket.com\/blog\/wp-json\/wp\/v2\/users\/1"}],"replies":[{"embeddable":true,"href":"https:\/\/www.bicimarket.com\/blog\/wp-json\/wp\/v2\/comments?post=7425"}],"version-history":[{"count":8,"href":"https:\/\/www.bicimarket.com\/blog\/wp-json\/wp\/v2\/posts\/7425\/revisions"}],"predecessor-version":[{"id":7441,"href":"https:\/\/www.bicimarket.com\/blog\/wp-json\/wp\/v2\/posts\/7425\/revisions\/7441"}],"wp:featuredmedia":[{"embeddable":true,"href":"https:\/\/www.bicimarket.com\/blog\/wp-json\/wp\/v2\/media\/7427"}],"wp:attachment":[{"href":"https:\/\/www.bicimarket.com\/blog\/wp-json\/wp\/v2\/media?parent=7425"}],"wp:term":[{"taxonomy":"category","embeddable":true,"href":"https:\/\/www.bicimarket.com\/blog\/wp-json\/wp\/v2\/categories?post=7425"},{"taxonomy":"post_tag","embeddable":true,"href":"https:\/\/www.bicimarket.com\/blog\/wp-json\/wp\/v2\/tags?post=7425"}],"curies":[{"name":"wp","href":"https:\/\/api.w.org\/{rel}","templated":true}]}}