{"id":7221,"date":"2026-01-23T15:38:47","date_gmt":"2026-01-23T14:38:47","guid":{"rendered":"https:\/\/www.bicimarket.com\/blog\/?p=7221"},"modified":"2026-01-23T15:38:47","modified_gmt":"2026-01-23T14:38:47","slug":"calendario-ciclista-2026","status":"publish","type":"post","link":"https:\/\/www.bicimarket.com\/blog\/calendario-ciclista-2026\/","title":{"rendered":"Calendario ciclista 2026"},"content":{"rendered":"<p data-path-to-node=\"3\">\u00a1Hola, amantes de las dos ruedas! Si pensabas que el 2024 y 2025 hab\u00edan puesto el list\u00f3n alto, prep\u00e1rate. El calendario de la <b data-path-to-node=\"3\" data-index-in-node=\"126\">UCI para 2026<\/b> viene con un aroma muy especial: el Mediterr\u00e1neo ser\u00e1 el gran protagonista.<\/p>\n<p data-path-to-node=\"4\">Desde la hist\u00f3rica salida del Tour en la Ciudad Condal hasta el final in\u00e9dito de La Vuelta en la Alhambra, 2026 promete ser un a\u00f1o para recordar. Saca la agenda y empieza a marcar estas fechas.<\/p>\n<hr data-path-to-node=\"5\" \/>\n<h2 data-path-to-node=\"6\">Las Tres Grandes: Territorios Inexplorados y Regresos \u00c9picos<\/h2>\n<p><img loading=\"lazy\" decoding=\"async\" class=\"aligncenter size-full wp-image-7284\" src=\"https:\/\/www.bicimarket.com\/blog\/wp-content\/uploads\/2026\/01\/ChatGPT-Image-30-oct-2025-01_52_07-a.m.png\" alt=\"\" width=\"1536\" height=\"1024\" srcset=\"https:\/\/www.bicimarket.com\/blog\/wp-content\/uploads\/2026\/01\/ChatGPT-Image-30-oct-2025-01_52_07-a.m.png 1536w, https:\/\/www.bicimarket.com\/blog\/wp-content\/uploads\/2026\/01\/ChatGPT-Image-30-oct-2025-01_52_07-a.m-300x200.png 300w, https:\/\/www.bicimarket.com\/blog\/wp-content\/uploads\/2026\/01\/ChatGPT-Image-30-oct-2025-01_52_07-a.m-1024x683.png 1024w, https:\/\/www.bicimarket.com\/blog\/wp-content\/uploads\/2026\/01\/ChatGPT-Image-30-oct-2025-01_52_07-a.m-768x512.png 768w, https:\/\/www.bicimarket.com\/blog\/wp-content\/uploads\/2026\/01\/ChatGPT-Image-30-oct-2025-01_52_07-a.m-630x420.png 630w, https:\/\/www.bicimarket.com\/blog\/wp-content\/uploads\/2026\/01\/ChatGPT-Image-30-oct-2025-01_52_07-a.m-640x427.png 640w, https:\/\/www.bicimarket.com\/blog\/wp-content\/uploads\/2026\/01\/ChatGPT-Image-30-oct-2025-01_52_07-a.m-681x454.png 681w\" sizes=\"auto, (max-width: 1536px) 100vw, 1536px\" \/><\/p>\n<p data-path-to-node=\"7\">Este a\u00f1o, las Grandes Vueltas han decidido apostar por la internacionalizaci\u00f3n y finales de infarto.<\/p>\n<h3 data-path-to-node=\"8\">Giro de Italia: El Salto a Bulgaria<\/h3>\n<p data-path-to-node=\"9\"><i data-path-to-node=\"9\" data-index-in-node=\"0\"><b data-path-to-node=\"9\" data-index-in-node=\"3\">8 al 31 de mayo<\/b><\/i> El Giro rompe moldes con una <i data-path-to-node=\"9\" data-index-in-node=\"48\">Grande Partenza<\/i> en <b data-path-to-node=\"9\" data-index-in-node=\"67\">Bulgaria<\/b> (Nessebar). Tras tres etapas en el este de Europa, la caravana volar\u00e1 al sur de Italia.<\/p>\n<ul>\n<li data-path-to-node=\"10,0,0\"><b data-path-to-node=\"10,0,0\" data-index-in-node=\"0\">Lo que no te puedes perder:<\/b> El bloque final en los <b data-path-to-node=\"10,0,0\" data-index-in-node=\"51\">Dolomitas<\/b>. Se rumorea que el Passo Gavia volver\u00e1 a ser juez de la carrera tras a\u00f1os de ausencia.<\/li>\n<\/ul>\n<h3>Tour de France: \u00a1Barcelona es Amarilla!<\/h3>\n<p data-path-to-node=\"12\"><i data-path-to-node=\"12\" data-index-in-node=\"0\"><b data-path-to-node=\"12\" data-index-in-node=\"3\">4 al 26 de julio<\/b><\/i> El <i data-path-to-node=\"12\" data-index-in-node=\"23\">Grand D\u00e9part<\/i> m\u00e1s esperado. Barcelona acoger\u00e1 las dos primeras etapas, incluyendo una <b data-path-to-node=\"12\" data-index-in-node=\"108\">Contrarreloj por Equipos<\/b> espectacular que recorrer\u00e1 los monumentos de la ciudad.<\/p>\n<ul>\n<li data-path-to-node=\"13,0,0\"><b data-path-to-node=\"13,0,0\" data-index-in-node=\"0\">El dato clave:<\/b> El <b data-path-to-node=\"13,0,0\" data-index-in-node=\"18\">Alpe d&#8217;Huez<\/b> vuelve por todo lo alto. La etapa 20 ser\u00e1 un homenaje al ciclismo cl\u00e1sico con un doble paso por sus 21 curvas antes del podio final en los Campos El\u00edseos.<\/li>\n<\/ul>\n<h3 data-path-to-node=\"14\">La Vuelta: De M\u00f3naco a la Alhambra<\/h3>\n<p data-path-to-node=\"15\"><i data-path-to-node=\"15\" data-index-in-node=\"0\"><b data-path-to-node=\"15\" data-index-in-node=\"3\">22 de agosto al 13 de septiembre<\/b><\/i> La Vuelta arranca en el lujo de <b data-path-to-node=\"15\" data-index-in-node=\"68\">M\u00f3naco<\/b> y termina con una postal de ensue\u00f1o en <b data-path-to-node=\"15\" data-index-in-node=\"114\">Granada<\/b>, frente a la Alhambra.<\/p>\n<ul>\n<li data-path-to-node=\"16,0,0\"><b data-path-to-node=\"16,0,0\" data-index-in-node=\"0\">Ojo a esto:<\/b> Veremos m\u00e1s <i data-path-to-node=\"16,0,0\" data-index-in-node=\"24\">sterrato<\/i> (tierra) que nunca y un final de etapa en el <b data-path-to-node=\"16,0,0\" data-index-in-node=\"78\">Collado del Alguacil<\/b>, un puerto que har\u00e1 que m\u00e1s de uno ponga pie en tierra.<\/li>\n<\/ul>\n<h2 data-path-to-node=\"18\">Los 5 Monumentos: El Olimpo del Ciclismo<\/h2>\n<p data-path-to-node=\"19\"><img loading=\"lazy\" decoding=\"async\" class=\"aligncenter size-full wp-image-7285\" src=\"https:\/\/www.bicimarket.com\/blog\/wp-content\/uploads\/2026\/01\/los-5-monumentos.png\" alt=\"\" width=\"640\" height=\"141\" srcset=\"https:\/\/www.bicimarket.com\/blog\/wp-content\/uploads\/2026\/01\/los-5-monumentos.png 640w, https:\/\/www.bicimarket.com\/blog\/wp-content\/uploads\/2026\/01\/los-5-monumentos-300x66.png 300w\" sizes=\"auto, (max-width: 640px) 100vw, 640px\" \/><\/p>\n<p data-path-to-node=\"19\">Si las Grandes Vueltas son novelas, los Monumentos son poemas \u00e9picos de un solo d\u00eda. Aqu\u00ed tienes las citas obligatorias:<\/p>\n<ol>\n<li data-path-to-node=\"20,0,0\"><b data-path-to-node=\"20,0,0\" data-index-in-node=\"0\">Mil\u00e1n-San Remo (21 de marzo):<\/b> La primavera llega con la carrera m\u00e1s larga del a\u00f1o. \u00bfSe decidir\u00e1 en el Poggio?<\/li>\n<li data-path-to-node=\"20,1,0\"><b data-path-to-node=\"20,1,0\" data-index-in-node=\"0\">Tour de Flandes (5 de abril):<\/b> Muros, pav\u00e9s y la locura de los aficionados belgas.<\/li>\n<li data-path-to-node=\"20,2,0\"><b data-path-to-node=\"20,2,0\" data-index-in-node=\"0\">Par\u00eds-Roubaix (12 de abril):<\/b> El \u00abInfierno del Norte\u00bb. El domingo de los adoquines rotos y las caras llenas de barro.<\/li>\n<li data-path-to-node=\"20,3,0\"><b data-path-to-node=\"20,3,0\" data-index-in-node=\"0\">Lieja-Basto\u00f1a-Lieja (26 de abril):<\/b> La carrera m\u00e1s antigua (La Decana). Un sube y baja constante por las Ardenas.<\/li>\n<li data-path-to-node=\"20,4,0\"><b data-path-to-node=\"20,4,0\" data-index-in-node=\"0\">Il Lombardia (10 de octubre):<\/b> El \u00faltimo gran baile. La cl\u00e1sica de las hojas muertas para los escaladores puros.<\/li>\n<\/ol>\n<hr data-path-to-node=\"21\" \/>\n<h2 data-path-to-node=\"22\">Otras citas que paralizar\u00e1n el mundo<\/h2>\n<p data-path-to-node=\"23\">No todo son Vueltas y Monumentos. Hay dos eventos que marcar\u00e1n el pico de forma de muchos corredores:<\/p>\n<ul>\n<li data-path-to-node=\"24,0,0\"><b data-path-to-node=\"24,0,0\" data-index-in-node=\"0\">Cl\u00e1sicas de las Ardenas (Abril):<\/b> La Amstel Gold Race y la Flecha Valona (con su temible Muro de Huy) ser\u00e1n el aperitivo perfecto para Lieja.<\/li>\n<li data-path-to-node=\"24,1,0\"><b data-path-to-node=\"24,1,0\" data-index-in-node=\"0\">Mundial de Ciclismo en Montreal (20-27 de septiembre):<\/b> Canad\u00e1 acoger\u00e1 la lucha por el maillot arco\u00edris en un circuito t\u00e9cnico y muy exigente.<\/li>\n<\/ul>\n<hr data-path-to-node=\"25\" \/>\n<h3 data-path-to-node=\"26\">Consejo Pro para 2026:<\/h3>\n<p data-path-to-node=\"27\">Si est\u00e1s planeando un viaje, el <b data-path-to-node=\"27\" data-index-in-node=\"32\">Tour en Barcelona<\/b> es la oportunidad de oro. Ver una contrarreloj por equipos en una ciudad tan ic\u00f3nica es algo que ocurre una vez cada d\u00e9cada. \u00a1Reserva alojamiento con tiempo!<\/p>\n","protected":false},"excerpt":{"rendered":"<p>Conoce las fechas mas importantes del calendario ciclista 2026, Giro, Tour, vuelta y los 5 monumentos de esta temporada<\/p>\n","protected":false},"author":1,"featured_media":7287,"comment_status":"open","ping_status":"open","sticky":false,"template":"","format":"standard","meta":{"_lmt_disableupdate":"","_lmt_disable":"","footnotes":""},"categories":[563,562],"tags":[],"class_list":["post-7221","post","type-post","status-publish","format-standard","has-post-thumbnail","hentry","category-competicion","category-novedades"],"yoast_head":"<!-- This site is optimized with the Yoast SEO plugin v27.4 - https:\/\/yoast.com\/product\/yoast-seo-wordpress\/ -->\n<title>Calendario ciclista 2026 - El Blog de Bicimarket<\/title>\n<meta name=\"description\" content=\"Conoce las fechas mas importantes del calendario ciclista 2026, Giro, Tour, vuelta y los 5 monumentos de esta temporada\" \/>\n<meta name=\"robots\" content=\"index, follow, max-snippet:-1, max-image-preview:large, max-video-preview:-1\" \/>\n<link rel=\"canonical\" href=\"https:\/\/www.bicimarket.com\/blog\/calendario-ciclista-2026\/\" \/>\n<meta property=\"og:locale\" content=\"es_ES\" \/>\n<meta property=\"og:type\" content=\"article\" \/>\n<meta property=\"og:title\" content=\"Calendario ciclista 2026 - El Blog de Bicimarket\" \/>\n<meta property=\"og:description\" content=\"Conoce las fechas mas importantes del calendario ciclista 2026, Giro, Tour, vuelta y los 5 monumentos de esta temporada\" \/>\n<meta property=\"og:url\" content=\"https:\/\/www.bicimarket.com\/blog\/calendario-ciclista-2026\/\" \/>\n<meta property=\"og:site_name\" content=\"El Blog de Bicimarket\" \/>\n<meta property=\"article:publisher\" content=\"https:\/\/www.facebook.com\/Bicimarketcom\/\" \/>\n<meta property=\"article:published_time\" content=\"2026-01-23T14:38:47+00:00\" \/>\n<meta property=\"og:image\" content=\"https:\/\/www.bicimarket.com\/blog\/wp-content\/uploads\/2026\/01\/pogacar.png\" \/>\n\t<meta property=\"og:image:width\" content=\"634\" \/>\n\t<meta property=\"og:image:height\" content=\"353\" \/>\n\t<meta property=\"og:image:type\" content=\"image\/png\" \/>\n<meta name=\"author\" content=\"Bicimarket\" \/>\n<meta name=\"twitter:label1\" content=\"Escrito por\" \/>\n\t<meta name=\"twitter:data1\" content=\"Bicimarket\" \/>\n\t<meta name=\"twitter:label2\" content=\"Tiempo de lectura\" \/>\n\t<meta name=\"twitter:data2\" content=\"3 minutos\" \/>\n<script type=\"application\/ld+json\" class=\"yoast-schema-graph\">{\"@context\":\"https:\\\/\\\/schema.org\",\"@graph\":[{\"@type\":\"Article\",\"@id\":\"https:\\\/\\\/www.bicimarket.com\\\/blog\\\/calendario-ciclista-2026\\\/#article\",\"isPartOf\":{\"@id\":\"https:\\\/\\\/www.bicimarket.com\\\/blog\\\/calendario-ciclista-2026\\\/\"},\"author\":{\"name\":\"Bicimarket\",\"@id\":\"https:\\\/\\\/www.bicimarket.com\\\/blog\\\/#\\\/schema\\\/person\\\/66369cbf23f3079a722e74b04774561f\"},\"headline\":\"Calendario ciclista 2026\",\"datePublished\":\"2026-01-23T14:38:47+00:00\",\"mainEntityOfPage\":{\"@id\":\"https:\\\/\\\/www.bicimarket.com\\\/blog\\\/calendario-ciclista-2026\\\/\"},\"wordCount\":553,\"commentCount\":0,\"image\":{\"@id\":\"https:\\\/\\\/www.bicimarket.com\\\/blog\\\/calendario-ciclista-2026\\\/#primaryimage\"},\"thumbnailUrl\":\"https:\\\/\\\/www.bicimarket.com\\\/blog\\\/wp-content\\\/uploads\\\/2026\\\/01\\\/pogacar.png\",\"articleSection\":[\"COMPETICI\u00d3N Y EVENTOS\",\"NOVEDADES\"],\"inLanguage\":\"es\",\"potentialAction\":[{\"@type\":\"CommentAction\",\"name\":\"Comment\",\"target\":[\"https:\\\/\\\/www.bicimarket.com\\\/blog\\\/calendario-ciclista-2026\\\/#respond\"]}]},{\"@type\":\"WebPage\",\"@id\":\"https:\\\/\\\/www.bicimarket.com\\\/blog\\\/calendario-ciclista-2026\\\/\",\"url\":\"https:\\\/\\\/www.bicimarket.com\\\/blog\\\/calendario-ciclista-2026\\\/\",\"name\":\"Calendario ciclista 2026 - El Blog de Bicimarket\",\"isPartOf\":{\"@id\":\"https:\\\/\\\/www.bicimarket.com\\\/blog\\\/#website\"},\"primaryImageOfPage\":{\"@id\":\"https:\\\/\\\/www.bicimarket.com\\\/blog\\\/calendario-ciclista-2026\\\/#primaryimage\"},\"image\":{\"@id\":\"https:\\\/\\\/www.bicimarket.com\\\/blog\\\/calendario-ciclista-2026\\\/#primaryimage\"},\"thumbnailUrl\":\"https:\\\/\\\/www.bicimarket.com\\\/blog\\\/wp-content\\\/uploads\\\/2026\\\/01\\\/pogacar.png\",\"datePublished\":\"2026-01-23T14:38:47+00:00\",\"author\":{\"@id\":\"https:\\\/\\\/www.bicimarket.com\\\/blog\\\/#\\\/schema\\\/person\\\/66369cbf23f3079a722e74b04774561f\"},\"description\":\"Conoce las fechas mas importantes del calendario ciclista 2026, Giro, Tour, vuelta y los 5 monumentos de esta temporada\",\"breadcrumb\":{\"@id\":\"https:\\\/\\\/www.bicimarket.com\\\/blog\\\/calendario-ciclista-2026\\\/#breadcrumb\"},\"inLanguage\":\"es\",\"potentialAction\":[{\"@type\":\"ReadAction\",\"target\":[\"https:\\\/\\\/www.bicimarket.com\\\/blog\\\/calendario-ciclista-2026\\\/\"]}]},{\"@type\":\"ImageObject\",\"inLanguage\":\"es\",\"@id\":\"https:\\\/\\\/www.bicimarket.com\\\/blog\\\/calendario-ciclista-2026\\\/#primaryimage\",\"url\":\"https:\\\/\\\/www.bicimarket.com\\\/blog\\\/wp-content\\\/uploads\\\/2026\\\/01\\\/pogacar.png\",\"contentUrl\":\"https:\\\/\\\/www.bicimarket.com\\\/blog\\\/wp-content\\\/uploads\\\/2026\\\/01\\\/pogacar.png\",\"width\":634,\"height\":353},{\"@type\":\"BreadcrumbList\",\"@id\":\"https:\\\/\\\/www.bicimarket.com\\\/blog\\\/calendario-ciclista-2026\\\/#breadcrumb\",\"itemListElement\":[{\"@type\":\"ListItem\",\"position\":1,\"name\":\"Portada\",\"item\":\"https:\\\/\\\/www.bicimarket.com\\\/blog\\\/\"},{\"@type\":\"ListItem\",\"position\":2,\"name\":\"Calendario ciclista 2026\"}]},{\"@type\":\"WebSite\",\"@id\":\"https:\\\/\\\/www.bicimarket.com\\\/blog\\\/#website\",\"url\":\"https:\\\/\\\/www.bicimarket.com\\\/blog\\\/\",\"name\":\"El Blog de Bicimarket\",\"description\":\"Nos apasiona el ciclismo \u00bfTe apuntas con nosotros?\",\"potentialAction\":[{\"@type\":\"SearchAction\",\"target\":{\"@type\":\"EntryPoint\",\"urlTemplate\":\"https:\\\/\\\/www.bicimarket.com\\\/blog\\\/?s={search_term_string}\"},\"query-input\":{\"@type\":\"PropertyValueSpecification\",\"valueRequired\":true,\"valueName\":\"search_term_string\"}}],\"inLanguage\":\"es\"},{\"@type\":\"Person\",\"@id\":\"https:\\\/\\\/www.bicimarket.com\\\/blog\\\/#\\\/schema\\\/person\\\/66369cbf23f3079a722e74b04774561f\",\"name\":\"Bicimarket\",\"image\":{\"@type\":\"ImageObject\",\"inLanguage\":\"es\",\"@id\":\"https:\\\/\\\/secure.gravatar.com\\\/avatar\\\/e6abd05c671a2d14ec3e9d2d25f2f0266e6e71f6609852e840b5447e5b18bcd5?s=96&d=mm&r=g\",\"url\":\"https:\\\/\\\/secure.gravatar.com\\\/avatar\\\/e6abd05c671a2d14ec3e9d2d25f2f0266e6e71f6609852e840b5447e5b18bcd5?s=96&d=mm&r=g\",\"contentUrl\":\"https:\\\/\\\/secure.gravatar.com\\\/avatar\\\/e6abd05c671a2d14ec3e9d2d25f2f0266e6e71f6609852e840b5447e5b18bcd5?s=96&d=mm&r=g\",\"caption\":\"Bicimarket\"},\"sameAs\":[\"https:\\\/\\\/www.bicimarket.com\\\/blog\\\/\"]}]}<\/script>\n<!-- \/ Yoast SEO plugin. -->","yoast_head_json":{"title":"Calendario ciclista 2026 - El Blog de Bicimarket","description":"Conoce las fechas mas importantes del calendario ciclista 2026, Giro, Tour, vuelta y los 5 monumentos de esta temporada","robots":{"index":"index","follow":"follow","max-snippet":"max-snippet:-1","max-image-preview":"max-image-preview:large","max-video-preview":"max-video-preview:-1"},"canonical":"https:\/\/www.bicimarket.com\/blog\/calendario-ciclista-2026\/","og_locale":"es_ES","og_type":"article","og_title":"Calendario ciclista 2026 - El Blog de Bicimarket","og_description":"Conoce las fechas mas importantes del calendario ciclista 2026, Giro, Tour, vuelta y los 5 monumentos de esta temporada","og_url":"https:\/\/www.bicimarket.com\/blog\/calendario-ciclista-2026\/","og_site_name":"El Blog de Bicimarket","article_publisher":"https:\/\/www.facebook.com\/Bicimarketcom\/","article_published_time":"2026-01-23T14:38:47+00:00","og_image":[{"width":634,"height":353,"url":"https:\/\/www.bicimarket.com\/blog\/wp-content\/uploads\/2026\/01\/pogacar.png","type":"image\/png"}],"author":"Bicimarket","twitter_misc":{"Escrito por":"Bicimarket","Tiempo de lectura":"3 minutos"},"schema":{"@context":"https:\/\/schema.org","@graph":[{"@type":"Article","@id":"https:\/\/www.bicimarket.com\/blog\/calendario-ciclista-2026\/#article","isPartOf":{"@id":"https:\/\/www.bicimarket.com\/blog\/calendario-ciclista-2026\/"},"author":{"name":"Bicimarket","@id":"https:\/\/www.bicimarket.com\/blog\/#\/schema\/person\/66369cbf23f3079a722e74b04774561f"},"headline":"Calendario ciclista 2026","datePublished":"2026-01-23T14:38:47+00:00","mainEntityOfPage":{"@id":"https:\/\/www.bicimarket.com\/blog\/calendario-ciclista-2026\/"},"wordCount":553,"commentCount":0,"image":{"@id":"https:\/\/www.bicimarket.com\/blog\/calendario-ciclista-2026\/#primaryimage"},"thumbnailUrl":"https:\/\/www.bicimarket.com\/blog\/wp-content\/uploads\/2026\/01\/pogacar.png","articleSection":["COMPETICI\u00d3N Y EVENTOS","NOVEDADES"],"inLanguage":"es","potentialAction":[{"@type":"CommentAction","name":"Comment","target":["https:\/\/www.bicimarket.com\/blog\/calendario-ciclista-2026\/#respond"]}]},{"@type":"WebPage","@id":"https:\/\/www.bicimarket.com\/blog\/calendario-ciclista-2026\/","url":"https:\/\/www.bicimarket.com\/blog\/calendario-ciclista-2026\/","name":"Calendario ciclista 2026 - El Blog de Bicimarket","isPartOf":{"@id":"https:\/\/www.bicimarket.com\/blog\/#website"},"primaryImageOfPage":{"@id":"https:\/\/www.bicimarket.com\/blog\/calendario-ciclista-2026\/#primaryimage"},"image":{"@id":"https:\/\/www.bicimarket.com\/blog\/calendario-ciclista-2026\/#primaryimage"},"thumbnailUrl":"https:\/\/www.bicimarket.com\/blog\/wp-content\/uploads\/2026\/01\/pogacar.png","datePublished":"2026-01-23T14:38:47+00:00","author":{"@id":"https:\/\/www.bicimarket.com\/blog\/#\/schema\/person\/66369cbf23f3079a722e74b04774561f"},"description":"Conoce las fechas mas importantes del calendario ciclista 2026, Giro, Tour, vuelta y los 5 monumentos de esta temporada","breadcrumb":{"@id":"https:\/\/www.bicimarket.com\/blog\/calendario-ciclista-2026\/#breadcrumb"},"inLanguage":"es","potentialAction":[{"@type":"ReadAction","target":["https:\/\/www.bicimarket.com\/blog\/calendario-ciclista-2026\/"]}]},{"@type":"ImageObject","inLanguage":"es","@id":"https:\/\/www.bicimarket.com\/blog\/calendario-ciclista-2026\/#primaryimage","url":"https:\/\/www.bicimarket.com\/blog\/wp-content\/uploads\/2026\/01\/pogacar.png","contentUrl":"https:\/\/www.bicimarket.com\/blog\/wp-content\/uploads\/2026\/01\/pogacar.png","width":634,"height":353},{"@type":"BreadcrumbList","@id":"https:\/\/www.bicimarket.com\/blog\/calendario-ciclista-2026\/#breadcrumb","itemListElement":[{"@type":"ListItem","position":1,"name":"Portada","item":"https:\/\/www.bicimarket.com\/blog\/"},{"@type":"ListItem","position":2,"name":"Calendario ciclista 2026"}]},{"@type":"WebSite","@id":"https:\/\/www.bicimarket.com\/blog\/#website","url":"https:\/\/www.bicimarket.com\/blog\/","name":"El Blog de Bicimarket","description":"Nos apasiona el ciclismo \u00bfTe apuntas con nosotros?","potentialAction":[{"@type":"SearchAction","target":{"@type":"EntryPoint","urlTemplate":"https:\/\/www.bicimarket.com\/blog\/?s={search_term_string}"},"query-input":{"@type":"PropertyValueSpecification","valueRequired":true,"valueName":"search_term_string"}}],"inLanguage":"es"},{"@type":"Person","@id":"https:\/\/www.bicimarket.com\/blog\/#\/schema\/person\/66369cbf23f3079a722e74b04774561f","name":"Bicimarket","image":{"@type":"ImageObject","inLanguage":"es","@id":"https:\/\/secure.gravatar.com\/avatar\/e6abd05c671a2d14ec3e9d2d25f2f0266e6e71f6609852e840b5447e5b18bcd5?s=96&d=mm&r=g","url":"https:\/\/secure.gravatar.com\/avatar\/e6abd05c671a2d14ec3e9d2d25f2f0266e6e71f6609852e840b5447e5b18bcd5?s=96&d=mm&r=g","contentUrl":"https:\/\/secure.gravatar.com\/avatar\/e6abd05c671a2d14ec3e9d2d25f2f0266e6e71f6609852e840b5447e5b18bcd5?s=96&d=mm&r=g","caption":"Bicimarket"},"sameAs":["https:\/\/www.bicimarket.com\/blog\/"]}]}},"modified_by":"Bicimarket","_links":{"self":[{"href":"https:\/\/www.bicimarket.com\/blog\/wp-json\/wp\/v2\/posts\/7221","targetHints":{"allow":["GET"]}}],"collection":[{"href":"https:\/\/www.bicimarket.com\/blog\/wp-json\/wp\/v2\/posts"}],"about":[{"href":"https:\/\/www.bicimarket.com\/blog\/wp-json\/wp\/v2\/types\/post"}],"author":[{"embeddable":true,"href":"https:\/\/www.bicimarket.com\/blog\/wp-json\/wp\/v2\/users\/1"}],"replies":[{"embeddable":true,"href":"https:\/\/www.bicimarket.com\/blog\/wp-json\/wp\/v2\/comments?post=7221"}],"version-history":[{"count":5,"href":"https:\/\/www.bicimarket.com\/blog\/wp-json\/wp\/v2\/posts\/7221\/revisions"}],"predecessor-version":[{"id":7292,"href":"https:\/\/www.bicimarket.com\/blog\/wp-json\/wp\/v2\/posts\/7221\/revisions\/7292"}],"wp:featuredmedia":[{"embeddable":true,"href":"https:\/\/www.bicimarket.com\/blog\/wp-json\/wp\/v2\/media\/7287"}],"wp:attachment":[{"href":"https:\/\/www.bicimarket.com\/blog\/wp-json\/wp\/v2\/media?parent=7221"}],"wp:term":[{"taxonomy":"category","embeddable":true,"href":"https:\/\/www.bicimarket.com\/blog\/wp-json\/wp\/v2\/categories?post=7221"},{"taxonomy":"post_tag","embeddable":true,"href":"https:\/\/www.bicimarket.com\/blog\/wp-json\/wp\/v2\/tags?post=7221"}],"curies":[{"name":"wp","href":"https:\/\/api.w.org\/{rel}","templated":true}]}}