{"id":7089,"date":"2025-10-14T09:50:33","date_gmt":"2025-10-14T08:50:33","guid":{"rendered":"https:\/\/www.bicimarket.com\/blog\/?p=7089"},"modified":"2025-10-14T09:50:33","modified_gmt":"2025-10-14T08:50:33","slug":"pedaleando-por-la-libertad","status":"publish","type":"post","link":"https:\/\/www.bicimarket.com\/blog\/pedaleando-por-la-libertad\/","title":{"rendered":"Pedaleando por la Libertad: el reto ciclista que transforma kil\u00f3metros en justicia"},"content":{"rendered":"<article>\n<h1>Pedaleando por la Libertad: el reto ciclista que transforma kil\u00f3metros en justicia<\/h1>\n<h2>Un evento virtual y solidario para decir NO a la trata de seres humanos<\/h2>\n<p>El pr\u00f3ximo <strong>20 y 21 de diciembre<\/strong> se celebra la primera edici\u00f3n de <strong>Pedaleando por la Libertad<\/strong>, un reto ciclista virtual impulsado por la ONG FIET con un objetivo claro: <strong>visibilizar y luchar contra la trata de seres humanos<\/strong>, una de las violaciones de derechos m\u00e1s invisibilizadas y extendidas del mundo.<\/p>\n<p>Desde <strong>Bicimarket<\/strong>, como patrocinadores del evento y empresa comprometida con el deporte como motor de cambio, te animamos a formar parte de esta iniciativa transformadora que une ciclismo y solidaridad.<\/p>\n<h2>\u00bfQu\u00e9 es \u201cPedaleando por la Libertad\u201d?<\/h2>\n<p>No es una carrera, ni una competici\u00f3n. Se trata de un <strong>reto virtual y libre<\/strong> en el que cada participante suma kil\u00f3metros desde donde quiera y como quiera: carretera, monta\u00f1a, ciudad, gravel, rodillo o incluso bicicleta est\u00e1tica. Puedes pedalear solo, en familia o con tu club ciclista.<\/p>\n<p>Cada kil\u00f3metro representa un paso simb\u00f3lico hacia la <strong>libertad de muchas mujeres v\u00edctimas de trata<\/strong>. Una forma de decir con tu pedaleo: <em>\u201cesto no puede seguir as\u00ed\u201d<\/em>.<\/p>\n<h2>\u00bfC\u00f3mo participar?<\/h2>\n<ul>\n<li>\ud83d\udcc6 <strong>Fechas:<\/strong> 20 y 21 de diciembre de 2025<\/li>\n<li>\ud83c\udf0d <strong>Lugar:<\/strong> \u00a1Desde cualquier parte de Espa\u00f1a (o del mundo)!<\/li>\n<li>\ud83d\udeb4\u200d\u2640\ufe0f <strong>Modalidad:<\/strong> Libre (carretera, MTB, indoor, gravel\u2026)<\/li>\n<li>\ud83c\udfbd <strong>Inscripci\u00f3n:<\/strong> Incluye un maillot conmemorativo<\/li>\n<li>\ud83d\udcec <strong>Entrega:<\/strong> A domicilio o puntos de recogida<\/li>\n<\/ul>\n<p>\ud83d\udc49 <a href=\"https:\/\/www.rockthesport.com\/es\/evento\/pedaleandoporlalibertad\" target=\"_blank\" rel=\"noopener\">Inscr\u00edbete aqu\u00ed<\/a><\/p>\n<h2><img loading=\"lazy\" decoding=\"async\" class=\"aligncenter wp-image-7093\" src=\"https:\/\/www.bicimarket.com\/blog\/wp-content\/uploads\/2025\/10\/feed-Pedaleando-por-la-Libertad.webp\" alt=\"I Pedaleando por la Libertad\" width=\"442\" height=\"553\" \/><\/h2>\n<h2>\u00bfPor qu\u00e9 apoyamos esta causa?<\/h2>\n<p>En Bicimarket creemos en un ciclismo que genera <strong>bienestar, salud, sostenibilidad\u2026 pero tambi\u00e9n conciencia social<\/strong>. Este evento refleja valores con los que nos identificamos: <strong>superaci\u00f3n, compromiso, solidaridad<\/strong>.<\/p>\n<p>Por eso, nos unimos a FIET y a la <strong>Fundaci\u00f3n Alberto Contador<\/strong>, que tambi\u00e9n respalda esta iniciativa, para amplificar el mensaje y sumar esfuerzos contra una realidad que no debe ser ignorada.<\/p>\n<h2>Cada kil\u00f3metro cuenta. S\u00famate al cambio.<\/h2>\n<p>Si te gusta el ciclismo y crees en su poder para transformar realidades, este evento es para ti.<br \/>\n<strong>Pedalea por quienes hoy no pueden hacerlo. Pedalea por la libertad.<\/strong><\/p>\n<p>\ud83c\udfbd Inscripciones abiertas hasta noviembre \u2192<br \/>\n\ud83d\udc49 <a href=\"https:\/\/www.rockthesport.com\/es\/evento\/pedaleandoporlalibertad\" target=\"_blank\" rel=\"noopener\">https:\/\/www.rockthesport.com\/es\/evento\/pedaleandoporlalibertad<\/a><\/p>\n<\/article>\n","protected":false},"excerpt":{"rendered":"<p>Participa en el reto ciclista virtual \u201cPedaleando por la Libertad\u201d los d\u00edas 20 y 21 de diciembre. Pedalea desde donde quieras y apoya una causa solidaria.<\/p>\n","protected":false},"author":1,"featured_media":7090,"comment_status":"open","ping_status":"open","sticky":false,"template":"","format":"standard","meta":{"_lmt_disableupdate":"","_lmt_disable":"","footnotes":""},"categories":[563],"tags":[],"class_list":["post-7089","post","type-post","status-publish","format-standard","has-post-thumbnail","hentry","category-competicion"],"yoast_head":"<!-- This site is optimized with the Yoast SEO plugin v27.4 - https:\/\/yoast.com\/product\/yoast-seo-wordpress\/ -->\n<title>Pedaleando por la Libertad \ud83d\udeb4 | Evento ciclista solidario virtual | Bicimarket<\/title>\n<meta name=\"description\" content=\"Participa en el reto ciclista virtual \u201cPedaleando por la Libertad\u201d los d\u00edas 20 y 21 de diciembre. Pedalea desde donde quieras y apoya una causa solidaria.\" \/>\n<meta name=\"robots\" content=\"index, follow, max-snippet:-1, max-image-preview:large, max-video-preview:-1\" \/>\n<link rel=\"canonical\" href=\"https:\/\/www.bicimarket.com\/blog\/pedaleando-por-la-libertad\/\" \/>\n<meta property=\"og:locale\" content=\"es_ES\" \/>\n<meta property=\"og:type\" content=\"article\" \/>\n<meta property=\"og:title\" content=\"Pedaleando por la Libertad \ud83d\udeb4 | Evento ciclista solidario virtual | Bicimarket\" \/>\n<meta property=\"og:description\" content=\"Participa en el reto ciclista virtual \u201cPedaleando por la Libertad\u201d los d\u00edas 20 y 21 de diciembre. Pedalea desde donde quieras y apoya una causa solidaria.\" \/>\n<meta property=\"og:url\" content=\"https:\/\/www.bicimarket.com\/blog\/pedaleando-por-la-libertad\/\" \/>\n<meta property=\"og:site_name\" content=\"El Blog de Bicimarket\" \/>\n<meta property=\"article:publisher\" content=\"https:\/\/www.facebook.com\/Bicimarketcom\/\" \/>\n<meta property=\"article:published_time\" content=\"2025-10-14T08:50:33+00:00\" \/>\n<meta property=\"og:image\" content=\"https:\/\/www.bicimarket.com\/blog\/wp-content\/uploads\/2025\/10\/Pedaleando-por-la-Libertad-Red.webp\" \/>\n\t<meta property=\"og:image:width\" content=\"1200\" \/>\n\t<meta property=\"og:image:height\" content=\"675\" \/>\n\t<meta property=\"og:image:type\" content=\"image\/webp\" \/>\n<meta name=\"author\" content=\"Bicimarket\" \/>\n<meta name=\"twitter:label1\" content=\"Escrito por\" \/>\n\t<meta name=\"twitter:data1\" content=\"Bicimarket\" \/>\n\t<meta name=\"twitter:label2\" content=\"Tiempo de lectura\" \/>\n\t<meta name=\"twitter:data2\" content=\"2 minutos\" \/>\n<script type=\"application\/ld+json\" class=\"yoast-schema-graph\">{\"@context\":\"https:\\\/\\\/schema.org\",\"@graph\":[{\"@type\":\"Article\",\"@id\":\"https:\\\/\\\/www.bicimarket.com\\\/blog\\\/pedaleando-por-la-libertad\\\/#article\",\"isPartOf\":{\"@id\":\"https:\\\/\\\/www.bicimarket.com\\\/blog\\\/pedaleando-por-la-libertad\\\/\"},\"author\":{\"name\":\"Bicimarket\",\"@id\":\"https:\\\/\\\/www.bicimarket.com\\\/blog\\\/#\\\/schema\\\/person\\\/66369cbf23f3079a722e74b04774561f\"},\"headline\":\"Pedaleando por la Libertad: el reto ciclista que transforma kil\u00f3metros en justicia\",\"datePublished\":\"2025-10-14T08:50:33+00:00\",\"mainEntityOfPage\":{\"@id\":\"https:\\\/\\\/www.bicimarket.com\\\/blog\\\/pedaleando-por-la-libertad\\\/\"},\"wordCount\":365,\"commentCount\":0,\"image\":{\"@id\":\"https:\\\/\\\/www.bicimarket.com\\\/blog\\\/pedaleando-por-la-libertad\\\/#primaryimage\"},\"thumbnailUrl\":\"https:\\\/\\\/www.bicimarket.com\\\/blog\\\/wp-content\\\/uploads\\\/2025\\\/10\\\/Pedaleando-por-la-Libertad-Red.webp\",\"articleSection\":[\"COMPETICI\u00d3N Y EVENTOS\"],\"inLanguage\":\"es\",\"potentialAction\":[{\"@type\":\"CommentAction\",\"name\":\"Comment\",\"target\":[\"https:\\\/\\\/www.bicimarket.com\\\/blog\\\/pedaleando-por-la-libertad\\\/#respond\"]}]},{\"@type\":\"WebPage\",\"@id\":\"https:\\\/\\\/www.bicimarket.com\\\/blog\\\/pedaleando-por-la-libertad\\\/\",\"url\":\"https:\\\/\\\/www.bicimarket.com\\\/blog\\\/pedaleando-por-la-libertad\\\/\",\"name\":\"Pedaleando por la Libertad \ud83d\udeb4 | Evento ciclista solidario virtual | Bicimarket\",\"isPartOf\":{\"@id\":\"https:\\\/\\\/www.bicimarket.com\\\/blog\\\/#website\"},\"primaryImageOfPage\":{\"@id\":\"https:\\\/\\\/www.bicimarket.com\\\/blog\\\/pedaleando-por-la-libertad\\\/#primaryimage\"},\"image\":{\"@id\":\"https:\\\/\\\/www.bicimarket.com\\\/blog\\\/pedaleando-por-la-libertad\\\/#primaryimage\"},\"thumbnailUrl\":\"https:\\\/\\\/www.bicimarket.com\\\/blog\\\/wp-content\\\/uploads\\\/2025\\\/10\\\/Pedaleando-por-la-Libertad-Red.webp\",\"datePublished\":\"2025-10-14T08:50:33+00:00\",\"author\":{\"@id\":\"https:\\\/\\\/www.bicimarket.com\\\/blog\\\/#\\\/schema\\\/person\\\/66369cbf23f3079a722e74b04774561f\"},\"description\":\"Participa en el reto ciclista virtual \u201cPedaleando por la Libertad\u201d los d\u00edas 20 y 21 de diciembre. Pedalea desde donde quieras y apoya una causa solidaria.\",\"breadcrumb\":{\"@id\":\"https:\\\/\\\/www.bicimarket.com\\\/blog\\\/pedaleando-por-la-libertad\\\/#breadcrumb\"},\"inLanguage\":\"es\",\"potentialAction\":[{\"@type\":\"ReadAction\",\"target\":[\"https:\\\/\\\/www.bicimarket.com\\\/blog\\\/pedaleando-por-la-libertad\\\/\"]}]},{\"@type\":\"ImageObject\",\"inLanguage\":\"es\",\"@id\":\"https:\\\/\\\/www.bicimarket.com\\\/blog\\\/pedaleando-por-la-libertad\\\/#primaryimage\",\"url\":\"https:\\\/\\\/www.bicimarket.com\\\/blog\\\/wp-content\\\/uploads\\\/2025\\\/10\\\/Pedaleando-por-la-Libertad-Red.webp\",\"contentUrl\":\"https:\\\/\\\/www.bicimarket.com\\\/blog\\\/wp-content\\\/uploads\\\/2025\\\/10\\\/Pedaleando-por-la-Libertad-Red.webp\",\"width\":1200,\"height\":675,\"caption\":\"Pedaleando por la Libertad\"},{\"@type\":\"BreadcrumbList\",\"@id\":\"https:\\\/\\\/www.bicimarket.com\\\/blog\\\/pedaleando-por-la-libertad\\\/#breadcrumb\",\"itemListElement\":[{\"@type\":\"ListItem\",\"position\":1,\"name\":\"Portada\",\"item\":\"https:\\\/\\\/www.bicimarket.com\\\/blog\\\/\"},{\"@type\":\"ListItem\",\"position\":2,\"name\":\"Pedaleando por la Libertad: el reto ciclista que transforma kil\u00f3metros en justicia\"}]},{\"@type\":\"WebSite\",\"@id\":\"https:\\\/\\\/www.bicimarket.com\\\/blog\\\/#website\",\"url\":\"https:\\\/\\\/www.bicimarket.com\\\/blog\\\/\",\"name\":\"El Blog de Bicimarket\",\"description\":\"Nos apasiona el ciclismo \u00bfTe apuntas con nosotros?\",\"potentialAction\":[{\"@type\":\"SearchAction\",\"target\":{\"@type\":\"EntryPoint\",\"urlTemplate\":\"https:\\\/\\\/www.bicimarket.com\\\/blog\\\/?s={search_term_string}\"},\"query-input\":{\"@type\":\"PropertyValueSpecification\",\"valueRequired\":true,\"valueName\":\"search_term_string\"}}],\"inLanguage\":\"es\"},{\"@type\":\"Person\",\"@id\":\"https:\\\/\\\/www.bicimarket.com\\\/blog\\\/#\\\/schema\\\/person\\\/66369cbf23f3079a722e74b04774561f\",\"name\":\"Bicimarket\",\"image\":{\"@type\":\"ImageObject\",\"inLanguage\":\"es\",\"@id\":\"https:\\\/\\\/secure.gravatar.com\\\/avatar\\\/e6abd05c671a2d14ec3e9d2d25f2f0266e6e71f6609852e840b5447e5b18bcd5?s=96&d=mm&r=g\",\"url\":\"https:\\\/\\\/secure.gravatar.com\\\/avatar\\\/e6abd05c671a2d14ec3e9d2d25f2f0266e6e71f6609852e840b5447e5b18bcd5?s=96&d=mm&r=g\",\"contentUrl\":\"https:\\\/\\\/secure.gravatar.com\\\/avatar\\\/e6abd05c671a2d14ec3e9d2d25f2f0266e6e71f6609852e840b5447e5b18bcd5?s=96&d=mm&r=g\",\"caption\":\"Bicimarket\"},\"sameAs\":[\"https:\\\/\\\/www.bicimarket.com\\\/blog\\\/\"]}]}<\/script>\n<!-- \/ Yoast SEO plugin. -->","yoast_head_json":{"title":"Pedaleando por la Libertad \ud83d\udeb4 | Evento ciclista solidario virtual | Bicimarket","description":"Participa en el reto ciclista virtual \u201cPedaleando por la Libertad\u201d los d\u00edas 20 y 21 de diciembre. Pedalea desde donde quieras y apoya una causa solidaria.","robots":{"index":"index","follow":"follow","max-snippet":"max-snippet:-1","max-image-preview":"max-image-preview:large","max-video-preview":"max-video-preview:-1"},"canonical":"https:\/\/www.bicimarket.com\/blog\/pedaleando-por-la-libertad\/","og_locale":"es_ES","og_type":"article","og_title":"Pedaleando por la Libertad \ud83d\udeb4 | Evento ciclista solidario virtual | Bicimarket","og_description":"Participa en el reto ciclista virtual \u201cPedaleando por la Libertad\u201d los d\u00edas 20 y 21 de diciembre. Pedalea desde donde quieras y apoya una causa solidaria.","og_url":"https:\/\/www.bicimarket.com\/blog\/pedaleando-por-la-libertad\/","og_site_name":"El Blog de Bicimarket","article_publisher":"https:\/\/www.facebook.com\/Bicimarketcom\/","article_published_time":"2025-10-14T08:50:33+00:00","og_image":[{"width":1200,"height":675,"url":"https:\/\/www.bicimarket.com\/blog\/wp-content\/uploads\/2025\/10\/Pedaleando-por-la-Libertad-Red.webp","type":"image\/webp"}],"author":"Bicimarket","twitter_misc":{"Escrito por":"Bicimarket","Tiempo de lectura":"2 minutos"},"schema":{"@context":"https:\/\/schema.org","@graph":[{"@type":"Article","@id":"https:\/\/www.bicimarket.com\/blog\/pedaleando-por-la-libertad\/#article","isPartOf":{"@id":"https:\/\/www.bicimarket.com\/blog\/pedaleando-por-la-libertad\/"},"author":{"name":"Bicimarket","@id":"https:\/\/www.bicimarket.com\/blog\/#\/schema\/person\/66369cbf23f3079a722e74b04774561f"},"headline":"Pedaleando por la Libertad: el reto ciclista que transforma kil\u00f3metros en justicia","datePublished":"2025-10-14T08:50:33+00:00","mainEntityOfPage":{"@id":"https:\/\/www.bicimarket.com\/blog\/pedaleando-por-la-libertad\/"},"wordCount":365,"commentCount":0,"image":{"@id":"https:\/\/www.bicimarket.com\/blog\/pedaleando-por-la-libertad\/#primaryimage"},"thumbnailUrl":"https:\/\/www.bicimarket.com\/blog\/wp-content\/uploads\/2025\/10\/Pedaleando-por-la-Libertad-Red.webp","articleSection":["COMPETICI\u00d3N Y EVENTOS"],"inLanguage":"es","potentialAction":[{"@type":"CommentAction","name":"Comment","target":["https:\/\/www.bicimarket.com\/blog\/pedaleando-por-la-libertad\/#respond"]}]},{"@type":"WebPage","@id":"https:\/\/www.bicimarket.com\/blog\/pedaleando-por-la-libertad\/","url":"https:\/\/www.bicimarket.com\/blog\/pedaleando-por-la-libertad\/","name":"Pedaleando por la Libertad \ud83d\udeb4 | Evento ciclista solidario virtual | Bicimarket","isPartOf":{"@id":"https:\/\/www.bicimarket.com\/blog\/#website"},"primaryImageOfPage":{"@id":"https:\/\/www.bicimarket.com\/blog\/pedaleando-por-la-libertad\/#primaryimage"},"image":{"@id":"https:\/\/www.bicimarket.com\/blog\/pedaleando-por-la-libertad\/#primaryimage"},"thumbnailUrl":"https:\/\/www.bicimarket.com\/blog\/wp-content\/uploads\/2025\/10\/Pedaleando-por-la-Libertad-Red.webp","datePublished":"2025-10-14T08:50:33+00:00","author":{"@id":"https:\/\/www.bicimarket.com\/blog\/#\/schema\/person\/66369cbf23f3079a722e74b04774561f"},"description":"Participa en el reto ciclista virtual \u201cPedaleando por la Libertad\u201d los d\u00edas 20 y 21 de diciembre. Pedalea desde donde quieras y apoya una causa solidaria.","breadcrumb":{"@id":"https:\/\/www.bicimarket.com\/blog\/pedaleando-por-la-libertad\/#breadcrumb"},"inLanguage":"es","potentialAction":[{"@type":"ReadAction","target":["https:\/\/www.bicimarket.com\/blog\/pedaleando-por-la-libertad\/"]}]},{"@type":"ImageObject","inLanguage":"es","@id":"https:\/\/www.bicimarket.com\/blog\/pedaleando-por-la-libertad\/#primaryimage","url":"https:\/\/www.bicimarket.com\/blog\/wp-content\/uploads\/2025\/10\/Pedaleando-por-la-Libertad-Red.webp","contentUrl":"https:\/\/www.bicimarket.com\/blog\/wp-content\/uploads\/2025\/10\/Pedaleando-por-la-Libertad-Red.webp","width":1200,"height":675,"caption":"Pedaleando por la Libertad"},{"@type":"BreadcrumbList","@id":"https:\/\/www.bicimarket.com\/blog\/pedaleando-por-la-libertad\/#breadcrumb","itemListElement":[{"@type":"ListItem","position":1,"name":"Portada","item":"https:\/\/www.bicimarket.com\/blog\/"},{"@type":"ListItem","position":2,"name":"Pedaleando por la Libertad: el reto ciclista que transforma kil\u00f3metros en justicia"}]},{"@type":"WebSite","@id":"https:\/\/www.bicimarket.com\/blog\/#website","url":"https:\/\/www.bicimarket.com\/blog\/","name":"El Blog de Bicimarket","description":"Nos apasiona el ciclismo \u00bfTe apuntas con nosotros?","potentialAction":[{"@type":"SearchAction","target":{"@type":"EntryPoint","urlTemplate":"https:\/\/www.bicimarket.com\/blog\/?s={search_term_string}"},"query-input":{"@type":"PropertyValueSpecification","valueRequired":true,"valueName":"search_term_string"}}],"inLanguage":"es"},{"@type":"Person","@id":"https:\/\/www.bicimarket.com\/blog\/#\/schema\/person\/66369cbf23f3079a722e74b04774561f","name":"Bicimarket","image":{"@type":"ImageObject","inLanguage":"es","@id":"https:\/\/secure.gravatar.com\/avatar\/e6abd05c671a2d14ec3e9d2d25f2f0266e6e71f6609852e840b5447e5b18bcd5?s=96&d=mm&r=g","url":"https:\/\/secure.gravatar.com\/avatar\/e6abd05c671a2d14ec3e9d2d25f2f0266e6e71f6609852e840b5447e5b18bcd5?s=96&d=mm&r=g","contentUrl":"https:\/\/secure.gravatar.com\/avatar\/e6abd05c671a2d14ec3e9d2d25f2f0266e6e71f6609852e840b5447e5b18bcd5?s=96&d=mm&r=g","caption":"Bicimarket"},"sameAs":["https:\/\/www.bicimarket.com\/blog\/"]}]}},"modified_by":"Bicimarket","_links":{"self":[{"href":"https:\/\/www.bicimarket.com\/blog\/wp-json\/wp\/v2\/posts\/7089","targetHints":{"allow":["GET"]}}],"collection":[{"href":"https:\/\/www.bicimarket.com\/blog\/wp-json\/wp\/v2\/posts"}],"about":[{"href":"https:\/\/www.bicimarket.com\/blog\/wp-json\/wp\/v2\/types\/post"}],"author":[{"embeddable":true,"href":"https:\/\/www.bicimarket.com\/blog\/wp-json\/wp\/v2\/users\/1"}],"replies":[{"embeddable":true,"href":"https:\/\/www.bicimarket.com\/blog\/wp-json\/wp\/v2\/comments?post=7089"}],"version-history":[{"count":1,"href":"https:\/\/www.bicimarket.com\/blog\/wp-json\/wp\/v2\/posts\/7089\/revisions"}],"predecessor-version":[{"id":7094,"href":"https:\/\/www.bicimarket.com\/blog\/wp-json\/wp\/v2\/posts\/7089\/revisions\/7094"}],"wp:featuredmedia":[{"embeddable":true,"href":"https:\/\/www.bicimarket.com\/blog\/wp-json\/wp\/v2\/media\/7090"}],"wp:attachment":[{"href":"https:\/\/www.bicimarket.com\/blog\/wp-json\/wp\/v2\/media?parent=7089"}],"wp:term":[{"taxonomy":"category","embeddable":true,"href":"https:\/\/www.bicimarket.com\/blog\/wp-json\/wp\/v2\/categories?post=7089"},{"taxonomy":"post_tag","embeddable":true,"href":"https:\/\/www.bicimarket.com\/blog\/wp-json\/wp\/v2\/tags?post=7089"}],"curies":[{"name":"wp","href":"https:\/\/api.w.org\/{rel}","templated":true}]}}