{"id":7034,"date":"2025-08-18T14:12:15","date_gmt":"2025-08-18T13:12:15","guid":{"rendered":"https:\/\/www.bicimarket.com\/blog\/?p=7034"},"modified":"2025-08-18T15:53:12","modified_gmt":"2025-08-18T14:53:12","slug":"vuelta-espana-2025-recorrido-favoritos","status":"publish","type":"post","link":"https:\/\/www.bicimarket.com\/blog\/vuelta-espana-2025-recorrido-favoritos\/","title":{"rendered":"Vuelta a Espa\u00f1a 2025: recorrido, etapas y favoritos al t\u00edtulo"},"content":{"rendered":"<h1>Vuelta a Espa\u00f1a 2025: recorrido, etapas clave y favoritos al t\u00edtulo<\/h1>\n<p>La <strong>Vuelta a Espa\u00f1a 2025<\/strong>, que se disputar\u00e1 del <strong>23 de agosto al 14 de septiembre<\/strong>, promete ser una de las ediciones m\u00e1s espectaculares de los \u00faltimos a\u00f1os. Con <strong>21 etapas<\/strong> y un total de <strong>3.151 kil\u00f3metros<\/strong>, la 90\u00aa edici\u00f3n de la ronda espa\u00f1ola llega cargada de emoci\u00f3n, monta\u00f1a y duelos entre los mejores ciclistas del pelot\u00f3n internacional. M\u00e1s detalles en la <a href=\"https:\/\/www.lavuelta.es\" target=\"_blank\" rel=\"noopener noreferrer\">web oficial de La Vuelta<\/a>.<\/p>\n<p>En este art\u00edculo encontrar\u00e1s un an\u00e1lisis completo del <strong>recorrido<\/strong>, las <strong>etapas decisivas<\/strong> y los <strong>favoritos al maillot rojo<\/strong>, adem\u00e1s de una mirada al papel de los equipos y las bicicletas que veremos en acci\u00f3n.<\/p>\n<hr \/>\n<h2>Recorrido Vuelta a Espa\u00f1a 2025: etapas para todos los perfiles<\/h2>\n<p>La gran novedad de esta edici\u00f3n ser\u00e1 su <strong>hist\u00f3rica salida desde Italia<\/strong>, en la regi\u00f3n de <strong>Piamonte<\/strong>. Tras unos d\u00edas en territorio italiano y franc\u00e9s, la carrera cruzar\u00e1 los Pirineos para adentrarse en la pen\u00ednsula y afrontar sus cl\u00e1sicas etapas de monta\u00f1a.<\/p>\n<p>El dise\u00f1o del recorrido busca mantener la tensi\u00f3n hasta el \u00faltimo d\u00eda, con terreno para sprinters, escaladores y especialistas en la contrarreloj.<\/p>\n<table border=\"1\" cellspacing=\"0\" cellpadding=\"5\">\n<tbody>\n<tr>\n<th>Tipo de etapa<\/th>\n<th>Cantidad<\/th>\n<th>Ejemplo destacado<\/th>\n<\/tr>\n<tr>\n<td>Llanas<\/td>\n<td>4<\/td>\n<td>Oportunidades para sprinters en la 1\u00aa semana<\/td>\n<\/tr>\n<tr>\n<td>Accidentadas<\/td>\n<td>10<\/td>\n<td>Finales en alto y media monta\u00f1a<\/td>\n<\/tr>\n<tr>\n<td>Monta\u00f1a<\/td>\n<td>5<\/td>\n<td>Angliru, La Farrapona, Bola del Mundo<\/td>\n<\/tr>\n<tr>\n<td>Contrarreloj por equipos (CRE)<\/td>\n<td>1<\/td>\n<td>Etapa 5 \u2013 Figueres<\/td>\n<\/tr>\n<tr>\n<td>Contrarreloj individual (CRI)<\/td>\n<td>1<\/td>\n<td>Etapa 18 \u2013 Valladolid<\/td>\n<\/tr>\n<\/tbody>\n<\/table>\n<hr \/>\n<h2>Etapas decisivas de la Vuelta 2025<\/h2>\n<ul>\n<li><strong>Etapa 5 (Figueres &gt; Figueres, CRE):<\/strong> t\u00e9cnica y estrat\u00e9gica, marcar\u00e1 las primeras diferencias.<\/li>\n<li><strong>Etapa 13 (Cabez\u00f3n de la Sal &gt; L\u2019Angliru):<\/strong> el m\u00edtico puerto asturiano vuelve con sus rampas imposibles.<\/li>\n<li><strong>Etapa 14 (Avil\u00e9s &gt; La Farrapona):<\/strong> un final en alto dur\u00edsimo que pondr\u00e1 a prueba a los l\u00edderes.<\/li>\n<li><strong>Etapa 18 (Valladolid &gt; Valladolid, CRI):<\/strong> una crono que puede decidir el podio en la \u00faltima semana.<\/li>\n<li><strong>Etapa 20 (Robledo de Chavela &gt; Bola del Mundo):<\/strong> la etapa reina, con m\u00e1s de 4.200 m de desnivel, \u00faltima oportunidad para coronarse.<\/li>\n<\/ul>\n<hr \/>\n<h2>Favoritos al maillot rojo<\/h2>\n<p>La ausencia de Tadej Poga\u010dar abre el abanico para un duelo apasionante:<\/p>\n<ul>\n<li><strong>Jonas Vingegaard (Visma | Lease a Bike):<\/strong> gran favorito por su capacidad de escalada y la solidez de su equipo.<\/li>\n<li><strong>Juan Ayuso y Jo\u00e3o Almeida (UAE Team Emirates):<\/strong> una dupla formidable; Ayuso llega en clara progresi\u00f3n y Almeida es uno de los mejores croners del pelot\u00f3n.<\/li>\n<li><strong>Richard Carapaz (EF Education-EasyPost):<\/strong> escalador agresivo, perfecto para atacar en monta\u00f1a.<\/li>\n<li><strong>Otros nombres a seguir:<\/strong> Giulio Ciccone (Lidl-Trek), Mikel Landa (Soudal Quick-Step), Derek Gee (Israel-Premier Tech) o Matteo Jorgenson (Visma | Lease a Bike).<\/li>\n<\/ul>\n<hr \/>\n<h2>Clasificaciones secundarias<\/h2>\n<ul>\n<li><strong>Maillot verde (puntos):<\/strong> Mads Pedersen, Ethan Vernon o Elia Viviani se jugar\u00e1n los sprints.<\/li>\n<li><strong>Maillot de la monta\u00f1a:<\/strong> favoritos de la general como Carapaz o Landa podr\u00edan pelearlo.<\/li>\n<li><strong>Maillot blanco (j\u00f3venes):<\/strong> Juan Ayuso parte como principal candidato, aunque Lipowitz o Pellizzari tambi\u00e9n aspiran.<\/li>\n<\/ul>\n<hr \/>\n<h2>Equipos y bicicletas protagonistas<\/h2>\n<p>La <strong>Vuelta 2025<\/strong> contar\u00e1 con <strong>18 UCI WorldTeams y 5 ProTeams invitados<\/strong>. Adem\u00e1s de la lucha deportiva, veremos un escaparate de <strong>tecnolog\u00eda y bicicletas de \u00faltima generaci\u00f3n<\/strong>:<\/p>\n<ul>\n<li><strong>BH Bikes, Merida, KTM o Canyon<\/strong> ser\u00e1n algunas de las marcas en competici\u00f3n.<\/li>\n<li><strong>Shimano<\/strong> seguir\u00e1 siendo referente en transmisiones y potenci\u00f3metros.<\/li>\n<li>Marcas de equipamiento como <strong>Gobik, Spiuk o Endura<\/strong> vestir\u00e1n al pelot\u00f3n.<\/li>\n<\/ul>\n<p>\ud83d\udc49 En Bicimarket puedes encontrar <a href=\"https:\/\/www.bicimarket.com\/es\/366-carretera\" target=\"_blank\" rel=\"noopener\">bicicletas de carretera<\/a> de primeras marcas, adem\u00e1s de <a href=\"https:\/\/www.bicimarket.com\/es\/33-equipamiento\" target=\"_blank\" rel=\"noopener\">equipamiento ciclista<\/a> para vivir la Vuelta como los profesionales.<\/p>\n<hr \/>\n<h2>Conclusi\u00f3n<\/h2>\n<p>Con un recorrido exigente, etapas m\u00edticas y un cartel de favoritos de primer nivel, la <strong>Vuelta a Espa\u00f1a 2025<\/strong> promete ser una edici\u00f3n hist\u00f3rica. Desde la salida en Italia hasta la coronaci\u00f3n en Madrid, cada kil\u00f3metro estar\u00e1 cargado de emoci\u00f3n.<\/p>\n<p>\u26a1 <strong>Equ\u00edpate como los profesionales<\/strong>: Encuentra todo lo que necesites para continuar con tu pasi\u00f3n en nuestra web <a href=\"http:\/\/bicimarket.com\" target=\"_blank\" rel=\"noopener\">Bicimarket.com<\/a><\/p>\n","protected":false},"excerpt":{"rendered":"<p>La Vuelta a Espa\u00f1a 2025 recorrer\u00e1 3.151 km en 21 etapas. Conoce su recorrido, las etapas clave y los favoritos al maillot rojo.<\/p>\n","protected":false},"author":1,"featured_media":7035,"comment_status":"open","ping_status":"open","sticky":false,"template":"","format":"standard","meta":{"_lmt_disableupdate":"","_lmt_disable":"","footnotes":""},"categories":[563],"tags":[],"class_list":["post-7034","post","type-post","status-publish","format-standard","has-post-thumbnail","hentry","category-competicion"],"yoast_head":"<!-- This site is optimized with the Yoast SEO plugin v27.4 - https:\/\/yoast.com\/product\/yoast-seo-wordpress\/ -->\n<title>Vuelta a Espa\u00f1a 2025: recorrido, etapas clave y favoritos al t\u00edtulo<\/title>\n<meta name=\"description\" content=\"Prep\u00e1rate para la Vuelta a Espa\u00f1a 2025. Descubre el an\u00e1lisis completo de la ruta, los grandes favoritos las etapas clave y mucho m\u00e1s.\" \/>\n<meta name=\"robots\" content=\"index, follow, max-snippet:-1, max-image-preview:large, max-video-preview:-1\" \/>\n<link rel=\"canonical\" href=\"https:\/\/www.bicimarket.com\/blog\/vuelta-espana-2025-recorrido-favoritos\/\" \/>\n<meta property=\"og:locale\" content=\"es_ES\" \/>\n<meta property=\"og:type\" content=\"article\" \/>\n<meta property=\"og:title\" content=\"Vuelta a Espa\u00f1a 2025: recorrido, etapas clave y favoritos al t\u00edtulo\" \/>\n<meta property=\"og:description\" content=\"Prep\u00e1rate para la Vuelta a Espa\u00f1a 2025. Descubre el an\u00e1lisis completo de la ruta, los grandes favoritos las etapas clave y mucho m\u00e1s.\" \/>\n<meta property=\"og:url\" content=\"https:\/\/www.bicimarket.com\/blog\/vuelta-espana-2025-recorrido-favoritos\/\" \/>\n<meta property=\"og:site_name\" content=\"El Blog de Bicimarket\" \/>\n<meta property=\"article:publisher\" content=\"https:\/\/www.facebook.com\/Bicimarketcom\/\" \/>\n<meta property=\"article:published_time\" content=\"2025-08-18T13:12:15+00:00\" \/>\n<meta property=\"article:modified_time\" content=\"2025-08-18T14:53:12+00:00\" \/>\n<meta property=\"og:image\" content=\"https:\/\/www.bicimarket.com\/blog\/wp-content\/uploads\/2025\/08\/Gemini_Generated_Image_xqfxlsxqfxlsxqfx_11zon.webp\" \/>\n\t<meta property=\"og:image:width\" content=\"958\" \/>\n\t<meta property=\"og:image:height\" content=\"958\" \/>\n\t<meta property=\"og:image:type\" content=\"image\/webp\" \/>\n<meta name=\"author\" content=\"Bicimarket\" \/>\n<meta name=\"twitter:label1\" content=\"Escrito por\" \/>\n\t<meta name=\"twitter:data1\" content=\"Bicimarket\" \/>\n\t<meta name=\"twitter:label2\" content=\"Tiempo de lectura\" \/>\n\t<meta name=\"twitter:data2\" content=\"3 minutos\" \/>\n<script type=\"application\/ld+json\" class=\"yoast-schema-graph\">{\"@context\":\"https:\\\/\\\/schema.org\",\"@graph\":[{\"@type\":\"Article\",\"@id\":\"https:\\\/\\\/www.bicimarket.com\\\/blog\\\/vuelta-espana-2025-recorrido-favoritos\\\/#article\",\"isPartOf\":{\"@id\":\"https:\\\/\\\/www.bicimarket.com\\\/blog\\\/vuelta-espana-2025-recorrido-favoritos\\\/\"},\"author\":{\"name\":\"Bicimarket\",\"@id\":\"https:\\\/\\\/www.bicimarket.com\\\/blog\\\/#\\\/schema\\\/person\\\/66369cbf23f3079a722e74b04774561f\"},\"headline\":\"Vuelta a Espa\u00f1a 2025: recorrido, etapas y favoritos al t\u00edtulo\",\"datePublished\":\"2025-08-18T13:12:15+00:00\",\"dateModified\":\"2025-08-18T14:53:12+00:00\",\"mainEntityOfPage\":{\"@id\":\"https:\\\/\\\/www.bicimarket.com\\\/blog\\\/vuelta-espana-2025-recorrido-favoritos\\\/\"},\"wordCount\":662,\"commentCount\":0,\"image\":{\"@id\":\"https:\\\/\\\/www.bicimarket.com\\\/blog\\\/vuelta-espana-2025-recorrido-favoritos\\\/#primaryimage\"},\"thumbnailUrl\":\"https:\\\/\\\/www.bicimarket.com\\\/blog\\\/wp-content\\\/uploads\\\/2025\\\/08\\\/Gemini_Generated_Image_xqfxlsxqfxlsxqfx_11zon.webp\",\"articleSection\":[\"COMPETICI\u00d3N Y EVENTOS\"],\"inLanguage\":\"es\",\"potentialAction\":[{\"@type\":\"CommentAction\",\"name\":\"Comment\",\"target\":[\"https:\\\/\\\/www.bicimarket.com\\\/blog\\\/vuelta-espana-2025-recorrido-favoritos\\\/#respond\"]}]},{\"@type\":\"WebPage\",\"@id\":\"https:\\\/\\\/www.bicimarket.com\\\/blog\\\/vuelta-espana-2025-recorrido-favoritos\\\/\",\"url\":\"https:\\\/\\\/www.bicimarket.com\\\/blog\\\/vuelta-espana-2025-recorrido-favoritos\\\/\",\"name\":\"Vuelta a Espa\u00f1a 2025: recorrido, etapas clave y favoritos al t\u00edtulo\",\"isPartOf\":{\"@id\":\"https:\\\/\\\/www.bicimarket.com\\\/blog\\\/#website\"},\"primaryImageOfPage\":{\"@id\":\"https:\\\/\\\/www.bicimarket.com\\\/blog\\\/vuelta-espana-2025-recorrido-favoritos\\\/#primaryimage\"},\"image\":{\"@id\":\"https:\\\/\\\/www.bicimarket.com\\\/blog\\\/vuelta-espana-2025-recorrido-favoritos\\\/#primaryimage\"},\"thumbnailUrl\":\"https:\\\/\\\/www.bicimarket.com\\\/blog\\\/wp-content\\\/uploads\\\/2025\\\/08\\\/Gemini_Generated_Image_xqfxlsxqfxlsxqfx_11zon.webp\",\"datePublished\":\"2025-08-18T13:12:15+00:00\",\"dateModified\":\"2025-08-18T14:53:12+00:00\",\"author\":{\"@id\":\"https:\\\/\\\/www.bicimarket.com\\\/blog\\\/#\\\/schema\\\/person\\\/66369cbf23f3079a722e74b04774561f\"},\"description\":\"Prep\u00e1rate para la Vuelta a Espa\u00f1a 2025. Descubre el an\u00e1lisis completo de la ruta, los grandes favoritos las etapas clave y mucho m\u00e1s.\",\"breadcrumb\":{\"@id\":\"https:\\\/\\\/www.bicimarket.com\\\/blog\\\/vuelta-espana-2025-recorrido-favoritos\\\/#breadcrumb\"},\"inLanguage\":\"es\",\"potentialAction\":[{\"@type\":\"ReadAction\",\"target\":[\"https:\\\/\\\/www.bicimarket.com\\\/blog\\\/vuelta-espana-2025-recorrido-favoritos\\\/\"]}]},{\"@type\":\"ImageObject\",\"inLanguage\":\"es\",\"@id\":\"https:\\\/\\\/www.bicimarket.com\\\/blog\\\/vuelta-espana-2025-recorrido-favoritos\\\/#primaryimage\",\"url\":\"https:\\\/\\\/www.bicimarket.com\\\/blog\\\/wp-content\\\/uploads\\\/2025\\\/08\\\/Gemini_Generated_Image_xqfxlsxqfxlsxqfx_11zon.webp\",\"contentUrl\":\"https:\\\/\\\/www.bicimarket.com\\\/blog\\\/wp-content\\\/uploads\\\/2025\\\/08\\\/Gemini_Generated_Image_xqfxlsxqfxlsxqfx_11zon.webp\",\"width\":958,\"height\":958},{\"@type\":\"BreadcrumbList\",\"@id\":\"https:\\\/\\\/www.bicimarket.com\\\/blog\\\/vuelta-espana-2025-recorrido-favoritos\\\/#breadcrumb\",\"itemListElement\":[{\"@type\":\"ListItem\",\"position\":1,\"name\":\"Portada\",\"item\":\"https:\\\/\\\/www.bicimarket.com\\\/blog\\\/\"},{\"@type\":\"ListItem\",\"position\":2,\"name\":\"Vuelta a Espa\u00f1a 2025: recorrido, etapas y favoritos al t\u00edtulo\"}]},{\"@type\":\"WebSite\",\"@id\":\"https:\\\/\\\/www.bicimarket.com\\\/blog\\\/#website\",\"url\":\"https:\\\/\\\/www.bicimarket.com\\\/blog\\\/\",\"name\":\"El Blog de Bicimarket\",\"description\":\"Nos apasiona el ciclismo \u00bfTe apuntas con nosotros?\",\"potentialAction\":[{\"@type\":\"SearchAction\",\"target\":{\"@type\":\"EntryPoint\",\"urlTemplate\":\"https:\\\/\\\/www.bicimarket.com\\\/blog\\\/?s={search_term_string}\"},\"query-input\":{\"@type\":\"PropertyValueSpecification\",\"valueRequired\":true,\"valueName\":\"search_term_string\"}}],\"inLanguage\":\"es\"},{\"@type\":\"Person\",\"@id\":\"https:\\\/\\\/www.bicimarket.com\\\/blog\\\/#\\\/schema\\\/person\\\/66369cbf23f3079a722e74b04774561f\",\"name\":\"Bicimarket\",\"image\":{\"@type\":\"ImageObject\",\"inLanguage\":\"es\",\"@id\":\"https:\\\/\\\/secure.gravatar.com\\\/avatar\\\/e6abd05c671a2d14ec3e9d2d25f2f0266e6e71f6609852e840b5447e5b18bcd5?s=96&d=mm&r=g\",\"url\":\"https:\\\/\\\/secure.gravatar.com\\\/avatar\\\/e6abd05c671a2d14ec3e9d2d25f2f0266e6e71f6609852e840b5447e5b18bcd5?s=96&d=mm&r=g\",\"contentUrl\":\"https:\\\/\\\/secure.gravatar.com\\\/avatar\\\/e6abd05c671a2d14ec3e9d2d25f2f0266e6e71f6609852e840b5447e5b18bcd5?s=96&d=mm&r=g\",\"caption\":\"Bicimarket\"},\"sameAs\":[\"https:\\\/\\\/www.bicimarket.com\\\/blog\\\/\"]}]}<\/script>\n<!-- \/ Yoast SEO plugin. -->","yoast_head_json":{"title":"Vuelta a Espa\u00f1a 2025: recorrido, etapas clave y favoritos al t\u00edtulo","description":"Prep\u00e1rate para la Vuelta a Espa\u00f1a 2025. Descubre el an\u00e1lisis completo de la ruta, los grandes favoritos las etapas clave y mucho m\u00e1s.","robots":{"index":"index","follow":"follow","max-snippet":"max-snippet:-1","max-image-preview":"max-image-preview:large","max-video-preview":"max-video-preview:-1"},"canonical":"https:\/\/www.bicimarket.com\/blog\/vuelta-espana-2025-recorrido-favoritos\/","og_locale":"es_ES","og_type":"article","og_title":"Vuelta a Espa\u00f1a 2025: recorrido, etapas clave y favoritos al t\u00edtulo","og_description":"Prep\u00e1rate para la Vuelta a Espa\u00f1a 2025. Descubre el an\u00e1lisis completo de la ruta, los grandes favoritos las etapas clave y mucho m\u00e1s.","og_url":"https:\/\/www.bicimarket.com\/blog\/vuelta-espana-2025-recorrido-favoritos\/","og_site_name":"El Blog de Bicimarket","article_publisher":"https:\/\/www.facebook.com\/Bicimarketcom\/","article_published_time":"2025-08-18T13:12:15+00:00","article_modified_time":"2025-08-18T14:53:12+00:00","og_image":[{"width":958,"height":958,"url":"https:\/\/www.bicimarket.com\/blog\/wp-content\/uploads\/2025\/08\/Gemini_Generated_Image_xqfxlsxqfxlsxqfx_11zon.webp","type":"image\/webp"}],"author":"Bicimarket","twitter_misc":{"Escrito por":"Bicimarket","Tiempo de lectura":"3 minutos"},"schema":{"@context":"https:\/\/schema.org","@graph":[{"@type":"Article","@id":"https:\/\/www.bicimarket.com\/blog\/vuelta-espana-2025-recorrido-favoritos\/#article","isPartOf":{"@id":"https:\/\/www.bicimarket.com\/blog\/vuelta-espana-2025-recorrido-favoritos\/"},"author":{"name":"Bicimarket","@id":"https:\/\/www.bicimarket.com\/blog\/#\/schema\/person\/66369cbf23f3079a722e74b04774561f"},"headline":"Vuelta a Espa\u00f1a 2025: recorrido, etapas y favoritos al t\u00edtulo","datePublished":"2025-08-18T13:12:15+00:00","dateModified":"2025-08-18T14:53:12+00:00","mainEntityOfPage":{"@id":"https:\/\/www.bicimarket.com\/blog\/vuelta-espana-2025-recorrido-favoritos\/"},"wordCount":662,"commentCount":0,"image":{"@id":"https:\/\/www.bicimarket.com\/blog\/vuelta-espana-2025-recorrido-favoritos\/#primaryimage"},"thumbnailUrl":"https:\/\/www.bicimarket.com\/blog\/wp-content\/uploads\/2025\/08\/Gemini_Generated_Image_xqfxlsxqfxlsxqfx_11zon.webp","articleSection":["COMPETICI\u00d3N Y EVENTOS"],"inLanguage":"es","potentialAction":[{"@type":"CommentAction","name":"Comment","target":["https:\/\/www.bicimarket.com\/blog\/vuelta-espana-2025-recorrido-favoritos\/#respond"]}]},{"@type":"WebPage","@id":"https:\/\/www.bicimarket.com\/blog\/vuelta-espana-2025-recorrido-favoritos\/","url":"https:\/\/www.bicimarket.com\/blog\/vuelta-espana-2025-recorrido-favoritos\/","name":"Vuelta a Espa\u00f1a 2025: recorrido, etapas clave y favoritos al t\u00edtulo","isPartOf":{"@id":"https:\/\/www.bicimarket.com\/blog\/#website"},"primaryImageOfPage":{"@id":"https:\/\/www.bicimarket.com\/blog\/vuelta-espana-2025-recorrido-favoritos\/#primaryimage"},"image":{"@id":"https:\/\/www.bicimarket.com\/blog\/vuelta-espana-2025-recorrido-favoritos\/#primaryimage"},"thumbnailUrl":"https:\/\/www.bicimarket.com\/blog\/wp-content\/uploads\/2025\/08\/Gemini_Generated_Image_xqfxlsxqfxlsxqfx_11zon.webp","datePublished":"2025-08-18T13:12:15+00:00","dateModified":"2025-08-18T14:53:12+00:00","author":{"@id":"https:\/\/www.bicimarket.com\/blog\/#\/schema\/person\/66369cbf23f3079a722e74b04774561f"},"description":"Prep\u00e1rate para la Vuelta a Espa\u00f1a 2025. Descubre el an\u00e1lisis completo de la ruta, los grandes favoritos las etapas clave y mucho m\u00e1s.","breadcrumb":{"@id":"https:\/\/www.bicimarket.com\/blog\/vuelta-espana-2025-recorrido-favoritos\/#breadcrumb"},"inLanguage":"es","potentialAction":[{"@type":"ReadAction","target":["https:\/\/www.bicimarket.com\/blog\/vuelta-espana-2025-recorrido-favoritos\/"]}]},{"@type":"ImageObject","inLanguage":"es","@id":"https:\/\/www.bicimarket.com\/blog\/vuelta-espana-2025-recorrido-favoritos\/#primaryimage","url":"https:\/\/www.bicimarket.com\/blog\/wp-content\/uploads\/2025\/08\/Gemini_Generated_Image_xqfxlsxqfxlsxqfx_11zon.webp","contentUrl":"https:\/\/www.bicimarket.com\/blog\/wp-content\/uploads\/2025\/08\/Gemini_Generated_Image_xqfxlsxqfxlsxqfx_11zon.webp","width":958,"height":958},{"@type":"BreadcrumbList","@id":"https:\/\/www.bicimarket.com\/blog\/vuelta-espana-2025-recorrido-favoritos\/#breadcrumb","itemListElement":[{"@type":"ListItem","position":1,"name":"Portada","item":"https:\/\/www.bicimarket.com\/blog\/"},{"@type":"ListItem","position":2,"name":"Vuelta a Espa\u00f1a 2025: recorrido, etapas y favoritos al t\u00edtulo"}]},{"@type":"WebSite","@id":"https:\/\/www.bicimarket.com\/blog\/#website","url":"https:\/\/www.bicimarket.com\/blog\/","name":"El Blog de Bicimarket","description":"Nos apasiona el ciclismo \u00bfTe apuntas con nosotros?","potentialAction":[{"@type":"SearchAction","target":{"@type":"EntryPoint","urlTemplate":"https:\/\/www.bicimarket.com\/blog\/?s={search_term_string}"},"query-input":{"@type":"PropertyValueSpecification","valueRequired":true,"valueName":"search_term_string"}}],"inLanguage":"es"},{"@type":"Person","@id":"https:\/\/www.bicimarket.com\/blog\/#\/schema\/person\/66369cbf23f3079a722e74b04774561f","name":"Bicimarket","image":{"@type":"ImageObject","inLanguage":"es","@id":"https:\/\/secure.gravatar.com\/avatar\/e6abd05c671a2d14ec3e9d2d25f2f0266e6e71f6609852e840b5447e5b18bcd5?s=96&d=mm&r=g","url":"https:\/\/secure.gravatar.com\/avatar\/e6abd05c671a2d14ec3e9d2d25f2f0266e6e71f6609852e840b5447e5b18bcd5?s=96&d=mm&r=g","contentUrl":"https:\/\/secure.gravatar.com\/avatar\/e6abd05c671a2d14ec3e9d2d25f2f0266e6e71f6609852e840b5447e5b18bcd5?s=96&d=mm&r=g","caption":"Bicimarket"},"sameAs":["https:\/\/www.bicimarket.com\/blog\/"]}]}},"modified_by":"Bicimarket","_links":{"self":[{"href":"https:\/\/www.bicimarket.com\/blog\/wp-json\/wp\/v2\/posts\/7034","targetHints":{"allow":["GET"]}}],"collection":[{"href":"https:\/\/www.bicimarket.com\/blog\/wp-json\/wp\/v2\/posts"}],"about":[{"href":"https:\/\/www.bicimarket.com\/blog\/wp-json\/wp\/v2\/types\/post"}],"author":[{"embeddable":true,"href":"https:\/\/www.bicimarket.com\/blog\/wp-json\/wp\/v2\/users\/1"}],"replies":[{"embeddable":true,"href":"https:\/\/www.bicimarket.com\/blog\/wp-json\/wp\/v2\/comments?post=7034"}],"version-history":[{"count":7,"href":"https:\/\/www.bicimarket.com\/blog\/wp-json\/wp\/v2\/posts\/7034\/revisions"}],"predecessor-version":[{"id":7049,"href":"https:\/\/www.bicimarket.com\/blog\/wp-json\/wp\/v2\/posts\/7034\/revisions\/7049"}],"wp:featuredmedia":[{"embeddable":true,"href":"https:\/\/www.bicimarket.com\/blog\/wp-json\/wp\/v2\/media\/7035"}],"wp:attachment":[{"href":"https:\/\/www.bicimarket.com\/blog\/wp-json\/wp\/v2\/media?parent=7034"}],"wp:term":[{"taxonomy":"category","embeddable":true,"href":"https:\/\/www.bicimarket.com\/blog\/wp-json\/wp\/v2\/categories?post=7034"},{"taxonomy":"post_tag","embeddable":true,"href":"https:\/\/www.bicimarket.com\/blog\/wp-json\/wp\/v2\/tags?post=7034"}],"curies":[{"name":"wp","href":"https:\/\/api.w.org\/{rel}","templated":true}]}}