{"id":6532,"date":"2024-04-15T08:59:50","date_gmt":"2024-04-15T07:59:50","guid":{"rendered":"https:\/\/www.bicimarket.com\/blog\/?p=6532"},"modified":"2024-04-15T09:09:26","modified_gmt":"2024-04-15T08:09:26","slug":"bicicleta-electrica-montana-berria-stratos","status":"publish","type":"post","link":"https:\/\/www.bicimarket.com\/blog\/bicicleta-electrica-montana-berria-stratos\/","title":{"rendered":"Bicicleta El\u00e9ctrica de Monta\u00f1a Berria Stratos: Innovaci\u00f3n y Rendimiento"},"content":{"rendered":"<p>Explorar caminos monta\u00f1osos con una bicicleta que no solo te asiste en las subidas, sino que ajusta autom\u00e1ticamente sus suspensiones y cambio seg\u00fan el terreno, suena a futuro, pero es una realidad gracias a la <strong><a href=\"https:\/\/www.bicimarket.com\/es\/461-mtb-29\" target=\"_blank\" rel=\"noopener\">Bicicleta El\u00e9ctrica de Monta\u00f1a<\/a> Berria Stratos<\/strong>. Este modelo es una aut\u00e9ntica revoluci\u00f3n en el mundo del ciclismo de monta\u00f1a, dise\u00f1ado para transformar la forma en que interact\u00faas con la naturaleza, superando los l\u00edmites de lo que cre\u00edas posible en bicicleta.<\/p>\n<p><iframe loading=\"lazy\" title=\"YouTube video player\" src=\"https:\/\/www.youtube.com\/embed\/0KJS3TarHAs?si=_Ozr7-jSfzn5_OgG\" width=\"560\" height=\"315\" frameborder=\"0\" allowfullscreen=\"allowfullscreen\"><\/iframe><\/p>\n<h2>Innovaciones que Definen la e-MTB<\/h2>\n<p>Antes de sumergirnos en las especificaciones t\u00e9cnicas de la <a href=\"https:\/\/www.bicimarket.com\/es\/marca\/763-berria\" target=\"_blank\" rel=\"noopener\">Berria<\/a> Stratos, es crucial entender qu\u00e9 es una bicicleta el\u00e9ctrica de monta\u00f1a. Estas bicicletas, conocidas como e-MTBs o ebikes mtb, est\u00e1n equipadas con un motor el\u00e9ctrico que asiste al ciclista durante el pedaleo. Este soporte te permite recorrer mayores distancias, escalar pendientes retadoras y reducir la fatiga, permiti\u00e9ndote disfrutar plenamente del paisaje y la aventura.<\/p>\n<h2>Berria Stratos: Un Compromiso con la Excelencia<\/h2>\n<h3>Tecnolog\u00eda y Dise\u00f1o Avanzado<\/h3>\n<p>La <strong>Berria Stratos<\/strong> se destaca por su motor SRAM Powertrain con cambio autom\u00e1tico y suspensiones autom\u00e1ticas Flight Attendant en el modelo Stratos LTD. El dise\u00f1o incorpora una disposici\u00f3n vertical del motor, optimizando el bajo centro de gravedad para una manejabilidad superior y permitiendo una extracci\u00f3n f\u00e1cil de la bater\u00eda de alta capacidad de 720 Wh, que se puede ampliar con un range extender de 250 Wh.<\/p>\n<figure id=\"attachment_6535\" aria-describedby=\"caption-attachment-6535\" style=\"width: 2111px\" class=\"wp-caption aligncenter\"><img loading=\"lazy\" decoding=\"async\" class=\"size-full wp-image-6535\" src=\"https:\/\/www.bicimarket.com\/blog\/wp-content\/uploads\/2024\/04\/stratos-11-min.webp\" alt=\"Berria Stratos LTD\" width=\"2111\" height=\"1187\" srcset=\"https:\/\/www.bicimarket.com\/blog\/wp-content\/uploads\/2024\/04\/stratos-11-min.webp 2111w, https:\/\/www.bicimarket.com\/blog\/wp-content\/uploads\/2024\/04\/stratos-11-min-300x169.webp 300w, https:\/\/www.bicimarket.com\/blog\/wp-content\/uploads\/2024\/04\/stratos-11-min-1024x576.webp 1024w, https:\/\/www.bicimarket.com\/blog\/wp-content\/uploads\/2024\/04\/stratos-11-min-768x432.webp 768w, https:\/\/www.bicimarket.com\/blog\/wp-content\/uploads\/2024\/04\/stratos-11-min-1536x864.webp 1536w, https:\/\/www.bicimarket.com\/blog\/wp-content\/uploads\/2024\/04\/stratos-11-min-2048x1152.webp 2048w, https:\/\/www.bicimarket.com\/blog\/wp-content\/uploads\/2024\/04\/stratos-11-min-747x420.webp 747w, https:\/\/www.bicimarket.com\/blog\/wp-content\/uploads\/2024\/04\/stratos-11-min-640x360.webp 640w, https:\/\/www.bicimarket.com\/blog\/wp-content\/uploads\/2024\/04\/stratos-11-min-681x383.webp 681w\" sizes=\"auto, (max-width: 2111px) 100vw, 2111px\" \/><figcaption id=\"caption-attachment-6535\" class=\"wp-caption-text\">Detalle Berria Stratos LTD<\/figcaption><\/figure>\n<h3>Detalles que Marcan la Diferencia<\/h3>\n<p>El dise\u00f1o \u00abCurvas Tensas\u00bb sigue siendo un distintivo en la Stratos, con detalles como cierre de sill\u00edn integrado, guardabarros trasero y puerto de carga, pensados para una integraci\u00f3n perfecta y una est\u00e9tica refinada. La atenci\u00f3n al detalle se extiende a la calidad de construcci\u00f3n con caracter\u00edsticas como anclaje postmount para frenos, patilla UDH y rodamientos ISB.<\/p>\n<figure id=\"attachment_6540\" aria-describedby=\"caption-attachment-6540\" style=\"width: 2110px\" class=\"wp-caption aligncenter\"><img loading=\"lazy\" decoding=\"async\" class=\"size-full wp-image-6540\" src=\"https:\/\/www.bicimarket.com\/blog\/wp-content\/uploads\/2024\/04\/stratos-18-min.webp\" alt=\"Berria Stratos LTD Amortiguador\" width=\"2110\" height=\"1187\" srcset=\"https:\/\/www.bicimarket.com\/blog\/wp-content\/uploads\/2024\/04\/stratos-18-min.webp 2110w, https:\/\/www.bicimarket.com\/blog\/wp-content\/uploads\/2024\/04\/stratos-18-min-300x169.webp 300w, https:\/\/www.bicimarket.com\/blog\/wp-content\/uploads\/2024\/04\/stratos-18-min-1024x576.webp 1024w, https:\/\/www.bicimarket.com\/blog\/wp-content\/uploads\/2024\/04\/stratos-18-min-768x432.webp 768w, https:\/\/www.bicimarket.com\/blog\/wp-content\/uploads\/2024\/04\/stratos-18-min-1536x864.webp 1536w, https:\/\/www.bicimarket.com\/blog\/wp-content\/uploads\/2024\/04\/stratos-18-min-2048x1152.webp 2048w, https:\/\/www.bicimarket.com\/blog\/wp-content\/uploads\/2024\/04\/stratos-18-min-747x420.webp 747w, https:\/\/www.bicimarket.com\/blog\/wp-content\/uploads\/2024\/04\/stratos-18-min-640x360.webp 640w, https:\/\/www.bicimarket.com\/blog\/wp-content\/uploads\/2024\/04\/stratos-18-min-681x383.webp 681w\" sizes=\"auto, (max-width: 2110px) 100vw, 2110px\" \/><figcaption id=\"caption-attachment-6540\" class=\"wp-caption-text\">Berria Stratos LTD Amortiguador<\/figcaption><\/figure>\n<h3>Optimizaci\u00f3n en el Dise\u00f1o y Reparto de Pesos<\/h3>\n<p>A lo largo de su desarrollo, se crearon hasta 33 prototipos para optimizar la geometr\u00eda, la cinem\u00e1tica del sistema de suspensi\u00f3n y el reparto de pesos, garantizando un aprovechamiento inteligente del espacio y la interacci\u00f3n de los componentes. El concepto MULLET, con una rueda de 27,5&#8243; detr\u00e1s y 29&#8243; delante, maximiza el rendimiento enduro de la Stratos al mejorar la manejabilidad y optimizar el espacio de la rueda trasera para mayor recorrido de suspensi\u00f3n.<\/p>\n<figure id=\"attachment_6537\" aria-describedby=\"caption-attachment-6537\" style=\"width: 2097px\" class=\"wp-caption aligncenter\"><img loading=\"lazy\" decoding=\"async\" class=\"size-full wp-image-6537\" src=\"https:\/\/www.bicimarket.com\/blog\/wp-content\/uploads\/2024\/04\/stratros-mullet.webp\" alt=\"Sistema Mullet Berria Stratos LTD\" width=\"2097\" height=\"1348\" srcset=\"https:\/\/www.bicimarket.com\/blog\/wp-content\/uploads\/2024\/04\/stratros-mullet.webp 2097w, https:\/\/www.bicimarket.com\/blog\/wp-content\/uploads\/2024\/04\/stratros-mullet-300x194.webp 300w, https:\/\/www.bicimarket.com\/blog\/wp-content\/uploads\/2024\/04\/stratros-mullet-1024x658.webp 1024w, https:\/\/www.bicimarket.com\/blog\/wp-content\/uploads\/2024\/04\/stratros-mullet-768x494.webp 768w, https:\/\/www.bicimarket.com\/blog\/wp-content\/uploads\/2024\/04\/stratros-mullet-1536x987.webp 1536w, https:\/\/www.bicimarket.com\/blog\/wp-content\/uploads\/2024\/04\/stratros-mullet-2048x1317.webp 2048w, https:\/\/www.bicimarket.com\/blog\/wp-content\/uploads\/2024\/04\/stratros-mullet-653x420.webp 653w, https:\/\/www.bicimarket.com\/blog\/wp-content\/uploads\/2024\/04\/stratros-mullet-341x220.webp 341w, https:\/\/www.bicimarket.com\/blog\/wp-content\/uploads\/2024\/04\/stratros-mullet-640x411.webp 640w, https:\/\/www.bicimarket.com\/blog\/wp-content\/uploads\/2024\/04\/stratros-mullet-681x438.webp 681w\" sizes=\"auto, (max-width: 2097px) 100vw, 2097px\" \/><figcaption id=\"caption-attachment-6537\" class=\"wp-caption-text\">Sistema Mullet Berria Stratos LTD<\/figcaption><\/figure>\n<h3>Geometr\u00eda de Vanguardia<\/h3>\n<p>La Stratos ha sido dise\u00f1ada con una geometr\u00eda que favorece un rendimiento excepcional, con un eje de pedalier bajado, un \u00e1ngulo de direcci\u00f3n de 64,5\u00b0, y un alcance generoso que equilibra la distribuci\u00f3n del peso del ciclista para una adherencia y maniobrabilidad optimizadas. La distancia entre ejes contenida, junto con la geometr\u00eda ajustada, garantiza estabilidad y manejo superior en todos los terrenos.<\/p>\n<figure id=\"attachment_6538\" aria-describedby=\"caption-attachment-6538\" style=\"width: 2111px\" class=\"wp-caption aligncenter\"><img loading=\"lazy\" decoding=\"async\" class=\"size-full wp-image-6538\" src=\"https:\/\/www.bicimarket.com\/blog\/wp-content\/uploads\/2024\/04\/stratos-23-min.webp\" alt=\"Manillar Condor Berria Stratos LTD\" width=\"2111\" height=\"1187\" srcset=\"https:\/\/www.bicimarket.com\/blog\/wp-content\/uploads\/2024\/04\/stratos-23-min.webp 2111w, https:\/\/www.bicimarket.com\/blog\/wp-content\/uploads\/2024\/04\/stratos-23-min-300x169.webp 300w, https:\/\/www.bicimarket.com\/blog\/wp-content\/uploads\/2024\/04\/stratos-23-min-1024x576.webp 1024w, https:\/\/www.bicimarket.com\/blog\/wp-content\/uploads\/2024\/04\/stratos-23-min-768x432.webp 768w, https:\/\/www.bicimarket.com\/blog\/wp-content\/uploads\/2024\/04\/stratos-23-min-1536x864.webp 1536w, https:\/\/www.bicimarket.com\/blog\/wp-content\/uploads\/2024\/04\/stratos-23-min-2048x1152.webp 2048w, https:\/\/www.bicimarket.com\/blog\/wp-content\/uploads\/2024\/04\/stratos-23-min-747x420.webp 747w, https:\/\/www.bicimarket.com\/blog\/wp-content\/uploads\/2024\/04\/stratos-23-min-640x360.webp 640w, https:\/\/www.bicimarket.com\/blog\/wp-content\/uploads\/2024\/04\/stratos-23-min-681x383.webp 681w\" sizes=\"auto, (max-width: 2111px) 100vw, 2111px\" \/><figcaption id=\"caption-attachment-6538\" class=\"wp-caption-text\">Manillar Condor Berria Stratos LTD<\/figcaption><\/figure>\n<h2>Modelos y Personalizaci\u00f3n<\/h2>\n<p>La Stratos se ofrece en tres configuraciones distintas:<\/p>\n<ul>\n<li><strong>Stratos 8<\/strong>: Con suspensiones RockShox ZEB y Vivid, transmisi\u00f3n SRAM GX AXS T-Type y frenos SRAM Code Bronze.<\/li>\n<li><strong>Stratos 9<\/strong>: Equipada con suspensiones Fox Factory Kashima, transmisi\u00f3n SRAM X0 y frenos SRAM Code Bronze.<\/li>\n<li><strong>Stratos LTD<\/strong>: Destacada por las suspensiones RockShox Flight Attendant y transmisi\u00f3n SRAM XX, adem\u00e1s de frenos SRAM Code Ultimate y tija SRAM Reverb AXS.<\/li>\n<\/ul>\n<h2>Conclusi\u00f3n<\/h2>\n<p>La <strong><a href=\"https:\/\/www.bicimarket.com\/es\/461-mtb-29\" target=\"_blank\" rel=\"noopener\">Bicicleta El\u00e9ctrica de Monta\u00f1a<\/a> Berria Stratos<\/strong> redefine lo que es posible en el ciclismo de monta\u00f1a. Con tecnolog\u00edas avanzadas, un dise\u00f1o meticulosamente optimizado y m\u00faltiples opciones de personalizaci\u00f3n, la Stratos est\u00e1 lista para llevarte m\u00e1s lejos y m\u00e1s r\u00e1pido que nunca. Si buscas una bicicleta que combine innovaci\u00f3n, rendimiento y sostenibilidad, la Berria Stratos podr\u00eda ser la compa\u00f1era perfecta para tu pr\u00f3xima gran aventura. Prep\u00e1rate para explorar sin l\u00edmites y experimentar la libertad que solo una ebike de vanguardia como la Stratos puede ofrecer.<\/p>\n","protected":false},"excerpt":{"rendered":"<p>La Bicicleta El\u00e9ctrica de Monta\u00f1a Berria Stratos combina tecnolog\u00eda de punta con un dise\u00f1o excepcional para ofrecer una experiencia de ciclismo sin precedentes. Con caracter\u00edsticas como cambio y suspensiones autom\u00e1ticas, y un dise\u00f1o optimizado de reparto de pesos y geometr\u00eda, la Stratos est\u00e1 dise\u00f1ada para maximizar el rendimiento y la comodidad en cualquier terreno monta\u00f1oso.<\/p>\n","protected":false},"author":1,"featured_media":6533,"comment_status":"closed","ping_status":"closed","sticky":false,"template":"","format":"standard","meta":{"_lmt_disableupdate":"","_lmt_disable":"","footnotes":""},"categories":[567,562],"tags":[],"class_list":["post-6532","post","type-post","status-publish","format-standard","has-post-thumbnail","hentry","category-bicicletas","category-novedades"],"yoast_head":"<!-- This site is optimized with the Yoast SEO plugin v27.4 - https:\/\/yoast.com\/product\/yoast-seo-wordpress\/ -->\n<title>Bicicleta El\u00e9ctrica de Monta\u00f1a Berria Stratos: Innovaci\u00f3n y Rendimiento - El Blog de Bicimarket<\/title>\n<meta name=\"description\" content=\"Explora las capacidades avanzadas de la Bicicleta El\u00e9ctrica de Monta\u00f1a Berria Stratos. Con tecnolog\u00eda de cambio y suspensiones autom\u00e1ticas, motor SRAM Powertrain y dise\u00f1o optimizado para alto rendimiento en terrenos variados. Descubre c\u00f3mo la Stratos redefine el ciclismo de monta\u00f1a\" \/>\n<meta name=\"robots\" content=\"index, follow, max-snippet:-1, max-image-preview:large, max-video-preview:-1\" \/>\n<link rel=\"canonical\" href=\"https:\/\/www.bicimarket.com\/blog\/bicicleta-electrica-montana-berria-stratos\/\" \/>\n<meta property=\"og:locale\" content=\"es_ES\" \/>\n<meta property=\"og:type\" content=\"article\" \/>\n<meta property=\"og:title\" content=\"Bicicleta El\u00e9ctrica de Monta\u00f1a Berria Stratos: Innovaci\u00f3n y Rendimiento - El Blog de Bicimarket\" \/>\n<meta property=\"og:description\" content=\"Explora las capacidades avanzadas de la Bicicleta El\u00e9ctrica de Monta\u00f1a Berria Stratos. Con tecnolog\u00eda de cambio y suspensiones autom\u00e1ticas, motor SRAM Powertrain y dise\u00f1o optimizado para alto rendimiento en terrenos variados. Descubre c\u00f3mo la Stratos redefine el ciclismo de monta\u00f1a\" \/>\n<meta property=\"og:url\" content=\"https:\/\/www.bicimarket.com\/blog\/bicicleta-electrica-montana-berria-stratos\/\" \/>\n<meta property=\"og:site_name\" content=\"El Blog de Bicimarket\" \/>\n<meta property=\"article:publisher\" content=\"https:\/\/www.facebook.com\/Bicimarketcom\/\" \/>\n<meta property=\"article:published_time\" content=\"2024-04-15T07:59:50+00:00\" \/>\n<meta property=\"article:modified_time\" content=\"2024-04-15T08:09:26+00:00\" \/>\n<meta property=\"og:image\" content=\"https:\/\/www.bicimarket.com\/blog\/wp-content\/uploads\/2024\/04\/STRATOS-BANNER-1.webp\" \/>\n\t<meta property=\"og:image:width\" content=\"1000\" \/>\n\t<meta property=\"og:image:height\" content=\"547\" \/>\n\t<meta property=\"og:image:type\" content=\"image\/webp\" \/>\n<meta name=\"author\" content=\"Bicimarket\" \/>\n<meta name=\"twitter:label1\" content=\"Escrito por\" \/>\n\t<meta name=\"twitter:data1\" content=\"Bicimarket\" \/>\n\t<meta name=\"twitter:label2\" content=\"Tiempo de lectura\" \/>\n\t<meta name=\"twitter:data2\" content=\"4 minutos\" \/>\n<script type=\"application\/ld+json\" class=\"yoast-schema-graph\">{\"@context\":\"https:\\\/\\\/schema.org\",\"@graph\":[{\"@type\":\"Article\",\"@id\":\"https:\\\/\\\/www.bicimarket.com\\\/blog\\\/bicicleta-electrica-montana-berria-stratos\\\/#article\",\"isPartOf\":{\"@id\":\"https:\\\/\\\/www.bicimarket.com\\\/blog\\\/bicicleta-electrica-montana-berria-stratos\\\/\"},\"author\":{\"name\":\"Bicimarket\",\"@id\":\"https:\\\/\\\/www.bicimarket.com\\\/blog\\\/#\\\/schema\\\/person\\\/66369cbf23f3079a722e74b04774561f\"},\"headline\":\"Bicicleta El\u00e9ctrica de Monta\u00f1a Berria Stratos: Innovaci\u00f3n y Rendimiento\",\"datePublished\":\"2024-04-15T07:59:50+00:00\",\"dateModified\":\"2024-04-15T08:09:26+00:00\",\"mainEntityOfPage\":{\"@id\":\"https:\\\/\\\/www.bicimarket.com\\\/blog\\\/bicicleta-electrica-montana-berria-stratos\\\/\"},\"wordCount\":704,\"image\":{\"@id\":\"https:\\\/\\\/www.bicimarket.com\\\/blog\\\/bicicleta-electrica-montana-berria-stratos\\\/#primaryimage\"},\"thumbnailUrl\":\"https:\\\/\\\/www.bicimarket.com\\\/blog\\\/wp-content\\\/uploads\\\/2024\\\/04\\\/STRATOS-BANNER-1.webp\",\"articleSection\":[\"BICICLETAS\",\"NOVEDADES\"],\"inLanguage\":\"es\"},{\"@type\":\"WebPage\",\"@id\":\"https:\\\/\\\/www.bicimarket.com\\\/blog\\\/bicicleta-electrica-montana-berria-stratos\\\/\",\"url\":\"https:\\\/\\\/www.bicimarket.com\\\/blog\\\/bicicleta-electrica-montana-berria-stratos\\\/\",\"name\":\"Bicicleta El\u00e9ctrica de Monta\u00f1a Berria Stratos: Innovaci\u00f3n y Rendimiento - El Blog de Bicimarket\",\"isPartOf\":{\"@id\":\"https:\\\/\\\/www.bicimarket.com\\\/blog\\\/#website\"},\"primaryImageOfPage\":{\"@id\":\"https:\\\/\\\/www.bicimarket.com\\\/blog\\\/bicicleta-electrica-montana-berria-stratos\\\/#primaryimage\"},\"image\":{\"@id\":\"https:\\\/\\\/www.bicimarket.com\\\/blog\\\/bicicleta-electrica-montana-berria-stratos\\\/#primaryimage\"},\"thumbnailUrl\":\"https:\\\/\\\/www.bicimarket.com\\\/blog\\\/wp-content\\\/uploads\\\/2024\\\/04\\\/STRATOS-BANNER-1.webp\",\"datePublished\":\"2024-04-15T07:59:50+00:00\",\"dateModified\":\"2024-04-15T08:09:26+00:00\",\"author\":{\"@id\":\"https:\\\/\\\/www.bicimarket.com\\\/blog\\\/#\\\/schema\\\/person\\\/66369cbf23f3079a722e74b04774561f\"},\"description\":\"Explora las capacidades avanzadas de la Bicicleta El\u00e9ctrica de Monta\u00f1a Berria Stratos. Con tecnolog\u00eda de cambio y suspensiones autom\u00e1ticas, motor SRAM Powertrain y dise\u00f1o optimizado para alto rendimiento en terrenos variados. Descubre c\u00f3mo la Stratos redefine el ciclismo de monta\u00f1a\",\"breadcrumb\":{\"@id\":\"https:\\\/\\\/www.bicimarket.com\\\/blog\\\/bicicleta-electrica-montana-berria-stratos\\\/#breadcrumb\"},\"inLanguage\":\"es\",\"potentialAction\":[{\"@type\":\"ReadAction\",\"target\":[\"https:\\\/\\\/www.bicimarket.com\\\/blog\\\/bicicleta-electrica-montana-berria-stratos\\\/\"]}]},{\"@type\":\"ImageObject\",\"inLanguage\":\"es\",\"@id\":\"https:\\\/\\\/www.bicimarket.com\\\/blog\\\/bicicleta-electrica-montana-berria-stratos\\\/#primaryimage\",\"url\":\"https:\\\/\\\/www.bicimarket.com\\\/blog\\\/wp-content\\\/uploads\\\/2024\\\/04\\\/STRATOS-BANNER-1.webp\",\"contentUrl\":\"https:\\\/\\\/www.bicimarket.com\\\/blog\\\/wp-content\\\/uploads\\\/2024\\\/04\\\/STRATOS-BANNER-1.webp\",\"width\":1000,\"height\":547,\"caption\":\"Bicicleta el\u00e9ctrica Berria Stratos\"},{\"@type\":\"BreadcrumbList\",\"@id\":\"https:\\\/\\\/www.bicimarket.com\\\/blog\\\/bicicleta-electrica-montana-berria-stratos\\\/#breadcrumb\",\"itemListElement\":[{\"@type\":\"ListItem\",\"position\":1,\"name\":\"Portada\",\"item\":\"https:\\\/\\\/www.bicimarket.com\\\/blog\\\/\"},{\"@type\":\"ListItem\",\"position\":2,\"name\":\"Bicicleta El\u00e9ctrica de Monta\u00f1a Berria Stratos: Innovaci\u00f3n y Rendimiento\"}]},{\"@type\":\"WebSite\",\"@id\":\"https:\\\/\\\/www.bicimarket.com\\\/blog\\\/#website\",\"url\":\"https:\\\/\\\/www.bicimarket.com\\\/blog\\\/\",\"name\":\"El Blog de Bicimarket\",\"description\":\"Nos apasiona el ciclismo \u00bfTe apuntas con nosotros?\",\"potentialAction\":[{\"@type\":\"SearchAction\",\"target\":{\"@type\":\"EntryPoint\",\"urlTemplate\":\"https:\\\/\\\/www.bicimarket.com\\\/blog\\\/?s={search_term_string}\"},\"query-input\":{\"@type\":\"PropertyValueSpecification\",\"valueRequired\":true,\"valueName\":\"search_term_string\"}}],\"inLanguage\":\"es\"},{\"@type\":\"Person\",\"@id\":\"https:\\\/\\\/www.bicimarket.com\\\/blog\\\/#\\\/schema\\\/person\\\/66369cbf23f3079a722e74b04774561f\",\"name\":\"Bicimarket\",\"image\":{\"@type\":\"ImageObject\",\"inLanguage\":\"es\",\"@id\":\"https:\\\/\\\/secure.gravatar.com\\\/avatar\\\/e6abd05c671a2d14ec3e9d2d25f2f0266e6e71f6609852e840b5447e5b18bcd5?s=96&d=mm&r=g\",\"url\":\"https:\\\/\\\/secure.gravatar.com\\\/avatar\\\/e6abd05c671a2d14ec3e9d2d25f2f0266e6e71f6609852e840b5447e5b18bcd5?s=96&d=mm&r=g\",\"contentUrl\":\"https:\\\/\\\/secure.gravatar.com\\\/avatar\\\/e6abd05c671a2d14ec3e9d2d25f2f0266e6e71f6609852e840b5447e5b18bcd5?s=96&d=mm&r=g\",\"caption\":\"Bicimarket\"},\"sameAs\":[\"https:\\\/\\\/www.bicimarket.com\\\/blog\\\/\"]}]}<\/script>\n<!-- \/ Yoast SEO plugin. -->","yoast_head_json":{"title":"Bicicleta El\u00e9ctrica de Monta\u00f1a Berria Stratos: Innovaci\u00f3n y Rendimiento - El Blog de Bicimarket","description":"Explora las capacidades avanzadas de la Bicicleta El\u00e9ctrica de Monta\u00f1a Berria Stratos. Con tecnolog\u00eda de cambio y suspensiones autom\u00e1ticas, motor SRAM Powertrain y dise\u00f1o optimizado para alto rendimiento en terrenos variados. Descubre c\u00f3mo la Stratos redefine el ciclismo de monta\u00f1a","robots":{"index":"index","follow":"follow","max-snippet":"max-snippet:-1","max-image-preview":"max-image-preview:large","max-video-preview":"max-video-preview:-1"},"canonical":"https:\/\/www.bicimarket.com\/blog\/bicicleta-electrica-montana-berria-stratos\/","og_locale":"es_ES","og_type":"article","og_title":"Bicicleta El\u00e9ctrica de Monta\u00f1a Berria Stratos: Innovaci\u00f3n y Rendimiento - El Blog de Bicimarket","og_description":"Explora las capacidades avanzadas de la Bicicleta El\u00e9ctrica de Monta\u00f1a Berria Stratos. Con tecnolog\u00eda de cambio y suspensiones autom\u00e1ticas, motor SRAM Powertrain y dise\u00f1o optimizado para alto rendimiento en terrenos variados. Descubre c\u00f3mo la Stratos redefine el ciclismo de monta\u00f1a","og_url":"https:\/\/www.bicimarket.com\/blog\/bicicleta-electrica-montana-berria-stratos\/","og_site_name":"El Blog de Bicimarket","article_publisher":"https:\/\/www.facebook.com\/Bicimarketcom\/","article_published_time":"2024-04-15T07:59:50+00:00","article_modified_time":"2024-04-15T08:09:26+00:00","og_image":[{"width":1000,"height":547,"url":"https:\/\/www.bicimarket.com\/blog\/wp-content\/uploads\/2024\/04\/STRATOS-BANNER-1.webp","type":"image\/webp"}],"author":"Bicimarket","twitter_misc":{"Escrito por":"Bicimarket","Tiempo de lectura":"4 minutos"},"schema":{"@context":"https:\/\/schema.org","@graph":[{"@type":"Article","@id":"https:\/\/www.bicimarket.com\/blog\/bicicleta-electrica-montana-berria-stratos\/#article","isPartOf":{"@id":"https:\/\/www.bicimarket.com\/blog\/bicicleta-electrica-montana-berria-stratos\/"},"author":{"name":"Bicimarket","@id":"https:\/\/www.bicimarket.com\/blog\/#\/schema\/person\/66369cbf23f3079a722e74b04774561f"},"headline":"Bicicleta El\u00e9ctrica de Monta\u00f1a Berria Stratos: Innovaci\u00f3n y Rendimiento","datePublished":"2024-04-15T07:59:50+00:00","dateModified":"2024-04-15T08:09:26+00:00","mainEntityOfPage":{"@id":"https:\/\/www.bicimarket.com\/blog\/bicicleta-electrica-montana-berria-stratos\/"},"wordCount":704,"image":{"@id":"https:\/\/www.bicimarket.com\/blog\/bicicleta-electrica-montana-berria-stratos\/#primaryimage"},"thumbnailUrl":"https:\/\/www.bicimarket.com\/blog\/wp-content\/uploads\/2024\/04\/STRATOS-BANNER-1.webp","articleSection":["BICICLETAS","NOVEDADES"],"inLanguage":"es"},{"@type":"WebPage","@id":"https:\/\/www.bicimarket.com\/blog\/bicicleta-electrica-montana-berria-stratos\/","url":"https:\/\/www.bicimarket.com\/blog\/bicicleta-electrica-montana-berria-stratos\/","name":"Bicicleta El\u00e9ctrica de Monta\u00f1a Berria Stratos: Innovaci\u00f3n y Rendimiento - El Blog de Bicimarket","isPartOf":{"@id":"https:\/\/www.bicimarket.com\/blog\/#website"},"primaryImageOfPage":{"@id":"https:\/\/www.bicimarket.com\/blog\/bicicleta-electrica-montana-berria-stratos\/#primaryimage"},"image":{"@id":"https:\/\/www.bicimarket.com\/blog\/bicicleta-electrica-montana-berria-stratos\/#primaryimage"},"thumbnailUrl":"https:\/\/www.bicimarket.com\/blog\/wp-content\/uploads\/2024\/04\/STRATOS-BANNER-1.webp","datePublished":"2024-04-15T07:59:50+00:00","dateModified":"2024-04-15T08:09:26+00:00","author":{"@id":"https:\/\/www.bicimarket.com\/blog\/#\/schema\/person\/66369cbf23f3079a722e74b04774561f"},"description":"Explora las capacidades avanzadas de la Bicicleta El\u00e9ctrica de Monta\u00f1a Berria Stratos. Con tecnolog\u00eda de cambio y suspensiones autom\u00e1ticas, motor SRAM Powertrain y dise\u00f1o optimizado para alto rendimiento en terrenos variados. Descubre c\u00f3mo la Stratos redefine el ciclismo de monta\u00f1a","breadcrumb":{"@id":"https:\/\/www.bicimarket.com\/blog\/bicicleta-electrica-montana-berria-stratos\/#breadcrumb"},"inLanguage":"es","potentialAction":[{"@type":"ReadAction","target":["https:\/\/www.bicimarket.com\/blog\/bicicleta-electrica-montana-berria-stratos\/"]}]},{"@type":"ImageObject","inLanguage":"es","@id":"https:\/\/www.bicimarket.com\/blog\/bicicleta-electrica-montana-berria-stratos\/#primaryimage","url":"https:\/\/www.bicimarket.com\/blog\/wp-content\/uploads\/2024\/04\/STRATOS-BANNER-1.webp","contentUrl":"https:\/\/www.bicimarket.com\/blog\/wp-content\/uploads\/2024\/04\/STRATOS-BANNER-1.webp","width":1000,"height":547,"caption":"Bicicleta el\u00e9ctrica Berria Stratos"},{"@type":"BreadcrumbList","@id":"https:\/\/www.bicimarket.com\/blog\/bicicleta-electrica-montana-berria-stratos\/#breadcrumb","itemListElement":[{"@type":"ListItem","position":1,"name":"Portada","item":"https:\/\/www.bicimarket.com\/blog\/"},{"@type":"ListItem","position":2,"name":"Bicicleta El\u00e9ctrica de Monta\u00f1a Berria Stratos: Innovaci\u00f3n y Rendimiento"}]},{"@type":"WebSite","@id":"https:\/\/www.bicimarket.com\/blog\/#website","url":"https:\/\/www.bicimarket.com\/blog\/","name":"El Blog de Bicimarket","description":"Nos apasiona el ciclismo \u00bfTe apuntas con nosotros?","potentialAction":[{"@type":"SearchAction","target":{"@type":"EntryPoint","urlTemplate":"https:\/\/www.bicimarket.com\/blog\/?s={search_term_string}"},"query-input":{"@type":"PropertyValueSpecification","valueRequired":true,"valueName":"search_term_string"}}],"inLanguage":"es"},{"@type":"Person","@id":"https:\/\/www.bicimarket.com\/blog\/#\/schema\/person\/66369cbf23f3079a722e74b04774561f","name":"Bicimarket","image":{"@type":"ImageObject","inLanguage":"es","@id":"https:\/\/secure.gravatar.com\/avatar\/e6abd05c671a2d14ec3e9d2d25f2f0266e6e71f6609852e840b5447e5b18bcd5?s=96&d=mm&r=g","url":"https:\/\/secure.gravatar.com\/avatar\/e6abd05c671a2d14ec3e9d2d25f2f0266e6e71f6609852e840b5447e5b18bcd5?s=96&d=mm&r=g","contentUrl":"https:\/\/secure.gravatar.com\/avatar\/e6abd05c671a2d14ec3e9d2d25f2f0266e6e71f6609852e840b5447e5b18bcd5?s=96&d=mm&r=g","caption":"Bicimarket"},"sameAs":["https:\/\/www.bicimarket.com\/blog\/"]}]}},"modified_by":"Bicimarket","_links":{"self":[{"href":"https:\/\/www.bicimarket.com\/blog\/wp-json\/wp\/v2\/posts\/6532","targetHints":{"allow":["GET"]}}],"collection":[{"href":"https:\/\/www.bicimarket.com\/blog\/wp-json\/wp\/v2\/posts"}],"about":[{"href":"https:\/\/www.bicimarket.com\/blog\/wp-json\/wp\/v2\/types\/post"}],"author":[{"embeddable":true,"href":"https:\/\/www.bicimarket.com\/blog\/wp-json\/wp\/v2\/users\/1"}],"replies":[{"embeddable":true,"href":"https:\/\/www.bicimarket.com\/blog\/wp-json\/wp\/v2\/comments?post=6532"}],"version-history":[{"count":3,"href":"https:\/\/www.bicimarket.com\/blog\/wp-json\/wp\/v2\/posts\/6532\/revisions"}],"predecessor-version":[{"id":6541,"href":"https:\/\/www.bicimarket.com\/blog\/wp-json\/wp\/v2\/posts\/6532\/revisions\/6541"}],"wp:featuredmedia":[{"embeddable":true,"href":"https:\/\/www.bicimarket.com\/blog\/wp-json\/wp\/v2\/media\/6533"}],"wp:attachment":[{"href":"https:\/\/www.bicimarket.com\/blog\/wp-json\/wp\/v2\/media?parent=6532"}],"wp:term":[{"taxonomy":"category","embeddable":true,"href":"https:\/\/www.bicimarket.com\/blog\/wp-json\/wp\/v2\/categories?post=6532"},{"taxonomy":"post_tag","embeddable":true,"href":"https:\/\/www.bicimarket.com\/blog\/wp-json\/wp\/v2\/tags?post=6532"}],"curies":[{"name":"wp","href":"https:\/\/api.w.org\/{rel}","templated":true}]}}