{"id":6207,"date":"2022-09-05T08:26:15","date_gmt":"2022-09-05T07:26:15","guid":{"rendered":"https:\/\/www.bicimarket.com\/blog\/?p=6207"},"modified":"2022-09-05T13:02:58","modified_gmt":"2022-09-05T12:02:58","slug":"las-bicicletas-de-la-vuelta-a-espana-2022","status":"publish","type":"post","link":"https:\/\/www.bicimarket.com\/blog\/las-bicicletas-de-la-vuelta-a-espana-2022\/","title":{"rendered":"Las bicicletas de La Vuelta a Espa\u00f1a 2022"},"content":{"rendered":"<p>La Vuelta es el escaparate perfecto para las marcas, la carrera en las que los mejores ciclistas exigen al m\u00e1ximo a sus bicis. Todos sabemos que los corredores y su calidad es muy importante para lograr la victoria, pero no s\u00f3lo basta con eso. Tambi\u00e9n es necesario que el material acompa\u00f1e. Contar con las mejores bicis es esencial para poder realizar un buen papel en las grandes vueltas. <strong>Vamos a conocer las bicicletas de La Vuelta a Espa\u00f1a 2022<\/strong>.<\/p>\n<h2><strong>Las Bicicletas de La Vuelta a Espa\u00f1a 2022<\/strong><\/h2>\n<h3><\/h3>\n<h3><strong>ASTANA QAZAQSTAN (Wilier)<\/strong><\/h3>\n<h4 style=\"text-align: center;\"><strong>Wilier Zero SLR<\/strong><\/h4>\n<p><img loading=\"lazy\" decoding=\"async\" class=\"aligncenter size-full wp-image-6217\" src=\"https:\/\/www.bicimarket.com\/blog\/wp-content\/uploads\/2022\/09\/Wilier_0_Astana.jpg\" alt=\"\" width=\"960\" height=\"580\" srcset=\"https:\/\/www.bicimarket.com\/blog\/wp-content\/uploads\/2022\/09\/Wilier_0_Astana.jpg 960w, https:\/\/www.bicimarket.com\/blog\/wp-content\/uploads\/2022\/09\/Wilier_0_Astana-300x181.jpg 300w, https:\/\/www.bicimarket.com\/blog\/wp-content\/uploads\/2022\/09\/Wilier_0_Astana-768x464.jpg 768w, https:\/\/www.bicimarket.com\/blog\/wp-content\/uploads\/2022\/09\/Wilier_0_Astana-695x420.jpg 695w, https:\/\/www.bicimarket.com\/blog\/wp-content\/uploads\/2022\/09\/Wilier_0_Astana-640x387.jpg 640w, https:\/\/www.bicimarket.com\/blog\/wp-content\/uploads\/2022\/09\/Wilier_0_Astana-681x411.jpg 681w\" sizes=\"auto, (max-width: 960px) 100vw, 960px\" \/><\/p>\n<p><strong>La primera bicicleta de carretera superligera totalmente integrada<\/strong>. Con la Wilier 0 SLR la marca ha tratado de sintetizar los conceptos de ligereza e integraci\u00f3n total. El modelo incluye todas y cada una de las caracter\u00edsticas que buscan los ciclistas m\u00e1s exigentes en las bicicletas de carreteras m\u00e1s avanzadas tecnol\u00f3gicamente.<\/p>\n<h4 style=\"text-align: center;\"><strong>Wilier Filante<\/strong><\/h4>\n<p><img loading=\"lazy\" decoding=\"async\" class=\"aligncenter size-full wp-image-6218\" src=\"https:\/\/www.bicimarket.com\/blog\/wp-content\/uploads\/2022\/09\/Wilier_Filante_Astana.jpg\" alt=\"\" width=\"960\" height=\"580\" srcset=\"https:\/\/www.bicimarket.com\/blog\/wp-content\/uploads\/2022\/09\/Wilier_Filante_Astana.jpg 960w, https:\/\/www.bicimarket.com\/blog\/wp-content\/uploads\/2022\/09\/Wilier_Filante_Astana-300x181.jpg 300w, https:\/\/www.bicimarket.com\/blog\/wp-content\/uploads\/2022\/09\/Wilier_Filante_Astana-768x464.jpg 768w, https:\/\/www.bicimarket.com\/blog\/wp-content\/uploads\/2022\/09\/Wilier_Filante_Astana-695x420.jpg 695w, https:\/\/www.bicimarket.com\/blog\/wp-content\/uploads\/2022\/09\/Wilier_Filante_Astana-640x387.jpg 640w, https:\/\/www.bicimarket.com\/blog\/wp-content\/uploads\/2022\/09\/Wilier_Filante_Astana-681x411.jpg 681w\" sizes=\"auto, (max-width: 960px) 100vw, 960px\" \/><\/p>\n<p><strong>Lo m\u00e1s avanzado en el segmento aerodin\u00e1mico<\/strong>. La evoluci\u00f3n natural de la Cento- 10PRO, la bicicleta aerodin\u00e1mica de alta gama para profesionales.<\/p>\n<p>Filante SLR es una bicicleta aerodin\u00e1mica m\u00e1s ligera, que mejora claramente la <strong>relaci\u00f3n entre la rigidez y el peso<\/strong>. Se han utilizado los mismos materiales y la misma tecnolog\u00eda que en la realizaci\u00f3n de Wilier 0 SLR.<\/p>\n<p>El resultado es un cuadro de alta gama, aerodin\u00e1mico perfecto para las grandes vueltas.<\/p>\n<p style=\"text-align: center;\"><strong><a href=\"https:\/\/www.bicimarket.com\/es\/366-carretera?q=Disponibilidad-En+stock\/Marca-Wilier\">Descubre los modelos Wilier en Bicimarket.com<\/a><\/strong><\/p>\n<p>&nbsp;<\/p>\n<h3><strong>BAHRAIN VICTORIOUS (MERIDA)<\/strong><\/h3>\n<h4 style=\"text-align: center;\"><strong>Merida Scultura<\/strong><\/h4>\n<p><img loading=\"lazy\" decoding=\"async\" class=\"aligncenter size-full wp-image-6215\" src=\"https:\/\/www.bicimarket.com\/blog\/wp-content\/uploads\/2022\/09\/Merida_Bahrain.jpg\" alt=\"\" width=\"960\" height=\"580\" srcset=\"https:\/\/www.bicimarket.com\/blog\/wp-content\/uploads\/2022\/09\/Merida_Bahrain.jpg 960w, https:\/\/www.bicimarket.com\/blog\/wp-content\/uploads\/2022\/09\/Merida_Bahrain-300x181.jpg 300w, https:\/\/www.bicimarket.com\/blog\/wp-content\/uploads\/2022\/09\/Merida_Bahrain-768x464.jpg 768w, https:\/\/www.bicimarket.com\/blog\/wp-content\/uploads\/2022\/09\/Merida_Bahrain-695x420.jpg 695w, https:\/\/www.bicimarket.com\/blog\/wp-content\/uploads\/2022\/09\/Merida_Bahrain-640x387.jpg 640w, https:\/\/www.bicimarket.com\/blog\/wp-content\/uploads\/2022\/09\/Merida_Bahrain-681x411.jpg 681w\" sizes=\"auto, (max-width: 960px) 100vw, 960px\" \/><\/p>\n<p>Una bicicleta que ya ha sido probada y exigida en competici\u00f3n para alcanzar la excelencia, de la mano del equipo <strong>Bahrain-Victorious<\/strong>. Ha demostrado que es capaz de ganar etapas en pruebas como el Tour de Francia, La Vuelta Espa\u00f1a o la Crit\u00e9rium du Dauphin\u00e9. Concretamente ha visto su peso reducido en 38 gramos respecto al modelo anterior. La comodidad era otro factor en el que Merida ha trabajado para la Scultura Team 2022.<\/p>\n<p>Un cuadro super ligero acompa\u00f1ado del grupo <strong>Shimano Dura-Ace 12s Di2<\/strong> que incluye medidor de potencia. Las ruedas corren a cargo de Vision con sus <strong>METRON 45 SL tubeless ready<\/strong>, muy ligeras y de gran fiabilidad. Por \u00faltimo comentar el <strong>Disc Cooler<\/strong>, una novedad de Merida para una mejor dispersi\u00f3n del calor en descensos largos y exigentes en la zona de los frenos.<\/p>\n<p style=\"text-align: center;\"><strong><a href=\"https:\/\/www.bicimarket.com\/es\/366-carretera?q=Disponibilidad-En+stock\/Marca-Merida\">Descubre los modelos Merida en Bicimarket.com<\/a><\/strong><\/p>\n<p>&nbsp;<\/p>\n<h3><strong>INTERMARCH\u00c9 \u2013 WANTY \u2013 GOBERT MAT\u00c9RIAUX (CUBE)<\/strong><\/h3>\n<h4 style=\"text-align: center;\"><strong>Cube Litening C:68X<\/strong><\/h4>\n<p><img loading=\"lazy\" decoding=\"async\" class=\"aligncenter size-full wp-image-6214\" src=\"https:\/\/www.bicimarket.com\/blog\/wp-content\/uploads\/2022\/09\/Cube_Intermarche_Wenty.jpg\" alt=\"\" width=\"960\" height=\"580\" srcset=\"https:\/\/www.bicimarket.com\/blog\/wp-content\/uploads\/2022\/09\/Cube_Intermarche_Wenty.jpg 960w, https:\/\/www.bicimarket.com\/blog\/wp-content\/uploads\/2022\/09\/Cube_Intermarche_Wenty-300x181.jpg 300w, https:\/\/www.bicimarket.com\/blog\/wp-content\/uploads\/2022\/09\/Cube_Intermarche_Wenty-768x464.jpg 768w, https:\/\/www.bicimarket.com\/blog\/wp-content\/uploads\/2022\/09\/Cube_Intermarche_Wenty-695x420.jpg 695w, https:\/\/www.bicimarket.com\/blog\/wp-content\/uploads\/2022\/09\/Cube_Intermarche_Wenty-640x387.jpg 640w, https:\/\/www.bicimarket.com\/blog\/wp-content\/uploads\/2022\/09\/Cube_Intermarche_Wenty-681x411.jpg 681w\" sizes=\"auto, (max-width: 960px) 100vw, 960px\" \/><\/p>\n<p>Cube ha presentado oficialmente la nueva serie de bicicletas de carretera Litening AIR C:68X. En colaboraci\u00f3n con el equipo UCI World Tour <strong>Intermarch\u00e9-Wanty-Gobert Mat\u00e9riaux<\/strong>, la marca ha creado una nueva bicicleta de competici\u00f3n ultraligera con un peso del <strong>cuadro de solo 799 gramos<\/strong>. Una bici extremadamente ligera, extremadamente aerodin\u00e1mica, pero al mismo tiempo c\u00f3moda de conducir, incluso durante largas jornadas sobre el sill\u00edn como sucede en las Grandes Vueltas.<\/p>\n<p>La bicicleta monta unas ruedas muy ligeras de la marca <strong>Newmen<\/strong>, acompa\u00f1ado del m\u00e1s que conocido grupo <strong>Shimano Dura-Ace Di2<\/strong> Disc. Prologo ser\u00e1 el encargado de proporcionar los sillines del equipo belga.<\/p>\n<p style=\"text-align: center;\"><strong><a href=\"https:\/\/www.bicimarket.com\/es\/366-carretera?q=Disponibilidad-En+stock\">Descubre bicicletas de carretera en stock en Bicimarket.com<\/a><\/strong><\/p>\n<p>&nbsp;<\/p>\n<h3><strong>BURGOS (BH)<\/strong><\/h3>\n<h4 style=\"text-align: center;\"><strong>BH Aerolight<\/strong><\/h4>\n<p><img loading=\"lazy\" decoding=\"async\" class=\"aligncenter size-full wp-image-6213\" src=\"https:\/\/www.bicimarket.com\/blog\/wp-content\/uploads\/2022\/09\/Bh_Burgos.jpg\" alt=\"\" width=\"960\" height=\"580\" srcset=\"https:\/\/www.bicimarket.com\/blog\/wp-content\/uploads\/2022\/09\/Bh_Burgos.jpg 960w, https:\/\/www.bicimarket.com\/blog\/wp-content\/uploads\/2022\/09\/Bh_Burgos-300x181.jpg 300w, https:\/\/www.bicimarket.com\/blog\/wp-content\/uploads\/2022\/09\/Bh_Burgos-768x464.jpg 768w, https:\/\/www.bicimarket.com\/blog\/wp-content\/uploads\/2022\/09\/Bh_Burgos-695x420.jpg 695w, https:\/\/www.bicimarket.com\/blog\/wp-content\/uploads\/2022\/09\/Bh_Burgos-640x387.jpg 640w, https:\/\/www.bicimarket.com\/blog\/wp-content\/uploads\/2022\/09\/Bh_Burgos-681x411.jpg 681w\" sizes=\"auto, (max-width: 960px) 100vw, 960px\" \/><\/p>\n<p>Un modelo que une la ligereza y agilidad de una bicicleta escaladora con la aerodin\u00e1mica y la rigidez de una bici aero.<\/p>\n<p>Partiendo de la base de un cuadro de fibra de carbono de s\u00f3lo 950 gramos de peso que tiene la mejor aerodin\u00e1mica de toda la gama de bicicletas de carretera de BH, la Aerolight del Burgos BH ha recibido una decoraci\u00f3n especial para La Vuelta en colores rojo y negro.<\/p>\n<p>La completa integraci\u00f3n de cables se une al grupo electr\u00f3nico FSA K-Force WE en una combinaci\u00f3n elegante y deportiva, una de las pocas marcas que sale de la marca Shimano.\u00a0Lo mismo sucede con sus ruedas Vision Metron con llanta de carbono, con un perfil ideal para dar continuidad a la est\u00e9tica aerodin\u00e1mica de la BH Aerolight.<\/p>\n<p>Completan el equipamiento de lujo de la Aerolight del Burgos BH componentes de primera calidad como el sill\u00edn Prologo Dimension 143.<\/p>\n<p style=\"text-align: center;\"><a href=\"https:\/\/www.bicimarket.com\/es\/366-carretera?q=Disponibilidad-En+stock\/Marca-BH\"><strong>Descubre las bicicletas BH de carretera en Bicimarket.com<\/strong><\/a><\/p>\n<p>&nbsp;<\/p>\n<h3><strong>AG2R CITRO\u00cbN TEAM (BMC)<\/strong><\/h3>\n<h4 style=\"text-align: center;\"><strong>BMC Team Teammachine SLR 01<\/strong><\/h4>\n<p><img loading=\"lazy\" decoding=\"async\" class=\"aligncenter size-full wp-image-6212\" src=\"https:\/\/www.bicimarket.com\/blog\/wp-content\/uploads\/2022\/09\/AG2R_BMC.jpg\" alt=\"\" width=\"960\" height=\"580\" srcset=\"https:\/\/www.bicimarket.com\/blog\/wp-content\/uploads\/2022\/09\/AG2R_BMC.jpg 960w, https:\/\/www.bicimarket.com\/blog\/wp-content\/uploads\/2022\/09\/AG2R_BMC-300x181.jpg 300w, https:\/\/www.bicimarket.com\/blog\/wp-content\/uploads\/2022\/09\/AG2R_BMC-768x464.jpg 768w, https:\/\/www.bicimarket.com\/blog\/wp-content\/uploads\/2022\/09\/AG2R_BMC-695x420.jpg 695w, https:\/\/www.bicimarket.com\/blog\/wp-content\/uploads\/2022\/09\/AG2R_BMC-640x387.jpg 640w, https:\/\/www.bicimarket.com\/blog\/wp-content\/uploads\/2022\/09\/AG2R_BMC-681x411.jpg 681w\" sizes=\"auto, (max-width: 960px) 100vw, 960px\" \/><\/p>\n<h3><\/h3>\n<p>&nbsp;<\/p>\n<h3><strong>BORA \u2013 HANSGROHE (SPECIALIZED)<\/strong><\/h3>\n<h4 style=\"text-align: center;\"><strong>Specialized S-Works Tarmac SL7<\/strong><\/h4>\n<p><img loading=\"lazy\" decoding=\"async\" class=\"aligncenter size-full wp-image-6235\" src=\"https:\/\/www.bicimarket.com\/blog\/wp-content\/uploads\/2022\/09\/Specialized-Bora.jpg\" alt=\"\" width=\"960\" height=\"580\" srcset=\"https:\/\/www.bicimarket.com\/blog\/wp-content\/uploads\/2022\/09\/Specialized-Bora.jpg 960w, https:\/\/www.bicimarket.com\/blog\/wp-content\/uploads\/2022\/09\/Specialized-Bora-300x181.jpg 300w, https:\/\/www.bicimarket.com\/blog\/wp-content\/uploads\/2022\/09\/Specialized-Bora-768x464.jpg 768w, https:\/\/www.bicimarket.com\/blog\/wp-content\/uploads\/2022\/09\/Specialized-Bora-695x420.jpg 695w, https:\/\/www.bicimarket.com\/blog\/wp-content\/uploads\/2022\/09\/Specialized-Bora-640x387.jpg 640w, https:\/\/www.bicimarket.com\/blog\/wp-content\/uploads\/2022\/09\/Specialized-Bora-681x411.jpg 681w\" sizes=\"auto, (max-width: 960px) 100vw, 960px\" \/><\/p>\n<h3><\/h3>\n<p>&nbsp;<\/p>\n<h3><strong>COFIDIS (DE ROSA)<\/strong><\/h3>\n<h4 style=\"text-align: center;\"><strong>De Rosa Merak<\/strong><\/h4>\n<p><img loading=\"lazy\" decoding=\"async\" class=\"aligncenter size-full wp-image-6226\" src=\"https:\/\/www.bicimarket.com\/blog\/wp-content\/uploads\/2022\/09\/De-Rosa-Cofidis.jpg\" alt=\"\" width=\"960\" height=\"580\" srcset=\"https:\/\/www.bicimarket.com\/blog\/wp-content\/uploads\/2022\/09\/De-Rosa-Cofidis.jpg 960w, https:\/\/www.bicimarket.com\/blog\/wp-content\/uploads\/2022\/09\/De-Rosa-Cofidis-300x181.jpg 300w, https:\/\/www.bicimarket.com\/blog\/wp-content\/uploads\/2022\/09\/De-Rosa-Cofidis-768x464.jpg 768w, https:\/\/www.bicimarket.com\/blog\/wp-content\/uploads\/2022\/09\/De-Rosa-Cofidis-695x420.jpg 695w, https:\/\/www.bicimarket.com\/blog\/wp-content\/uploads\/2022\/09\/De-Rosa-Cofidis-640x387.jpg 640w, https:\/\/www.bicimarket.com\/blog\/wp-content\/uploads\/2022\/09\/De-Rosa-Cofidis-681x411.jpg 681w\" sizes=\"auto, (max-width: 960px) 100vw, 960px\" \/><\/p>\n<h3><\/h3>\n<p>&nbsp;<\/p>\n<h3><strong>EF EDUCATION-EASYPOST (CANNONDALE)<\/strong><\/h3>\n<h4 style=\"text-align: center;\"><strong>Cannondale SuperSix Evo<\/strong><\/h4>\n<p><img loading=\"lazy\" decoding=\"async\" class=\"aligncenter size-full wp-image-6220\" src=\"https:\/\/www.bicimarket.com\/blog\/wp-content\/uploads\/2022\/09\/Cannondale_EF.jpg\" alt=\"\" width=\"960\" height=\"580\" srcset=\"https:\/\/www.bicimarket.com\/blog\/wp-content\/uploads\/2022\/09\/Cannondale_EF.jpg 960w, https:\/\/www.bicimarket.com\/blog\/wp-content\/uploads\/2022\/09\/Cannondale_EF-300x181.jpg 300w, https:\/\/www.bicimarket.com\/blog\/wp-content\/uploads\/2022\/09\/Cannondale_EF-768x464.jpg 768w, https:\/\/www.bicimarket.com\/blog\/wp-content\/uploads\/2022\/09\/Cannondale_EF-695x420.jpg 695w, https:\/\/www.bicimarket.com\/blog\/wp-content\/uploads\/2022\/09\/Cannondale_EF-640x387.jpg 640w, https:\/\/www.bicimarket.com\/blog\/wp-content\/uploads\/2022\/09\/Cannondale_EF-681x411.jpg 681w\" sizes=\"auto, (max-width: 960px) 100vw, 960px\" \/><\/p>\n<p style=\"text-align: right;\">Foto: CyclingTips<\/p>\n<h3><\/h3>\n<p>&nbsp;<\/p>\n<h3><strong>GROUPAMA \u2013 FDJ (LAPIERRE)<\/strong><\/h3>\n<h4 style=\"text-align: center;\"><strong>Lapierre Xelius SL<\/strong><\/h4>\n<p><img loading=\"lazy\" decoding=\"async\" class=\"aligncenter size-full wp-image-6230\" src=\"https:\/\/www.bicimarket.com\/blog\/wp-content\/uploads\/2022\/09\/Lapierre_Xelius.jpg\" alt=\"\" width=\"960\" height=\"580\" srcset=\"https:\/\/www.bicimarket.com\/blog\/wp-content\/uploads\/2022\/09\/Lapierre_Xelius.jpg 960w, https:\/\/www.bicimarket.com\/blog\/wp-content\/uploads\/2022\/09\/Lapierre_Xelius-300x181.jpg 300w, https:\/\/www.bicimarket.com\/blog\/wp-content\/uploads\/2022\/09\/Lapierre_Xelius-768x464.jpg 768w, https:\/\/www.bicimarket.com\/blog\/wp-content\/uploads\/2022\/09\/Lapierre_Xelius-695x420.jpg 695w, https:\/\/www.bicimarket.com\/blog\/wp-content\/uploads\/2022\/09\/Lapierre_Xelius-640x387.jpg 640w, https:\/\/www.bicimarket.com\/blog\/wp-content\/uploads\/2022\/09\/Lapierre_Xelius-681x411.jpg 681w\" sizes=\"auto, (max-width: 960px) 100vw, 960px\" \/><\/p>\n<h3><\/h3>\n<p>&nbsp;<\/p>\n<h3><strong>INEOS GRENADIERS (PINARELLO)<\/strong><\/h3>\n<h4 style=\"text-align: center;\"><strong>Pinarello Dogma F12<\/strong><\/h4>\n<p><img loading=\"lazy\" decoding=\"async\" class=\"aligncenter size-full wp-image-6231\" src=\"https:\/\/www.bicimarket.com\/blog\/wp-content\/uploads\/2022\/09\/Pinarello_DogmaF12.jpg\" alt=\"\" width=\"960\" height=\"580\" srcset=\"https:\/\/www.bicimarket.com\/blog\/wp-content\/uploads\/2022\/09\/Pinarello_DogmaF12.jpg 960w, https:\/\/www.bicimarket.com\/blog\/wp-content\/uploads\/2022\/09\/Pinarello_DogmaF12-300x181.jpg 300w, https:\/\/www.bicimarket.com\/blog\/wp-content\/uploads\/2022\/09\/Pinarello_DogmaF12-768x464.jpg 768w, https:\/\/www.bicimarket.com\/blog\/wp-content\/uploads\/2022\/09\/Pinarello_DogmaF12-695x420.jpg 695w, https:\/\/www.bicimarket.com\/blog\/wp-content\/uploads\/2022\/09\/Pinarello_DogmaF12-640x387.jpg 640w, https:\/\/www.bicimarket.com\/blog\/wp-content\/uploads\/2022\/09\/Pinarello_DogmaF12-681x411.jpg 681w\" sizes=\"auto, (max-width: 960px) 100vw, 960px\" \/><\/p>\n<h3><\/h3>\n<p>&nbsp;<\/p>\n<h3><strong>ISRAEL \u2013 PREMIER TECH (FACTOR)<\/strong><\/h3>\n<h4 style=\"text-align: center;\"><strong>Factor Ostro Vam<\/strong><\/h4>\n<p><img loading=\"lazy\" decoding=\"async\" class=\"aligncenter size-full wp-image-6227\" src=\"https:\/\/www.bicimarket.com\/blog\/wp-content\/uploads\/2022\/09\/Factor-Ostro-Israel-Premier-Tech.jpg\" alt=\"\" width=\"960\" height=\"580\" srcset=\"https:\/\/www.bicimarket.com\/blog\/wp-content\/uploads\/2022\/09\/Factor-Ostro-Israel-Premier-Tech.jpg 960w, https:\/\/www.bicimarket.com\/blog\/wp-content\/uploads\/2022\/09\/Factor-Ostro-Israel-Premier-Tech-300x181.jpg 300w, https:\/\/www.bicimarket.com\/blog\/wp-content\/uploads\/2022\/09\/Factor-Ostro-Israel-Premier-Tech-768x464.jpg 768w, https:\/\/www.bicimarket.com\/blog\/wp-content\/uploads\/2022\/09\/Factor-Ostro-Israel-Premier-Tech-695x420.jpg 695w, https:\/\/www.bicimarket.com\/blog\/wp-content\/uploads\/2022\/09\/Factor-Ostro-Israel-Premier-Tech-640x387.jpg 640w, https:\/\/www.bicimarket.com\/blog\/wp-content\/uploads\/2022\/09\/Factor-Ostro-Israel-Premier-Tech-681x411.jpg 681w\" sizes=\"auto, (max-width: 960px) 100vw, 960px\" \/><\/p>\n<h3><\/h3>\n<p>&nbsp;<\/p>\n<h3><strong>LOTTO SOUDAL (RIDLEY)<\/strong><\/h3>\n<h4 style=\"text-align: center;\"><strong>Ridley Noah Fast<\/strong><\/h4>\n<p><img loading=\"lazy\" decoding=\"async\" class=\"aligncenter size-full wp-image-6232\" src=\"https:\/\/www.bicimarket.com\/blog\/wp-content\/uploads\/2022\/09\/Ridley_Lotto-soudal.jpg\" alt=\"\" width=\"960\" height=\"580\" srcset=\"https:\/\/www.bicimarket.com\/blog\/wp-content\/uploads\/2022\/09\/Ridley_Lotto-soudal.jpg 960w, https:\/\/www.bicimarket.com\/blog\/wp-content\/uploads\/2022\/09\/Ridley_Lotto-soudal-300x181.jpg 300w, https:\/\/www.bicimarket.com\/blog\/wp-content\/uploads\/2022\/09\/Ridley_Lotto-soudal-768x464.jpg 768w, https:\/\/www.bicimarket.com\/blog\/wp-content\/uploads\/2022\/09\/Ridley_Lotto-soudal-695x420.jpg 695w, https:\/\/www.bicimarket.com\/blog\/wp-content\/uploads\/2022\/09\/Ridley_Lotto-soudal-640x387.jpg 640w, https:\/\/www.bicimarket.com\/blog\/wp-content\/uploads\/2022\/09\/Ridley_Lotto-soudal-681x411.jpg 681w\" sizes=\"auto, (max-width: 960px) 100vw, 960px\" \/><\/p>\n<h3><\/h3>\n<p>&nbsp;<\/p>\n<h3><strong>MOVISTAR TE<\/strong><strong>AM (CANYON)<\/strong><\/h3>\n<h4 style=\"text-align: center;\"><strong>Canyon Aeroad CFR<\/strong><\/h4>\n<p><img loading=\"lazy\" decoding=\"async\" class=\"aligncenter size-full wp-image-6221\" src=\"https:\/\/www.bicimarket.com\/blog\/wp-content\/uploads\/2022\/09\/Canyon_Movistar_Team.jpg\" alt=\"\" width=\"960\" height=\"580\" srcset=\"https:\/\/www.bicimarket.com\/blog\/wp-content\/uploads\/2022\/09\/Canyon_Movistar_Team.jpg 960w, https:\/\/www.bicimarket.com\/blog\/wp-content\/uploads\/2022\/09\/Canyon_Movistar_Team-300x181.jpg 300w, https:\/\/www.bicimarket.com\/blog\/wp-content\/uploads\/2022\/09\/Canyon_Movistar_Team-768x464.jpg 768w, https:\/\/www.bicimarket.com\/blog\/wp-content\/uploads\/2022\/09\/Canyon_Movistar_Team-695x420.jpg 695w, https:\/\/www.bicimarket.com\/blog\/wp-content\/uploads\/2022\/09\/Canyon_Movistar_Team-640x387.jpg 640w, https:\/\/www.bicimarket.com\/blog\/wp-content\/uploads\/2022\/09\/Canyon_Movistar_Team-681x411.jpg 681w\" sizes=\"auto, (max-width: 960px) 100vw, 960px\" \/><\/p>\n<h3><\/h3>\n<p>&nbsp;<\/p>\n<h3><strong>QUICK-STEP ALPHA VINYL TEAM (SPECIALIZED)<\/strong><\/h3>\n<h4 style=\"text-align: center;\"><strong>Specialized S-Works Tarmac SL7<\/strong><\/h4>\n<p><img loading=\"lazy\" decoding=\"async\" class=\"aligncenter size-full wp-image-6234\" src=\"https:\/\/www.bicimarket.com\/blog\/wp-content\/uploads\/2022\/09\/Specialized_Quick_Step.jpg\" alt=\"\" width=\"960\" height=\"580\" srcset=\"https:\/\/www.bicimarket.com\/blog\/wp-content\/uploads\/2022\/09\/Specialized_Quick_Step.jpg 960w, https:\/\/www.bicimarket.com\/blog\/wp-content\/uploads\/2022\/09\/Specialized_Quick_Step-300x181.jpg 300w, https:\/\/www.bicimarket.com\/blog\/wp-content\/uploads\/2022\/09\/Specialized_Quick_Step-768x464.jpg 768w, https:\/\/www.bicimarket.com\/blog\/wp-content\/uploads\/2022\/09\/Specialized_Quick_Step-695x420.jpg 695w, https:\/\/www.bicimarket.com\/blog\/wp-content\/uploads\/2022\/09\/Specialized_Quick_Step-640x387.jpg 640w, https:\/\/www.bicimarket.com\/blog\/wp-content\/uploads\/2022\/09\/Specialized_Quick_Step-681x411.jpg 681w\" sizes=\"auto, (max-width: 960px) 100vw, 960px\" \/><\/p>\n<h3><\/h3>\n<p>&nbsp;<\/p>\n<h3><strong>BIKEEXCHANGE JAYCO (GIANT)<\/strong><\/h3>\n<h4 style=\"text-align: center;\"><strong>Giant Propel Advanced SL Disc<\/strong><\/h4>\n<p><img loading=\"lazy\" decoding=\"async\" class=\"aligncenter size-full wp-image-6228\" src=\"https:\/\/www.bicimarket.com\/blog\/wp-content\/uploads\/2022\/09\/Giant_Advanced_SL_Disc_Bike_Exchange.jpg\" alt=\"\" width=\"960\" height=\"580\" srcset=\"https:\/\/www.bicimarket.com\/blog\/wp-content\/uploads\/2022\/09\/Giant_Advanced_SL_Disc_Bike_Exchange.jpg 960w, https:\/\/www.bicimarket.com\/blog\/wp-content\/uploads\/2022\/09\/Giant_Advanced_SL_Disc_Bike_Exchange-300x181.jpg 300w, https:\/\/www.bicimarket.com\/blog\/wp-content\/uploads\/2022\/09\/Giant_Advanced_SL_Disc_Bike_Exchange-768x464.jpg 768w, https:\/\/www.bicimarket.com\/blog\/wp-content\/uploads\/2022\/09\/Giant_Advanced_SL_Disc_Bike_Exchange-695x420.jpg 695w, https:\/\/www.bicimarket.com\/blog\/wp-content\/uploads\/2022\/09\/Giant_Advanced_SL_Disc_Bike_Exchange-640x387.jpg 640w, https:\/\/www.bicimarket.com\/blog\/wp-content\/uploads\/2022\/09\/Giant_Advanced_SL_Disc_Bike_Exchange-681x411.jpg 681w\" sizes=\"auto, (max-width: 960px) 100vw, 960px\" \/><\/p>\n<h3><\/h3>\n<p>&nbsp;<\/p>\n<h3><strong>TEAM DSM (SCOTT)<\/strong><\/h3>\n<h4 style=\"text-align: center;\"><strong>Scott Addict RC<\/strong><\/h4>\n<p><img loading=\"lazy\" decoding=\"async\" class=\"aligncenter size-full wp-image-6233\" src=\"https:\/\/www.bicimarket.com\/blog\/wp-content\/uploads\/2022\/09\/Scott_DSM.jpg\" alt=\"\" width=\"960\" height=\"580\" srcset=\"https:\/\/www.bicimarket.com\/blog\/wp-content\/uploads\/2022\/09\/Scott_DSM.jpg 960w, https:\/\/www.bicimarket.com\/blog\/wp-content\/uploads\/2022\/09\/Scott_DSM-300x181.jpg 300w, https:\/\/www.bicimarket.com\/blog\/wp-content\/uploads\/2022\/09\/Scott_DSM-768x464.jpg 768w, https:\/\/www.bicimarket.com\/blog\/wp-content\/uploads\/2022\/09\/Scott_DSM-695x420.jpg 695w, https:\/\/www.bicimarket.com\/blog\/wp-content\/uploads\/2022\/09\/Scott_DSM-640x387.jpg 640w, https:\/\/www.bicimarket.com\/blog\/wp-content\/uploads\/2022\/09\/Scott_DSM-681x411.jpg 681w\" sizes=\"auto, (max-width: 960px) 100vw, 960px\" \/><\/p>\n<h3><\/h3>\n<h3><\/h3>\n<h3><strong>JUMBO-VISMA (CERV\u00c9LO)<\/strong><\/h3>\n<h4 style=\"text-align: center;\"><strong>Cerv\u00e9lo Caledonia<\/strong><\/h4>\n<h3><img loading=\"lazy\" decoding=\"async\" class=\"aligncenter size-full wp-image-6224\" src=\"https:\/\/www.bicimarket.com\/blog\/wp-content\/uploads\/2022\/09\/Cervelo_jumbo.jpg\" alt=\"\" width=\"960\" height=\"580\" srcset=\"https:\/\/www.bicimarket.com\/blog\/wp-content\/uploads\/2022\/09\/Cervelo_jumbo.jpg 960w, https:\/\/www.bicimarket.com\/blog\/wp-content\/uploads\/2022\/09\/Cervelo_jumbo-300x181.jpg 300w, https:\/\/www.bicimarket.com\/blog\/wp-content\/uploads\/2022\/09\/Cervelo_jumbo-768x464.jpg 768w, https:\/\/www.bicimarket.com\/blog\/wp-content\/uploads\/2022\/09\/Cervelo_jumbo-695x420.jpg 695w, https:\/\/www.bicimarket.com\/blog\/wp-content\/uploads\/2022\/09\/Cervelo_jumbo-640x387.jpg 640w, https:\/\/www.bicimarket.com\/blog\/wp-content\/uploads\/2022\/09\/Cervelo_jumbo-681x411.jpg 681w\" sizes=\"auto, (max-width: 960px) 100vw, 960px\" \/><\/h3>\n<h3><\/h3>\n<h3><strong>TREK \u2013 SEGAFREDO (TREK)<\/strong><\/h3>\n<h4 style=\"text-align: center;\"><strong>Trek Domane<\/strong><\/h4>\n<h3><img loading=\"lazy\" decoding=\"async\" class=\"aligncenter size-full wp-image-6236\" src=\"https:\/\/www.bicimarket.com\/blog\/wp-content\/uploads\/2022\/09\/Trek-Domane-Trek-Segafredo.jpg\" alt=\"\" width=\"960\" height=\"580\" srcset=\"https:\/\/www.bicimarket.com\/blog\/wp-content\/uploads\/2022\/09\/Trek-Domane-Trek-Segafredo.jpg 960w, https:\/\/www.bicimarket.com\/blog\/wp-content\/uploads\/2022\/09\/Trek-Domane-Trek-Segafredo-300x181.jpg 300w, https:\/\/www.bicimarket.com\/blog\/wp-content\/uploads\/2022\/09\/Trek-Domane-Trek-Segafredo-768x464.jpg 768w, https:\/\/www.bicimarket.com\/blog\/wp-content\/uploads\/2022\/09\/Trek-Domane-Trek-Segafredo-695x420.jpg 695w, https:\/\/www.bicimarket.com\/blog\/wp-content\/uploads\/2022\/09\/Trek-Domane-Trek-Segafredo-640x387.jpg 640w, https:\/\/www.bicimarket.com\/blog\/wp-content\/uploads\/2022\/09\/Trek-Domane-Trek-Segafredo-681x411.jpg 681w\" sizes=\"auto, (max-width: 960px) 100vw, 960px\" \/><\/h3>\n<h3><\/h3>\n<h3><strong>UAE-TEAM EMIRATES (COLNAGO)<\/strong><\/h3>\n<h4 style=\"text-align: center;\"><strong>Colnago V3RS DISC<\/strong><\/h4>\n<h3><img loading=\"lazy\" decoding=\"async\" class=\"aligncenter size-full wp-image-6225\" src=\"https:\/\/www.bicimarket.com\/blog\/wp-content\/uploads\/2022\/09\/Colnago_UAE.jpg\" alt=\"\" width=\"960\" height=\"580\" srcset=\"https:\/\/www.bicimarket.com\/blog\/wp-content\/uploads\/2022\/09\/Colnago_UAE.jpg 960w, https:\/\/www.bicimarket.com\/blog\/wp-content\/uploads\/2022\/09\/Colnago_UAE-300x181.jpg 300w, https:\/\/www.bicimarket.com\/blog\/wp-content\/uploads\/2022\/09\/Colnago_UAE-768x464.jpg 768w, https:\/\/www.bicimarket.com\/blog\/wp-content\/uploads\/2022\/09\/Colnago_UAE-695x420.jpg 695w, https:\/\/www.bicimarket.com\/blog\/wp-content\/uploads\/2022\/09\/Colnago_UAE-640x387.jpg 640w, https:\/\/www.bicimarket.com\/blog\/wp-content\/uploads\/2022\/09\/Colnago_UAE-681x411.jpg 681w\" sizes=\"auto, (max-width: 960px) 100vw, 960px\" \/><\/h3>\n<h3><\/h3>\n<h3><strong>ALPECIN-FENIX (CANYON)<\/strong><\/h3>\n<h4 style=\"text-align: center;\"><strong>Canyon Aeroad CFR<\/strong><\/h4>\n<h3><img loading=\"lazy\" decoding=\"async\" class=\"aligncenter size-full wp-image-6223\" src=\"https:\/\/www.bicimarket.com\/blog\/wp-content\/uploads\/2022\/09\/Canyon-ultimate-alpecin-fenix.jpg\" alt=\"\" width=\"960\" height=\"580\" srcset=\"https:\/\/www.bicimarket.com\/blog\/wp-content\/uploads\/2022\/09\/Canyon-ultimate-alpecin-fenix.jpg 960w, https:\/\/www.bicimarket.com\/blog\/wp-content\/uploads\/2022\/09\/Canyon-ultimate-alpecin-fenix-300x181.jpg 300w, https:\/\/www.bicimarket.com\/blog\/wp-content\/uploads\/2022\/09\/Canyon-ultimate-alpecin-fenix-768x464.jpg 768w, https:\/\/www.bicimarket.com\/blog\/wp-content\/uploads\/2022\/09\/Canyon-ultimate-alpecin-fenix-695x420.jpg 695w, https:\/\/www.bicimarket.com\/blog\/wp-content\/uploads\/2022\/09\/Canyon-ultimate-alpecin-fenix-640x387.jpg 640w, https:\/\/www.bicimarket.com\/blog\/wp-content\/uploads\/2022\/09\/Canyon-ultimate-alpecin-fenix-681x411.jpg 681w\" sizes=\"auto, (max-width: 960px) 100vw, 960px\" \/><\/h3>\n<h3><\/h3>\n<h3><strong>EQUIPO KERN PHARMA (GIANT)<\/strong><\/h3>\n<h4 style=\"text-align: center;\"><strong>Giant Propel Advanced SL Disc<\/strong><\/h4>\n<h3><img loading=\"lazy\" decoding=\"async\" class=\"aligncenter size-full wp-image-6229\" src=\"https:\/\/www.bicimarket.com\/blog\/wp-content\/uploads\/2022\/09\/Giant-TCR-Advanced-SL-Kern.jpg\" alt=\"\" width=\"960\" height=\"580\" srcset=\"https:\/\/www.bicimarket.com\/blog\/wp-content\/uploads\/2022\/09\/Giant-TCR-Advanced-SL-Kern.jpg 960w, https:\/\/www.bicimarket.com\/blog\/wp-content\/uploads\/2022\/09\/Giant-TCR-Advanced-SL-Kern-300x181.jpg 300w, https:\/\/www.bicimarket.com\/blog\/wp-content\/uploads\/2022\/09\/Giant-TCR-Advanced-SL-Kern-768x464.jpg 768w, https:\/\/www.bicimarket.com\/blog\/wp-content\/uploads\/2022\/09\/Giant-TCR-Advanced-SL-Kern-695x420.jpg 695w, https:\/\/www.bicimarket.com\/blog\/wp-content\/uploads\/2022\/09\/Giant-TCR-Advanced-SL-Kern-640x387.jpg 640w, https:\/\/www.bicimarket.com\/blog\/wp-content\/uploads\/2022\/09\/Giant-TCR-Advanced-SL-Kern-681x411.jpg 681w\" sizes=\"auto, (max-width: 960px) 100vw, 960px\" \/><\/h3>\n<h3><\/h3>\n<h3><strong>EUSKALTEL \u2013 EUSKADI (ORBEA)<\/strong><\/h3>\n<h4 style=\"text-align: center;\"><strong>Orbea Orca<\/strong><\/h4>\n<h3><img loading=\"lazy\" decoding=\"async\" class=\"aligncenter size-full wp-image-6216\" src=\"https:\/\/www.bicimarket.com\/blog\/wp-content\/uploads\/2022\/09\/Orbea_Euskaltel.jpg\" alt=\"\" width=\"960\" height=\"580\" srcset=\"https:\/\/www.bicimarket.com\/blog\/wp-content\/uploads\/2022\/09\/Orbea_Euskaltel.jpg 960w, https:\/\/www.bicimarket.com\/blog\/wp-content\/uploads\/2022\/09\/Orbea_Euskaltel-300x181.jpg 300w, https:\/\/www.bicimarket.com\/blog\/wp-content\/uploads\/2022\/09\/Orbea_Euskaltel-768x464.jpg 768w, https:\/\/www.bicimarket.com\/blog\/wp-content\/uploads\/2022\/09\/Orbea_Euskaltel-695x420.jpg 695w, https:\/\/www.bicimarket.com\/blog\/wp-content\/uploads\/2022\/09\/Orbea_Euskaltel-640x387.jpg 640w, https:\/\/www.bicimarket.com\/blog\/wp-content\/uploads\/2022\/09\/Orbea_Euskaltel-681x411.jpg 681w\" sizes=\"auto, (max-width: 960px) 100vw, 960px\" \/><\/h3>\n<h3><\/h3>\n<h3><strong>TEAM ARK\u00c9A SAMSIC (CANYON)<\/strong><\/h3>\n<h4 style=\"text-align: center;\"><strong>Canyon Aeroad CFR<\/strong><\/h4>\n<p><img loading=\"lazy\" decoding=\"async\" class=\"aligncenter size-full wp-image-6222\" src=\"https:\/\/www.bicimarket.com\/blog\/wp-content\/uploads\/2022\/09\/Canyon-Arkea-samsic.jpg\" alt=\"\" width=\"960\" height=\"580\" srcset=\"https:\/\/www.bicimarket.com\/blog\/wp-content\/uploads\/2022\/09\/Canyon-Arkea-samsic.jpg 960w, https:\/\/www.bicimarket.com\/blog\/wp-content\/uploads\/2022\/09\/Canyon-Arkea-samsic-300x181.jpg 300w, https:\/\/www.bicimarket.com\/blog\/wp-content\/uploads\/2022\/09\/Canyon-Arkea-samsic-768x464.jpg 768w, https:\/\/www.bicimarket.com\/blog\/wp-content\/uploads\/2022\/09\/Canyon-Arkea-samsic-695x420.jpg 695w, https:\/\/www.bicimarket.com\/blog\/wp-content\/uploads\/2022\/09\/Canyon-Arkea-samsic-640x387.jpg 640w, https:\/\/www.bicimarket.com\/blog\/wp-content\/uploads\/2022\/09\/Canyon-Arkea-samsic-681x411.jpg 681w\" sizes=\"auto, (max-width: 960px) 100vw, 960px\" \/><\/p>\n<p>&nbsp;<\/p>\n<p>Estas son las bicicletas de La Vuelta a Espa\u00f1a 2022. A nosotros nos gustan todas, est\u00e1 claro que son aut\u00e9nticos aviones encima de la carretera, y t\u00fa, \u00bfCon cu\u00e1l te quedas?<\/p>\n<p>&nbsp;<\/p>\n<p style=\"text-align: center;\"><strong><a href=\"https:\/\/www.bicimarket.com\/es\/366-carretera?q=Disponibilidad-En+stock\">Descubre m\u00e1s bicicletas de carretera en Bicimarket.com<\/a><\/strong><\/p>\n","protected":false},"excerpt":{"rendered":"<p>Descubre las bicicletas de todos los equipos profesionales para esta Vuelta a Espa\u00f1a 2022.<\/p>\n","protected":false},"author":1,"featured_media":6253,"comment_status":"closed","ping_status":"closed","sticky":false,"template":"","format":"standard","meta":{"_lmt_disableupdate":"","_lmt_disable":"","footnotes":""},"categories":[567,563,562],"tags":[],"class_list":["post-6207","post","type-post","status-publish","format-standard","has-post-thumbnail","hentry","category-bicicletas","category-competicion","category-novedades"],"yoast_head":"<!-- This site is optimized with the Yoast SEO plugin v27.4 - https:\/\/yoast.com\/product\/yoast-seo-wordpress\/ -->\n<title>Las bicicletas de La Vuelta a Espa\u00f1a 2022 - El Blog de Bicimarket<\/title>\n<meta name=\"description\" content=\"No hay mejor escaparate para las marcas que una gran vuelta. Descubre las bicicletas de todos los equipos de La Vuelta a Espa\u00f1a 2022.\" \/>\n<meta name=\"robots\" content=\"index, follow, max-snippet:-1, max-image-preview:large, max-video-preview:-1\" \/>\n<link rel=\"canonical\" href=\"https:\/\/www.bicimarket.com\/blog\/las-bicicletas-de-la-vuelta-a-espana-2022\/\" \/>\n<meta property=\"og:locale\" content=\"es_ES\" \/>\n<meta property=\"og:type\" content=\"article\" \/>\n<meta property=\"og:title\" content=\"Las bicicletas de La Vuelta a Espa\u00f1a 2022 - El Blog de Bicimarket\" \/>\n<meta property=\"og:description\" content=\"No hay mejor escaparate para las marcas que una gran vuelta. Descubre las bicicletas de todos los equipos de La Vuelta a Espa\u00f1a 2022.\" \/>\n<meta property=\"og:url\" content=\"https:\/\/www.bicimarket.com\/blog\/las-bicicletas-de-la-vuelta-a-espana-2022\/\" \/>\n<meta property=\"og:site_name\" content=\"El Blog de Bicimarket\" \/>\n<meta property=\"article:publisher\" content=\"https:\/\/www.facebook.com\/Bicimarketcom\/\" \/>\n<meta property=\"article:published_time\" content=\"2022-09-05T07:26:15+00:00\" \/>\n<meta property=\"article:modified_time\" content=\"2022-09-05T12:02:58+00:00\" \/>\n<meta property=\"og:image\" content=\"https:\/\/www.bicimarket.com\/blog\/wp-content\/uploads\/2022\/09\/Portada-articulo-vuelta.jpg\" \/>\n\t<meta property=\"og:image:width\" content=\"960\" \/>\n\t<meta property=\"og:image:height\" content=\"580\" \/>\n\t<meta property=\"og:image:type\" content=\"image\/jpeg\" \/>\n<meta name=\"author\" content=\"Bicimarket\" \/>\n<meta name=\"twitter:label1\" content=\"Escrito por\" \/>\n\t<meta name=\"twitter:data1\" content=\"Bicimarket\" \/>\n\t<meta name=\"twitter:label2\" content=\"Tiempo de lectura\" \/>\n\t<meta name=\"twitter:data2\" content=\"9 minutos\" \/>\n<script type=\"application\/ld+json\" class=\"yoast-schema-graph\">{\"@context\":\"https:\\\/\\\/schema.org\",\"@graph\":[{\"@type\":\"Article\",\"@id\":\"https:\\\/\\\/www.bicimarket.com\\\/blog\\\/las-bicicletas-de-la-vuelta-a-espana-2022\\\/#article\",\"isPartOf\":{\"@id\":\"https:\\\/\\\/www.bicimarket.com\\\/blog\\\/las-bicicletas-de-la-vuelta-a-espana-2022\\\/\"},\"author\":{\"name\":\"Bicimarket\",\"@id\":\"https:\\\/\\\/www.bicimarket.com\\\/blog\\\/#\\\/schema\\\/person\\\/66369cbf23f3079a722e74b04774561f\"},\"headline\":\"Las bicicletas de La Vuelta a Espa\u00f1a 2022\",\"datePublished\":\"2022-09-05T07:26:15+00:00\",\"dateModified\":\"2022-09-05T12:02:58+00:00\",\"mainEntityOfPage\":{\"@id\":\"https:\\\/\\\/www.bicimarket.com\\\/blog\\\/las-bicicletas-de-la-vuelta-a-espana-2022\\\/\"},\"wordCount\":890,\"image\":{\"@id\":\"https:\\\/\\\/www.bicimarket.com\\\/blog\\\/las-bicicletas-de-la-vuelta-a-espana-2022\\\/#primaryimage\"},\"thumbnailUrl\":\"https:\\\/\\\/www.bicimarket.com\\\/blog\\\/wp-content\\\/uploads\\\/2022\\\/09\\\/Portada-articulo-vuelta.jpg\",\"articleSection\":[\"BICICLETAS\",\"COMPETICI\u00d3N Y EVENTOS\",\"NOVEDADES\"],\"inLanguage\":\"es\"},{\"@type\":\"WebPage\",\"@id\":\"https:\\\/\\\/www.bicimarket.com\\\/blog\\\/las-bicicletas-de-la-vuelta-a-espana-2022\\\/\",\"url\":\"https:\\\/\\\/www.bicimarket.com\\\/blog\\\/las-bicicletas-de-la-vuelta-a-espana-2022\\\/\",\"name\":\"Las bicicletas de La Vuelta a Espa\u00f1a 2022 - El Blog de Bicimarket\",\"isPartOf\":{\"@id\":\"https:\\\/\\\/www.bicimarket.com\\\/blog\\\/#website\"},\"primaryImageOfPage\":{\"@id\":\"https:\\\/\\\/www.bicimarket.com\\\/blog\\\/las-bicicletas-de-la-vuelta-a-espana-2022\\\/#primaryimage\"},\"image\":{\"@id\":\"https:\\\/\\\/www.bicimarket.com\\\/blog\\\/las-bicicletas-de-la-vuelta-a-espana-2022\\\/#primaryimage\"},\"thumbnailUrl\":\"https:\\\/\\\/www.bicimarket.com\\\/blog\\\/wp-content\\\/uploads\\\/2022\\\/09\\\/Portada-articulo-vuelta.jpg\",\"datePublished\":\"2022-09-05T07:26:15+00:00\",\"dateModified\":\"2022-09-05T12:02:58+00:00\",\"author\":{\"@id\":\"https:\\\/\\\/www.bicimarket.com\\\/blog\\\/#\\\/schema\\\/person\\\/66369cbf23f3079a722e74b04774561f\"},\"description\":\"No hay mejor escaparate para las marcas que una gran vuelta. Descubre las bicicletas de todos los equipos de La Vuelta a Espa\u00f1a 2022.\",\"breadcrumb\":{\"@id\":\"https:\\\/\\\/www.bicimarket.com\\\/blog\\\/las-bicicletas-de-la-vuelta-a-espana-2022\\\/#breadcrumb\"},\"inLanguage\":\"es\",\"potentialAction\":[{\"@type\":\"ReadAction\",\"target\":[\"https:\\\/\\\/www.bicimarket.com\\\/blog\\\/las-bicicletas-de-la-vuelta-a-espana-2022\\\/\"]}]},{\"@type\":\"ImageObject\",\"inLanguage\":\"es\",\"@id\":\"https:\\\/\\\/www.bicimarket.com\\\/blog\\\/las-bicicletas-de-la-vuelta-a-espana-2022\\\/#primaryimage\",\"url\":\"https:\\\/\\\/www.bicimarket.com\\\/blog\\\/wp-content\\\/uploads\\\/2022\\\/09\\\/Portada-articulo-vuelta.jpg\",\"contentUrl\":\"https:\\\/\\\/www.bicimarket.com\\\/blog\\\/wp-content\\\/uploads\\\/2022\\\/09\\\/Portada-articulo-vuelta.jpg\",\"width\":960,\"height\":580,\"caption\":\"Las bicicletas de La Vuelta a Espa\u00f1a 2022\"},{\"@type\":\"BreadcrumbList\",\"@id\":\"https:\\\/\\\/www.bicimarket.com\\\/blog\\\/las-bicicletas-de-la-vuelta-a-espana-2022\\\/#breadcrumb\",\"itemListElement\":[{\"@type\":\"ListItem\",\"position\":1,\"name\":\"Portada\",\"item\":\"https:\\\/\\\/www.bicimarket.com\\\/blog\\\/\"},{\"@type\":\"ListItem\",\"position\":2,\"name\":\"Las bicicletas de La Vuelta a Espa\u00f1a 2022\"}]},{\"@type\":\"WebSite\",\"@id\":\"https:\\\/\\\/www.bicimarket.com\\\/blog\\\/#website\",\"url\":\"https:\\\/\\\/www.bicimarket.com\\\/blog\\\/\",\"name\":\"El Blog de Bicimarket\",\"description\":\"Nos apasiona el ciclismo \u00bfTe apuntas con nosotros?\",\"potentialAction\":[{\"@type\":\"SearchAction\",\"target\":{\"@type\":\"EntryPoint\",\"urlTemplate\":\"https:\\\/\\\/www.bicimarket.com\\\/blog\\\/?s={search_term_string}\"},\"query-input\":{\"@type\":\"PropertyValueSpecification\",\"valueRequired\":true,\"valueName\":\"search_term_string\"}}],\"inLanguage\":\"es\"},{\"@type\":\"Person\",\"@id\":\"https:\\\/\\\/www.bicimarket.com\\\/blog\\\/#\\\/schema\\\/person\\\/66369cbf23f3079a722e74b04774561f\",\"name\":\"Bicimarket\",\"image\":{\"@type\":\"ImageObject\",\"inLanguage\":\"es\",\"@id\":\"https:\\\/\\\/secure.gravatar.com\\\/avatar\\\/e6abd05c671a2d14ec3e9d2d25f2f0266e6e71f6609852e840b5447e5b18bcd5?s=96&d=mm&r=g\",\"url\":\"https:\\\/\\\/secure.gravatar.com\\\/avatar\\\/e6abd05c671a2d14ec3e9d2d25f2f0266e6e71f6609852e840b5447e5b18bcd5?s=96&d=mm&r=g\",\"contentUrl\":\"https:\\\/\\\/secure.gravatar.com\\\/avatar\\\/e6abd05c671a2d14ec3e9d2d25f2f0266e6e71f6609852e840b5447e5b18bcd5?s=96&d=mm&r=g\",\"caption\":\"Bicimarket\"},\"sameAs\":[\"https:\\\/\\\/www.bicimarket.com\\\/blog\\\/\"]}]}<\/script>\n<!-- \/ Yoast SEO plugin. -->","yoast_head_json":{"title":"Las bicicletas de La Vuelta a Espa\u00f1a 2022 - El Blog de Bicimarket","description":"No hay mejor escaparate para las marcas que una gran vuelta. Descubre las bicicletas de todos los equipos de La Vuelta a Espa\u00f1a 2022.","robots":{"index":"index","follow":"follow","max-snippet":"max-snippet:-1","max-image-preview":"max-image-preview:large","max-video-preview":"max-video-preview:-1"},"canonical":"https:\/\/www.bicimarket.com\/blog\/las-bicicletas-de-la-vuelta-a-espana-2022\/","og_locale":"es_ES","og_type":"article","og_title":"Las bicicletas de La Vuelta a Espa\u00f1a 2022 - El Blog de Bicimarket","og_description":"No hay mejor escaparate para las marcas que una gran vuelta. Descubre las bicicletas de todos los equipos de La Vuelta a Espa\u00f1a 2022.","og_url":"https:\/\/www.bicimarket.com\/blog\/las-bicicletas-de-la-vuelta-a-espana-2022\/","og_site_name":"El Blog de Bicimarket","article_publisher":"https:\/\/www.facebook.com\/Bicimarketcom\/","article_published_time":"2022-09-05T07:26:15+00:00","article_modified_time":"2022-09-05T12:02:58+00:00","og_image":[{"width":960,"height":580,"url":"https:\/\/www.bicimarket.com\/blog\/wp-content\/uploads\/2022\/09\/Portada-articulo-vuelta.jpg","type":"image\/jpeg"}],"author":"Bicimarket","twitter_misc":{"Escrito por":"Bicimarket","Tiempo de lectura":"9 minutos"},"schema":{"@context":"https:\/\/schema.org","@graph":[{"@type":"Article","@id":"https:\/\/www.bicimarket.com\/blog\/las-bicicletas-de-la-vuelta-a-espana-2022\/#article","isPartOf":{"@id":"https:\/\/www.bicimarket.com\/blog\/las-bicicletas-de-la-vuelta-a-espana-2022\/"},"author":{"name":"Bicimarket","@id":"https:\/\/www.bicimarket.com\/blog\/#\/schema\/person\/66369cbf23f3079a722e74b04774561f"},"headline":"Las bicicletas de La Vuelta a Espa\u00f1a 2022","datePublished":"2022-09-05T07:26:15+00:00","dateModified":"2022-09-05T12:02:58+00:00","mainEntityOfPage":{"@id":"https:\/\/www.bicimarket.com\/blog\/las-bicicletas-de-la-vuelta-a-espana-2022\/"},"wordCount":890,"image":{"@id":"https:\/\/www.bicimarket.com\/blog\/las-bicicletas-de-la-vuelta-a-espana-2022\/#primaryimage"},"thumbnailUrl":"https:\/\/www.bicimarket.com\/blog\/wp-content\/uploads\/2022\/09\/Portada-articulo-vuelta.jpg","articleSection":["BICICLETAS","COMPETICI\u00d3N Y EVENTOS","NOVEDADES"],"inLanguage":"es"},{"@type":"WebPage","@id":"https:\/\/www.bicimarket.com\/blog\/las-bicicletas-de-la-vuelta-a-espana-2022\/","url":"https:\/\/www.bicimarket.com\/blog\/las-bicicletas-de-la-vuelta-a-espana-2022\/","name":"Las bicicletas de La Vuelta a Espa\u00f1a 2022 - El Blog de Bicimarket","isPartOf":{"@id":"https:\/\/www.bicimarket.com\/blog\/#website"},"primaryImageOfPage":{"@id":"https:\/\/www.bicimarket.com\/blog\/las-bicicletas-de-la-vuelta-a-espana-2022\/#primaryimage"},"image":{"@id":"https:\/\/www.bicimarket.com\/blog\/las-bicicletas-de-la-vuelta-a-espana-2022\/#primaryimage"},"thumbnailUrl":"https:\/\/www.bicimarket.com\/blog\/wp-content\/uploads\/2022\/09\/Portada-articulo-vuelta.jpg","datePublished":"2022-09-05T07:26:15+00:00","dateModified":"2022-09-05T12:02:58+00:00","author":{"@id":"https:\/\/www.bicimarket.com\/blog\/#\/schema\/person\/66369cbf23f3079a722e74b04774561f"},"description":"No hay mejor escaparate para las marcas que una gran vuelta. Descubre las bicicletas de todos los equipos de La Vuelta a Espa\u00f1a 2022.","breadcrumb":{"@id":"https:\/\/www.bicimarket.com\/blog\/las-bicicletas-de-la-vuelta-a-espana-2022\/#breadcrumb"},"inLanguage":"es","potentialAction":[{"@type":"ReadAction","target":["https:\/\/www.bicimarket.com\/blog\/las-bicicletas-de-la-vuelta-a-espana-2022\/"]}]},{"@type":"ImageObject","inLanguage":"es","@id":"https:\/\/www.bicimarket.com\/blog\/las-bicicletas-de-la-vuelta-a-espana-2022\/#primaryimage","url":"https:\/\/www.bicimarket.com\/blog\/wp-content\/uploads\/2022\/09\/Portada-articulo-vuelta.jpg","contentUrl":"https:\/\/www.bicimarket.com\/blog\/wp-content\/uploads\/2022\/09\/Portada-articulo-vuelta.jpg","width":960,"height":580,"caption":"Las bicicletas de La Vuelta a Espa\u00f1a 2022"},{"@type":"BreadcrumbList","@id":"https:\/\/www.bicimarket.com\/blog\/las-bicicletas-de-la-vuelta-a-espana-2022\/#breadcrumb","itemListElement":[{"@type":"ListItem","position":1,"name":"Portada","item":"https:\/\/www.bicimarket.com\/blog\/"},{"@type":"ListItem","position":2,"name":"Las bicicletas de La Vuelta a Espa\u00f1a 2022"}]},{"@type":"WebSite","@id":"https:\/\/www.bicimarket.com\/blog\/#website","url":"https:\/\/www.bicimarket.com\/blog\/","name":"El Blog de Bicimarket","description":"Nos apasiona el ciclismo \u00bfTe apuntas con nosotros?","potentialAction":[{"@type":"SearchAction","target":{"@type":"EntryPoint","urlTemplate":"https:\/\/www.bicimarket.com\/blog\/?s={search_term_string}"},"query-input":{"@type":"PropertyValueSpecification","valueRequired":true,"valueName":"search_term_string"}}],"inLanguage":"es"},{"@type":"Person","@id":"https:\/\/www.bicimarket.com\/blog\/#\/schema\/person\/66369cbf23f3079a722e74b04774561f","name":"Bicimarket","image":{"@type":"ImageObject","inLanguage":"es","@id":"https:\/\/secure.gravatar.com\/avatar\/e6abd05c671a2d14ec3e9d2d25f2f0266e6e71f6609852e840b5447e5b18bcd5?s=96&d=mm&r=g","url":"https:\/\/secure.gravatar.com\/avatar\/e6abd05c671a2d14ec3e9d2d25f2f0266e6e71f6609852e840b5447e5b18bcd5?s=96&d=mm&r=g","contentUrl":"https:\/\/secure.gravatar.com\/avatar\/e6abd05c671a2d14ec3e9d2d25f2f0266e6e71f6609852e840b5447e5b18bcd5?s=96&d=mm&r=g","caption":"Bicimarket"},"sameAs":["https:\/\/www.bicimarket.com\/blog\/"]}]}},"modified_by":"Bicimarket","_links":{"self":[{"href":"https:\/\/www.bicimarket.com\/blog\/wp-json\/wp\/v2\/posts\/6207","targetHints":{"allow":["GET"]}}],"collection":[{"href":"https:\/\/www.bicimarket.com\/blog\/wp-json\/wp\/v2\/posts"}],"about":[{"href":"https:\/\/www.bicimarket.com\/blog\/wp-json\/wp\/v2\/types\/post"}],"author":[{"embeddable":true,"href":"https:\/\/www.bicimarket.com\/blog\/wp-json\/wp\/v2\/users\/1"}],"replies":[{"embeddable":true,"href":"https:\/\/www.bicimarket.com\/blog\/wp-json\/wp\/v2\/comments?post=6207"}],"version-history":[{"count":21,"href":"https:\/\/www.bicimarket.com\/blog\/wp-json\/wp\/v2\/posts\/6207\/revisions"}],"predecessor-version":[{"id":6256,"href":"https:\/\/www.bicimarket.com\/blog\/wp-json\/wp\/v2\/posts\/6207\/revisions\/6256"}],"wp:featuredmedia":[{"embeddable":true,"href":"https:\/\/www.bicimarket.com\/blog\/wp-json\/wp\/v2\/media\/6253"}],"wp:attachment":[{"href":"https:\/\/www.bicimarket.com\/blog\/wp-json\/wp\/v2\/media?parent=6207"}],"wp:term":[{"taxonomy":"category","embeddable":true,"href":"https:\/\/www.bicimarket.com\/blog\/wp-json\/wp\/v2\/categories?post=6207"},{"taxonomy":"post_tag","embeddable":true,"href":"https:\/\/www.bicimarket.com\/blog\/wp-json\/wp\/v2\/tags?post=6207"}],"curies":[{"name":"wp","href":"https:\/\/api.w.org\/{rel}","templated":true}]}}