{"id":6171,"date":"2022-08-18T18:00:29","date_gmt":"2022-08-18T17:00:29","guid":{"rendered":"https:\/\/www.bicimarket.com\/blog\/?p=6171"},"modified":"2022-08-22T16:03:25","modified_gmt":"2022-08-22T15:03:25","slug":"vuelta-a-espana-2022-los-puertos-de-montana","status":"publish","type":"post","link":"https:\/\/www.bicimarket.com\/blog\/vuelta-a-espana-2022-los-puertos-de-montana\/","title":{"rendered":"Vuelta a Espa\u00f1a 2022: Los puertos de monta\u00f1a"},"content":{"rendered":"<p>La Vuelta ciclista a Espa\u00f1a 2022\u00a0<b>se disputa del viernes 19 de agosto al domingo 11 de septiembre <\/b>y vuelve a tener sin duda alguna un car\u00e1cter monta\u00f1oso. Los puertos de monta\u00f1a vuelven a tener mucha importancia en esta vuelta ciclista 2022. En total, ser\u00e1n seis etapas llanas, <strong>dos etapas llanas con final en alto<\/strong>, cuatro etapas de media monta\u00f1a, <strong>siete etapas de monta\u00f1a<\/strong>, una contrarreloj por equipo, otra individual y tres d\u00edas de descanso. Una gran presencia de etapas de monta\u00f1a que nos asegura un espect\u00e1culo garantizado. A continuaci\u00f3n os presentamos los perfiles de algunas de <strong>las etapas clave de la vuelta a Espa\u00f1a 2022<\/strong>.<\/p>\n<h2><strong>ETAPAS CLAVE DE LA VUELTA A ESPA\u00d1A 2022<\/strong><\/h2>\n<h3><strong>Puertos de monta\u00f1a de La Vuelta 2022<\/strong><\/h3>\n<h4><strong>Etapa 6: Bilbao &gt; Ascensi\u00f3n al Pico Jano. San Miguel de Aguayo<\/strong><\/h4>\n<p>La etapa 6 se llevar\u00e1 a cabo el d\u00eda 25\/08\/2022 y cuenta con un total de 181,2 km. De nuevo Bilbao da la salida a La Vuelta a Espa\u00f1a. Una llega en alto jam\u00e1s realizada: el Pico Jano. Una cumbre del Valle de Igu\u00f1a con 12,7 km al 6,5% y un tramo inicial de 4 kil\u00f3metros con una media superior al 8,5%. Ser\u00e1 el primer final en alto de La Vuelta 2022.<\/p>\n<ul>\n<li>Puerto: Pico Jano, Provincia de Cantabria<\/li>\n<li>Km de ascenso: 12,6<\/li>\n<li>Altitud: 1.134m<\/li>\n<li>Porcentaje medio: 6,55%<\/li>\n<li>Categor\u00eda: 1<\/li>\n<\/ul>\n<p><img loading=\"lazy\" decoding=\"async\" class=\"aligncenter wp-image-6172 size-full\" title=\"Etapa 6 de la vuelta ciclista a Espa\u00f1a\" src=\"https:\/\/www.bicimarket.com\/blog\/wp-content\/uploads\/2022\/08\/TITGEVSVAFAPNBJYUPVCNN6HWQ.jpg\" alt=\"Etapa 6 de la vuelta ciclista a Espa\u00f1a\" width=\"644\" height=\"282\" srcset=\"https:\/\/www.bicimarket.com\/blog\/wp-content\/uploads\/2022\/08\/TITGEVSVAFAPNBJYUPVCNN6HWQ.jpg 644w, https:\/\/www.bicimarket.com\/blog\/wp-content\/uploads\/2022\/08\/TITGEVSVAFAPNBJYUPVCNN6HWQ-300x131.jpg 300w, https:\/\/www.bicimarket.com\/blog\/wp-content\/uploads\/2022\/08\/TITGEVSVAFAPNBJYUPVCNN6HWQ-640x280.jpg 640w\" sizes=\"auto, (max-width: 644px) 100vw, 644px\" \/><\/p>\n<h4><strong>Etapa 8: La Pola Llaviana\/Pola de Laviana &gt; Coll\u00e1u Fancuaya. Yernes y Tameza<\/strong><\/h4>\n<p>La etapa 8 se realizar\u00e1 el d\u00eda 27\/08\/2022 y contar\u00e1 con un total de 153,4 km. La primera jornada asturiana presenta 3.300 metros de desnivel y cuenta con cuatro ascensos puntuables antes de la subida in\u00e9dita al Coll\u00e1u Fancuaya. Puerto de rampas muy constantes que ronda los 10 km de subida.<\/p>\n<p>Asturias llega con final en alto in\u00e9dito.<\/p>\n<ul>\n<li>Puerto: Coll\u00e1u Fancuaya, Principado de Asturias<\/li>\n<li>Km de ascenso: 10,1<\/li>\n<li>Altitud: 1134m<\/li>\n<li>Porcentaje medio: 8,5%<\/li>\n<li>Categor\u00eda: 1<\/li>\n<\/ul>\n<p><img loading=\"lazy\" decoding=\"async\" class=\"aligncenter wp-image-6173 size-full\" title=\"Etapa 8\" src=\"https:\/\/www.bicimarket.com\/blog\/wp-content\/uploads\/2022\/08\/7QSDFD5GW5EWNGCYXMLRBCDO7E.jpg\" alt=\"Etapa 8\" width=\"644\" height=\"334\" srcset=\"https:\/\/www.bicimarket.com\/blog\/wp-content\/uploads\/2022\/08\/7QSDFD5GW5EWNGCYXMLRBCDO7E.jpg 644w, https:\/\/www.bicimarket.com\/blog\/wp-content\/uploads\/2022\/08\/7QSDFD5GW5EWNGCYXMLRBCDO7E-300x156.jpg 300w, https:\/\/www.bicimarket.com\/blog\/wp-content\/uploads\/2022\/08\/7QSDFD5GW5EWNGCYXMLRBCDO7E-640x332.jpg 640w\" sizes=\"auto, (max-width: 644px) 100vw, 644px\" \/><\/p>\n<h4><strong>Etapa 9: Villaviciosa &gt; Les Praeres. Nava<\/strong><\/h4>\n<p>La etapa 9 de la Vuelta 2022 se disputar\u00e1 el d\u00eda 28\/08\/2022 &#8211; y contar\u00e1 con 171,4 km.<\/p>\n<p>Dur\u00edsima etapa para cerrar la primera semana. Se ascender\u00e1n cuatro puertos antes de llegar a Les Praeres. Final en la cima de Nava. Un aut\u00e9ntico muro: corto y muy explosivo. Cuatro kil\u00f3metros d\u00f3nde los corredores deber\u00e1n mostrar su fuerza.<\/p>\n<ul>\n<li>Puerto: Les Preares, Nava, Principado de Asturias<\/li>\n<li>Km de ascenso: 3,9<\/li>\n<li>Altitud: 751m<\/li>\n<li>Porcentaje medio: 12,9%<\/li>\n<li>Categor\u00eda: 1<\/li>\n<\/ul>\n<p><img loading=\"lazy\" decoding=\"async\" class=\"aligncenter wp-image-6174 size-full\" title=\"Etapa 9 de la Vuelta 2022\" src=\"https:\/\/www.bicimarket.com\/blog\/wp-content\/uploads\/2022\/08\/Etapa-9.jpg\" alt=\"Etapa 9 de la Vuelta 2022\" width=\"644\" height=\"252\" srcset=\"https:\/\/www.bicimarket.com\/blog\/wp-content\/uploads\/2022\/08\/Etapa-9.jpg 644w, https:\/\/www.bicimarket.com\/blog\/wp-content\/uploads\/2022\/08\/Etapa-9-300x117.jpg 300w, https:\/\/www.bicimarket.com\/blog\/wp-content\/uploads\/2022\/08\/Etapa-9-640x250.jpg 640w\" sizes=\"auto, (max-width: 644px) 100vw, 644px\" \/><\/p>\n<h4><strong>Etapa 14: Montoro &gt; Sierra de La Pandera<\/strong><\/h4>\n<p>La etapa 14 se disputar\u00e1 el d\u00eda 03\/09\/2022 y contar\u00e1 con un total de 160,3 km. Carretera estrecha, asfalto rugoso y un final que duro. Un puerto\u00a0 al final de la etapa que es s\u00faper exigente en los 9 km finales, con una pendiente media cercana al 7,5% y tramos constantes rozando el 12%.<\/p>\n<ul>\n<li>Puerto: Sierra de la Pandera, sierra de Ja\u00e9n, Ja\u00e9n, Andaluc\u00eda<\/li>\n<li>Km de ascenso: 8,4<\/li>\n<li>Altitud: 1820m<\/li>\n<li>Porcentaje medio: 7,8%<\/li>\n<li>Categor\u00eda: 1<\/li>\n<\/ul>\n<p><img loading=\"lazy\" decoding=\"async\" class=\"aligncenter wp-image-6175 size-full\" title=\"Etapa 14 La vuelta 2022\" src=\"https:\/\/www.bicimarket.com\/blog\/wp-content\/uploads\/2022\/08\/Etapa-14.jpg\" alt=\"Etapa 14 La vuelta 2022\" width=\"644\" height=\"344\" srcset=\"https:\/\/www.bicimarket.com\/blog\/wp-content\/uploads\/2022\/08\/Etapa-14.jpg 644w, https:\/\/www.bicimarket.com\/blog\/wp-content\/uploads\/2022\/08\/Etapa-14-300x160.jpg 300w, https:\/\/www.bicimarket.com\/blog\/wp-content\/uploads\/2022\/08\/Etapa-14-640x342.jpg 640w\" sizes=\"auto, (max-width: 644px) 100vw, 644px\" \/><\/p>\n<h4><strong> Etapa 15: Martos &gt; Sierra Nevada. Alto Hoya de la Mora. Monachil<\/strong><\/h4>\n<p>La etapa 15 de La Vuelta se disputar\u00e1 el 04\/09\/2022 y contar\u00e1 con 153 km.\u00a0Este a\u00f1o La Vuelta regresa al alto Hoya de la Mora, en Sierra Nevada. Ser\u00e1 el final de una etapa con m\u00e1s de 4000 metros de desnivel, una verdadera locura: Alto del Purche de primera (12 km al 6,5%) y a la Hoya de la Mora de categor\u00eda especial (22 km al 6%).<\/p>\n<ul>\n<li>Puerto: Alto Hoya de la Mora, subida a Sierra Nevada, Granada, Andaluc\u00eda<\/li>\n<li>Km de ascenso: 19,3<\/li>\n<li>Altitud: 2512m<\/li>\n<li>Porcentaje medio: 7,6%<\/li>\n<li>Categor\u00eda: Especial<\/li>\n<\/ul>\n<p><img loading=\"lazy\" decoding=\"async\" class=\"aligncenter wp-image-6176 size-full\" title=\"Etapa 15 Martos\" src=\"https:\/\/www.bicimarket.com\/blog\/wp-content\/uploads\/2022\/08\/Etapa-15.jpg\" alt=\"Etapa 15 Martos\" width=\"644\" height=\"406\" srcset=\"https:\/\/www.bicimarket.com\/blog\/wp-content\/uploads\/2022\/08\/Etapa-15.jpg 644w, https:\/\/www.bicimarket.com\/blog\/wp-content\/uploads\/2022\/08\/Etapa-15-300x189.jpg 300w, https:\/\/www.bicimarket.com\/blog\/wp-content\/uploads\/2022\/08\/Etapa-15-640x403.jpg 640w\" sizes=\"auto, (max-width: 644px) 100vw, 644px\" \/><\/p>\n<h4><strong>Etapa 18: Trujillo &gt; Alto de Piornal<\/strong><\/h4>\n<p>La etapa 18 se disputar\u00e1 el d\u00eda 08\/09\/2022 con un total de 192 km. El piornal se estrena como puerta en La Vuelta. e ascender\u00e1 por dos vertientes diferentes: la primera por el Monasterio de Yuste (13,5 km al 5%) y la segunda por el Valle de Herv\u00e1s, con un perfil calcado.<\/p>\n<ul>\n<li>Puerto: Alto de Piornal, Piornal, C\u00e1ceres, Extremadura<\/li>\n<li>Km de ascenso: 13,5<\/li>\n<li>Altitud: 1166m<\/li>\n<li>Porcentaje medio: 5%<\/li>\n<li>Categor\u00eda: 1<\/li>\n<\/ul>\n<p><img loading=\"lazy\" decoding=\"async\" class=\"aligncenter wp-image-6177 size-full\" title=\"Etapas clave de la Vuelta ciclista a Espa\u00f1a 2022\" src=\"https:\/\/www.bicimarket.com\/blog\/wp-content\/uploads\/2022\/08\/etapa-18.jpg\" alt=\"Etapas clave de la Vuelta ciclista a Espa\u00f1a 2022\" width=\"644\" height=\"319\" srcset=\"https:\/\/www.bicimarket.com\/blog\/wp-content\/uploads\/2022\/08\/etapa-18.jpg 644w, https:\/\/www.bicimarket.com\/blog\/wp-content\/uploads\/2022\/08\/etapa-18-300x149.jpg 300w, https:\/\/www.bicimarket.com\/blog\/wp-content\/uploads\/2022\/08\/etapa-18-640x317.jpg 640w\" sizes=\"auto, (max-width: 644px) 100vw, 644px\" \/><\/p>\n<h4><strong>Etapa 20: Moralzarzal &gt; Puerto de Navacerrada<\/strong><\/h4>\n<p>La etapa 20 se realizar\u00e1 en la Comunidad de Madrid el d\u00eda 10\/09\/2022 con un total de 181 km. La Sierra de Guadarrama echa el cierre a La Vuelta Espa\u00f1a 2022. Navacerrada (10,6 km al 6,5%), La Morcuera (13 km al 6,4%) y Cotos (10,2 km al 5,7%) son los puertos a subir. Aqu\u00ed debemos sumar el Puerto de Navafr\u00eda, y el Puerto de Canencia que se estrenan en esta edici\u00f3n.<\/p>\n<ul>\n<li>Puerto: Puerto de Navacerrada, Navacerrada, Comunidad de Madrid<\/li>\n<li>Km de ascenso: 10,3<\/li>\n<li>Altitud: 1859m<\/li>\n<li>Porcentaje medio: 6,8%<\/li>\n<li>Categor\u00eda: 1<\/li>\n<\/ul>\n<p><img loading=\"lazy\" decoding=\"async\" class=\"aligncenter wp-image-6178 size-full\" title=\"Etapas de monta\u00f1a de la vuelta ciclista 2022\" src=\"https:\/\/www.bicimarket.com\/blog\/wp-content\/uploads\/2022\/08\/Etapa-20.jpg\" alt=\"Etapas de monta\u00f1a de la vuelta ciclista 2022\" width=\"644\" height=\"373\" srcset=\"https:\/\/www.bicimarket.com\/blog\/wp-content\/uploads\/2022\/08\/Etapa-20.jpg 644w, https:\/\/www.bicimarket.com\/blog\/wp-content\/uploads\/2022\/08\/Etapa-20-300x174.jpg 300w, https:\/\/www.bicimarket.com\/blog\/wp-content\/uploads\/2022\/08\/Etapa-20-640x371.jpg 640w\" sizes=\"auto, (max-width: 644px) 100vw, 644px\" \/><\/p>\n<h3><strong>Etapas clave con final en alto de la vuelta ciclista a Espa\u00f1a\u00a0<\/strong><\/h3>\n<h4><strong>Etapa 12: Salobre\u00f1a &gt; Pe\u00f1as Blancas. Estepona<\/strong><\/h4>\n<p>La etapa 12 de la Vuelta a Espa\u00f1a 2022 se llevar\u00e1 a cabo el d\u00eda 01\/09\/2022 con un total de 192,7 km. Se trata de una etapa mayormente llana que transcurre por M\u00e1laga y Marbella, finalizando en alto una vez pasado Estepona.<\/p>\n<p><img loading=\"lazy\" decoding=\"async\" class=\"aligncenter wp-image-6179 size-full\" title=\"Etapas clave de la Vuelta 2022\" src=\"https:\/\/www.bicimarket.com\/blog\/wp-content\/uploads\/2022\/08\/Etapa-12.webp\" alt=\"Etapas clave de la Vuelta 2022\" width=\"644\" height=\"249\" srcset=\"https:\/\/www.bicimarket.com\/blog\/wp-content\/uploads\/2022\/08\/Etapa-12.webp 644w, https:\/\/www.bicimarket.com\/blog\/wp-content\/uploads\/2022\/08\/Etapa-12-300x116.webp 300w, https:\/\/www.bicimarket.com\/blog\/wp-content\/uploads\/2022\/08\/Etapa-12-640x247.webp 640w\" sizes=\"auto, (max-width: 644px) 100vw, 644px\" \/><\/p>\n<h4><strong>Etapa 17: Aracena &gt; Monasterio de Tentud\u00eda<\/strong><\/h4>\n<p>La etapa 17 se disputar\u00e1 el d\u00eda 07\/09\/2022 contando con un total de 162,3 km. Se disputa en Extremadura, y se trata de una etapa rompepiernas, con subidas y bajadas constantes, aunque sin duda estar\u00e1 marcada por el calor tan conocido de esta comunidad aut\u00f3noma.<\/p>\n<p><img loading=\"lazy\" decoding=\"async\" class=\"aligncenter wp-image-6181 size-full\" title=\"Puertos de monta\u00f1a La vuelta 2022\" src=\"https:\/\/www.bicimarket.com\/blog\/wp-content\/uploads\/2022\/08\/Etapa-17.jpg\" alt=\"Puertos de monta\u00f1a La vuelta 2022\" width=\"644\" height=\"286\" srcset=\"https:\/\/www.bicimarket.com\/blog\/wp-content\/uploads\/2022\/08\/Etapa-17.jpg 644w, https:\/\/www.bicimarket.com\/blog\/wp-content\/uploads\/2022\/08\/Etapa-17-300x133.jpg 300w, https:\/\/www.bicimarket.com\/blog\/wp-content\/uploads\/2022\/08\/Etapa-17-640x284.jpg 640w\" sizes=\"auto, (max-width: 644px) 100vw, 644px\" \/><\/p>\n<p>&nbsp;<\/p>\n<p>Ma\u00f1ana es el d\u00eda se\u00f1alado en el calendario, arranca La Vuelta 2022 en Paises Bajos. Sin duda una vuelta a Espa\u00f1a con grandes etapas de monta\u00f1a d\u00f3nde los escaladores tendr\u00e1n que aprovechar y mostrar sus mejores cartas. Carapaz y Miguel \u00c1ngel L\u00f3pez son dos ciclistas entre los favoritos que seguro dar\u00e1n que hablar en los diferentes puertos de monta\u00f1a.<\/p>\n<p>\u00bfEst\u00e1is listos para el inicio de La Vuelta? \u00a1Vamos que esto empieza!<\/p>\n<p style=\"text-align: center;\"><a href=\"https:\/\/www.bicimarket.com\/blog\/vuelta-a-espana-2022-favoritos-al-titulo\/\">Descubre los favoritos a llevarse el t\u00edtulo en esta Vuelta 2022<\/a><\/p>\n","protected":false},"excerpt":{"rendered":"<p>Descubre los puertos de monta\u00f1a y las etapas clave de La vuelta ciclista a Espa\u00f1a 2022: Etapas, recorridos y perfiles al detalle.<\/p>\n","protected":false},"author":1,"featured_media":6191,"comment_status":"open","ping_status":"open","sticky":false,"template":"","format":"standard","meta":{"_lmt_disableupdate":"","_lmt_disable":"","footnotes":""},"categories":[563,562],"tags":[],"class_list":["post-6171","post","type-post","status-publish","format-standard","has-post-thumbnail","hentry","category-competicion","category-novedades"],"yoast_head":"<!-- This site is optimized with the Yoast SEO plugin v27.4 - https:\/\/yoast.com\/product\/yoast-seo-wordpress\/ -->\n<title>Vuelta a Espa\u00f1a 2022: Los puertos de monta\u00f1a - El Blog de Bicimarket<\/title>\n<meta name=\"description\" content=\"Descubre los puertos de monta\u00f1a y las etapas clave de La vuelta ciclista a Espa\u00f1a 2022: Etapas, recorridos y perfiles al detalle.\" \/>\n<meta name=\"robots\" content=\"index, follow, max-snippet:-1, max-image-preview:large, max-video-preview:-1\" \/>\n<link rel=\"canonical\" href=\"https:\/\/www.bicimarket.com\/blog\/vuelta-a-espana-2022-los-puertos-de-montana\/\" \/>\n<meta property=\"og:locale\" content=\"es_ES\" \/>\n<meta property=\"og:type\" content=\"article\" \/>\n<meta property=\"og:title\" content=\"Vuelta a Espa\u00f1a 2022: Los puertos de monta\u00f1a - El Blog de Bicimarket\" \/>\n<meta property=\"og:description\" content=\"Descubre los puertos de monta\u00f1a y las etapas clave de La vuelta ciclista a Espa\u00f1a 2022: Etapas, recorridos y perfiles al detalle.\" \/>\n<meta property=\"og:url\" content=\"https:\/\/www.bicimarket.com\/blog\/vuelta-a-espana-2022-los-puertos-de-montana\/\" \/>\n<meta property=\"og:site_name\" content=\"El Blog de Bicimarket\" \/>\n<meta property=\"article:publisher\" content=\"https:\/\/www.facebook.com\/Bicimarketcom\/\" \/>\n<meta property=\"article:published_time\" content=\"2022-08-18T17:00:29+00:00\" \/>\n<meta property=\"article:modified_time\" content=\"2022-08-22T15:03:25+00:00\" \/>\n<meta property=\"og:image\" content=\"https:\/\/www.bicimarket.com\/blog\/wp-content\/uploads\/2022\/08\/Puertos-de-Montana_Portada.jpg\" \/>\n\t<meta property=\"og:image:width\" content=\"960\" \/>\n\t<meta property=\"og:image:height\" content=\"580\" \/>\n\t<meta property=\"og:image:type\" content=\"image\/jpeg\" \/>\n<meta name=\"author\" content=\"Bicimarket\" \/>\n<meta name=\"twitter:label1\" content=\"Escrito por\" \/>\n\t<meta name=\"twitter:data1\" content=\"Bicimarket\" \/>\n\t<meta name=\"twitter:label2\" content=\"Tiempo de lectura\" \/>\n\t<meta name=\"twitter:data2\" content=\"5 minutos\" \/>\n<script type=\"application\/ld+json\" class=\"yoast-schema-graph\">{\"@context\":\"https:\\\/\\\/schema.org\",\"@graph\":[{\"@type\":\"Article\",\"@id\":\"https:\\\/\\\/www.bicimarket.com\\\/blog\\\/vuelta-a-espana-2022-los-puertos-de-montana\\\/#article\",\"isPartOf\":{\"@id\":\"https:\\\/\\\/www.bicimarket.com\\\/blog\\\/vuelta-a-espana-2022-los-puertos-de-montana\\\/\"},\"author\":{\"name\":\"Bicimarket\",\"@id\":\"https:\\\/\\\/www.bicimarket.com\\\/blog\\\/#\\\/schema\\\/person\\\/66369cbf23f3079a722e74b04774561f\"},\"headline\":\"Vuelta a Espa\u00f1a 2022: Los puertos de monta\u00f1a\",\"datePublished\":\"2022-08-18T17:00:29+00:00\",\"dateModified\":\"2022-08-22T15:03:25+00:00\",\"mainEntityOfPage\":{\"@id\":\"https:\\\/\\\/www.bicimarket.com\\\/blog\\\/vuelta-a-espana-2022-los-puertos-de-montana\\\/\"},\"wordCount\":944,\"commentCount\":0,\"image\":{\"@id\":\"https:\\\/\\\/www.bicimarket.com\\\/blog\\\/vuelta-a-espana-2022-los-puertos-de-montana\\\/#primaryimage\"},\"thumbnailUrl\":\"https:\\\/\\\/www.bicimarket.com\\\/blog\\\/wp-content\\\/uploads\\\/2022\\\/08\\\/Puertos-de-Montana_Portada.jpg\",\"articleSection\":[\"COMPETICI\u00d3N Y EVENTOS\",\"NOVEDADES\"],\"inLanguage\":\"es\",\"potentialAction\":[{\"@type\":\"CommentAction\",\"name\":\"Comment\",\"target\":[\"https:\\\/\\\/www.bicimarket.com\\\/blog\\\/vuelta-a-espana-2022-los-puertos-de-montana\\\/#respond\"]}]},{\"@type\":\"WebPage\",\"@id\":\"https:\\\/\\\/www.bicimarket.com\\\/blog\\\/vuelta-a-espana-2022-los-puertos-de-montana\\\/\",\"url\":\"https:\\\/\\\/www.bicimarket.com\\\/blog\\\/vuelta-a-espana-2022-los-puertos-de-montana\\\/\",\"name\":\"Vuelta a Espa\u00f1a 2022: Los puertos de monta\u00f1a - El Blog de Bicimarket\",\"isPartOf\":{\"@id\":\"https:\\\/\\\/www.bicimarket.com\\\/blog\\\/#website\"},\"primaryImageOfPage\":{\"@id\":\"https:\\\/\\\/www.bicimarket.com\\\/blog\\\/vuelta-a-espana-2022-los-puertos-de-montana\\\/#primaryimage\"},\"image\":{\"@id\":\"https:\\\/\\\/www.bicimarket.com\\\/blog\\\/vuelta-a-espana-2022-los-puertos-de-montana\\\/#primaryimage\"},\"thumbnailUrl\":\"https:\\\/\\\/www.bicimarket.com\\\/blog\\\/wp-content\\\/uploads\\\/2022\\\/08\\\/Puertos-de-Montana_Portada.jpg\",\"datePublished\":\"2022-08-18T17:00:29+00:00\",\"dateModified\":\"2022-08-22T15:03:25+00:00\",\"author\":{\"@id\":\"https:\\\/\\\/www.bicimarket.com\\\/blog\\\/#\\\/schema\\\/person\\\/66369cbf23f3079a722e74b04774561f\"},\"description\":\"Descubre los puertos de monta\u00f1a y las etapas clave de La vuelta ciclista a Espa\u00f1a 2022: Etapas, recorridos y perfiles al detalle.\",\"breadcrumb\":{\"@id\":\"https:\\\/\\\/www.bicimarket.com\\\/blog\\\/vuelta-a-espana-2022-los-puertos-de-montana\\\/#breadcrumb\"},\"inLanguage\":\"es\",\"potentialAction\":[{\"@type\":\"ReadAction\",\"target\":[\"https:\\\/\\\/www.bicimarket.com\\\/blog\\\/vuelta-a-espana-2022-los-puertos-de-montana\\\/\"]}]},{\"@type\":\"ImageObject\",\"inLanguage\":\"es\",\"@id\":\"https:\\\/\\\/www.bicimarket.com\\\/blog\\\/vuelta-a-espana-2022-los-puertos-de-montana\\\/#primaryimage\",\"url\":\"https:\\\/\\\/www.bicimarket.com\\\/blog\\\/wp-content\\\/uploads\\\/2022\\\/08\\\/Puertos-de-Montana_Portada.jpg\",\"contentUrl\":\"https:\\\/\\\/www.bicimarket.com\\\/blog\\\/wp-content\\\/uploads\\\/2022\\\/08\\\/Puertos-de-Montana_Portada.jpg\",\"width\":960,\"height\":580,\"caption\":\"Puertos de Mota\u00f1a de La Vuelta 2022\"},{\"@type\":\"BreadcrumbList\",\"@id\":\"https:\\\/\\\/www.bicimarket.com\\\/blog\\\/vuelta-a-espana-2022-los-puertos-de-montana\\\/#breadcrumb\",\"itemListElement\":[{\"@type\":\"ListItem\",\"position\":1,\"name\":\"Portada\",\"item\":\"https:\\\/\\\/www.bicimarket.com\\\/blog\\\/\"},{\"@type\":\"ListItem\",\"position\":2,\"name\":\"Vuelta a Espa\u00f1a 2022: Los puertos de monta\u00f1a\"}]},{\"@type\":\"WebSite\",\"@id\":\"https:\\\/\\\/www.bicimarket.com\\\/blog\\\/#website\",\"url\":\"https:\\\/\\\/www.bicimarket.com\\\/blog\\\/\",\"name\":\"El Blog de Bicimarket\",\"description\":\"Nos apasiona el ciclismo \u00bfTe apuntas con nosotros?\",\"potentialAction\":[{\"@type\":\"SearchAction\",\"target\":{\"@type\":\"EntryPoint\",\"urlTemplate\":\"https:\\\/\\\/www.bicimarket.com\\\/blog\\\/?s={search_term_string}\"},\"query-input\":{\"@type\":\"PropertyValueSpecification\",\"valueRequired\":true,\"valueName\":\"search_term_string\"}}],\"inLanguage\":\"es\"},{\"@type\":\"Person\",\"@id\":\"https:\\\/\\\/www.bicimarket.com\\\/blog\\\/#\\\/schema\\\/person\\\/66369cbf23f3079a722e74b04774561f\",\"name\":\"Bicimarket\",\"image\":{\"@type\":\"ImageObject\",\"inLanguage\":\"es\",\"@id\":\"https:\\\/\\\/secure.gravatar.com\\\/avatar\\\/e6abd05c671a2d14ec3e9d2d25f2f0266e6e71f6609852e840b5447e5b18bcd5?s=96&d=mm&r=g\",\"url\":\"https:\\\/\\\/secure.gravatar.com\\\/avatar\\\/e6abd05c671a2d14ec3e9d2d25f2f0266e6e71f6609852e840b5447e5b18bcd5?s=96&d=mm&r=g\",\"contentUrl\":\"https:\\\/\\\/secure.gravatar.com\\\/avatar\\\/e6abd05c671a2d14ec3e9d2d25f2f0266e6e71f6609852e840b5447e5b18bcd5?s=96&d=mm&r=g\",\"caption\":\"Bicimarket\"},\"sameAs\":[\"https:\\\/\\\/www.bicimarket.com\\\/blog\\\/\"]}]}<\/script>\n<!-- \/ Yoast SEO plugin. -->","yoast_head_json":{"title":"Vuelta a Espa\u00f1a 2022: Los puertos de monta\u00f1a - El Blog de Bicimarket","description":"Descubre los puertos de monta\u00f1a y las etapas clave de La vuelta ciclista a Espa\u00f1a 2022: Etapas, recorridos y perfiles al detalle.","robots":{"index":"index","follow":"follow","max-snippet":"max-snippet:-1","max-image-preview":"max-image-preview:large","max-video-preview":"max-video-preview:-1"},"canonical":"https:\/\/www.bicimarket.com\/blog\/vuelta-a-espana-2022-los-puertos-de-montana\/","og_locale":"es_ES","og_type":"article","og_title":"Vuelta a Espa\u00f1a 2022: Los puertos de monta\u00f1a - El Blog de Bicimarket","og_description":"Descubre los puertos de monta\u00f1a y las etapas clave de La vuelta ciclista a Espa\u00f1a 2022: Etapas, recorridos y perfiles al detalle.","og_url":"https:\/\/www.bicimarket.com\/blog\/vuelta-a-espana-2022-los-puertos-de-montana\/","og_site_name":"El Blog de Bicimarket","article_publisher":"https:\/\/www.facebook.com\/Bicimarketcom\/","article_published_time":"2022-08-18T17:00:29+00:00","article_modified_time":"2022-08-22T15:03:25+00:00","og_image":[{"width":960,"height":580,"url":"https:\/\/www.bicimarket.com\/blog\/wp-content\/uploads\/2022\/08\/Puertos-de-Montana_Portada.jpg","type":"image\/jpeg"}],"author":"Bicimarket","twitter_misc":{"Escrito por":"Bicimarket","Tiempo de lectura":"5 minutos"},"schema":{"@context":"https:\/\/schema.org","@graph":[{"@type":"Article","@id":"https:\/\/www.bicimarket.com\/blog\/vuelta-a-espana-2022-los-puertos-de-montana\/#article","isPartOf":{"@id":"https:\/\/www.bicimarket.com\/blog\/vuelta-a-espana-2022-los-puertos-de-montana\/"},"author":{"name":"Bicimarket","@id":"https:\/\/www.bicimarket.com\/blog\/#\/schema\/person\/66369cbf23f3079a722e74b04774561f"},"headline":"Vuelta a Espa\u00f1a 2022: Los puertos de monta\u00f1a","datePublished":"2022-08-18T17:00:29+00:00","dateModified":"2022-08-22T15:03:25+00:00","mainEntityOfPage":{"@id":"https:\/\/www.bicimarket.com\/blog\/vuelta-a-espana-2022-los-puertos-de-montana\/"},"wordCount":944,"commentCount":0,"image":{"@id":"https:\/\/www.bicimarket.com\/blog\/vuelta-a-espana-2022-los-puertos-de-montana\/#primaryimage"},"thumbnailUrl":"https:\/\/www.bicimarket.com\/blog\/wp-content\/uploads\/2022\/08\/Puertos-de-Montana_Portada.jpg","articleSection":["COMPETICI\u00d3N Y EVENTOS","NOVEDADES"],"inLanguage":"es","potentialAction":[{"@type":"CommentAction","name":"Comment","target":["https:\/\/www.bicimarket.com\/blog\/vuelta-a-espana-2022-los-puertos-de-montana\/#respond"]}]},{"@type":"WebPage","@id":"https:\/\/www.bicimarket.com\/blog\/vuelta-a-espana-2022-los-puertos-de-montana\/","url":"https:\/\/www.bicimarket.com\/blog\/vuelta-a-espana-2022-los-puertos-de-montana\/","name":"Vuelta a Espa\u00f1a 2022: Los puertos de monta\u00f1a - El Blog de Bicimarket","isPartOf":{"@id":"https:\/\/www.bicimarket.com\/blog\/#website"},"primaryImageOfPage":{"@id":"https:\/\/www.bicimarket.com\/blog\/vuelta-a-espana-2022-los-puertos-de-montana\/#primaryimage"},"image":{"@id":"https:\/\/www.bicimarket.com\/blog\/vuelta-a-espana-2022-los-puertos-de-montana\/#primaryimage"},"thumbnailUrl":"https:\/\/www.bicimarket.com\/blog\/wp-content\/uploads\/2022\/08\/Puertos-de-Montana_Portada.jpg","datePublished":"2022-08-18T17:00:29+00:00","dateModified":"2022-08-22T15:03:25+00:00","author":{"@id":"https:\/\/www.bicimarket.com\/blog\/#\/schema\/person\/66369cbf23f3079a722e74b04774561f"},"description":"Descubre los puertos de monta\u00f1a y las etapas clave de La vuelta ciclista a Espa\u00f1a 2022: Etapas, recorridos y perfiles al detalle.","breadcrumb":{"@id":"https:\/\/www.bicimarket.com\/blog\/vuelta-a-espana-2022-los-puertos-de-montana\/#breadcrumb"},"inLanguage":"es","potentialAction":[{"@type":"ReadAction","target":["https:\/\/www.bicimarket.com\/blog\/vuelta-a-espana-2022-los-puertos-de-montana\/"]}]},{"@type":"ImageObject","inLanguage":"es","@id":"https:\/\/www.bicimarket.com\/blog\/vuelta-a-espana-2022-los-puertos-de-montana\/#primaryimage","url":"https:\/\/www.bicimarket.com\/blog\/wp-content\/uploads\/2022\/08\/Puertos-de-Montana_Portada.jpg","contentUrl":"https:\/\/www.bicimarket.com\/blog\/wp-content\/uploads\/2022\/08\/Puertos-de-Montana_Portada.jpg","width":960,"height":580,"caption":"Puertos de Mota\u00f1a de La Vuelta 2022"},{"@type":"BreadcrumbList","@id":"https:\/\/www.bicimarket.com\/blog\/vuelta-a-espana-2022-los-puertos-de-montana\/#breadcrumb","itemListElement":[{"@type":"ListItem","position":1,"name":"Portada","item":"https:\/\/www.bicimarket.com\/blog\/"},{"@type":"ListItem","position":2,"name":"Vuelta a Espa\u00f1a 2022: Los puertos de monta\u00f1a"}]},{"@type":"WebSite","@id":"https:\/\/www.bicimarket.com\/blog\/#website","url":"https:\/\/www.bicimarket.com\/blog\/","name":"El Blog de Bicimarket","description":"Nos apasiona el ciclismo \u00bfTe apuntas con nosotros?","potentialAction":[{"@type":"SearchAction","target":{"@type":"EntryPoint","urlTemplate":"https:\/\/www.bicimarket.com\/blog\/?s={search_term_string}"},"query-input":{"@type":"PropertyValueSpecification","valueRequired":true,"valueName":"search_term_string"}}],"inLanguage":"es"},{"@type":"Person","@id":"https:\/\/www.bicimarket.com\/blog\/#\/schema\/person\/66369cbf23f3079a722e74b04774561f","name":"Bicimarket","image":{"@type":"ImageObject","inLanguage":"es","@id":"https:\/\/secure.gravatar.com\/avatar\/e6abd05c671a2d14ec3e9d2d25f2f0266e6e71f6609852e840b5447e5b18bcd5?s=96&d=mm&r=g","url":"https:\/\/secure.gravatar.com\/avatar\/e6abd05c671a2d14ec3e9d2d25f2f0266e6e71f6609852e840b5447e5b18bcd5?s=96&d=mm&r=g","contentUrl":"https:\/\/secure.gravatar.com\/avatar\/e6abd05c671a2d14ec3e9d2d25f2f0266e6e71f6609852e840b5447e5b18bcd5?s=96&d=mm&r=g","caption":"Bicimarket"},"sameAs":["https:\/\/www.bicimarket.com\/blog\/"]}]}},"modified_by":"Bicimarket","_links":{"self":[{"href":"https:\/\/www.bicimarket.com\/blog\/wp-json\/wp\/v2\/posts\/6171","targetHints":{"allow":["GET"]}}],"collection":[{"href":"https:\/\/www.bicimarket.com\/blog\/wp-json\/wp\/v2\/posts"}],"about":[{"href":"https:\/\/www.bicimarket.com\/blog\/wp-json\/wp\/v2\/types\/post"}],"author":[{"embeddable":true,"href":"https:\/\/www.bicimarket.com\/blog\/wp-json\/wp\/v2\/users\/1"}],"replies":[{"embeddable":true,"href":"https:\/\/www.bicimarket.com\/blog\/wp-json\/wp\/v2\/comments?post=6171"}],"version-history":[{"count":11,"href":"https:\/\/www.bicimarket.com\/blog\/wp-json\/wp\/v2\/posts\/6171\/revisions"}],"predecessor-version":[{"id":6192,"href":"https:\/\/www.bicimarket.com\/blog\/wp-json\/wp\/v2\/posts\/6171\/revisions\/6192"}],"wp:featuredmedia":[{"embeddable":true,"href":"https:\/\/www.bicimarket.com\/blog\/wp-json\/wp\/v2\/media\/6191"}],"wp:attachment":[{"href":"https:\/\/www.bicimarket.com\/blog\/wp-json\/wp\/v2\/media?parent=6171"}],"wp:term":[{"taxonomy":"category","embeddable":true,"href":"https:\/\/www.bicimarket.com\/blog\/wp-json\/wp\/v2\/categories?post=6171"},{"taxonomy":"post_tag","embeddable":true,"href":"https:\/\/www.bicimarket.com\/blog\/wp-json\/wp\/v2\/tags?post=6171"}],"curies":[{"name":"wp","href":"https:\/\/api.w.org\/{rel}","templated":true}]}}