{"id":523,"date":"2011-09-20T09:29:00","date_gmt":"2011-09-20T09:29:00","guid":{"rendered":"http:\/\/bicimarket.com\/blog\/bicimarket-ya-cuenta-con-una-tienda-fisica-en-barcelona\/"},"modified":"2015-03-18T23:38:43","modified_gmt":"2015-03-18T23:38:43","slug":"bicimarket-ya-cuenta-con-una-tienda-fisica-en-barcelona","status":"publish","type":"post","link":"https:\/\/www.bicimarket.com\/blog\/bicimarket-ya-cuenta-con-una-tienda-fisica-en-barcelona\/","title":{"rendered":"Bicimarket ya cuenta  con una tienda f\u00edsica en Barcelona"},"content":{"rendered":"<p><span style=\"font-style: italic;\">Bicimarket.com ha inaugurado su primer punto de venta y servicio f\u00edsico, para ofrecer a los ciclistas una amplia variedad de productos a los precios m\u00e1s competitivos sin dejar de lado la calidad que caracteriza a Bicimarket.<br \/>\nLa acogida del p\u00fablico ha sido positiva y actualmente se est\u00e1 estudiando expandir Bicimarket Store por toda la geograf\u00eda espa\u00f1ola.<\/span><\/p>\n<p>Bicimarket l\u00edder de ventas en art\u00edculos de ciclismo por internet, ya cuenta con su primer punto de servicio f\u00edsico en Espa\u00f1a. Ubicado en el coraz\u00f3n de la ciudad Condal, Bicimarket.com Barcelona Store promete convertirse en la tienda de referencia de los ciclistas y satisfacer la demanda de los clientes m\u00e1s exigentes y ya pod\u00e9is visitar la tienda en la calle Viladomat N\u00ba43, entre las calles Manso y Tamarit (Cerca Mercat Sant Antoni).<\/p>\n<p>Bicimarket Barcelona Store comparte la pasi\u00f3n por el ciclismo, y por ello todos los art\u00edculos responden las necesidades de los clientes y ofrece un amplio cat\u00e1logo con las marcas que marcan tendencia en el mundo.<br \/>\nLa c\u00e9ntrica tienda es un escaparate ideal para los amantes de distintas modalidades como MTB, carretera, triatl\u00f3n y hace especial \u00e9nfasis en modalidades urbanas como paseo, bmx y fixed. Adem\u00e1s Bicimarket Barcelona Store cuenta con una exposici\u00f3n permanente de bicis como Commen\u00e7al, BeOne, BH, GT, Oyama, Creme, entre otras destacadas marcas. De este modo es posible complementar el proceso de informaci\u00f3n y compra online y ahora podr\u00e1s ver el producto, tocarlo y consultar personalmente sobre las necesidades requeridas.<\/p>\n<p>En Bicimarket Barcelona Store encontrar\u00e1s los mismos precios y ofertas que en la p\u00e1gina web www.bicimarket.com. A esta importante ventaja a\u00f1adimos la atenci\u00f3n presencial de personal calificado, el servicio postventa que ofrece una tienda f\u00edsica y sobretodo el servicio de taller; en donde los t\u00e9cnicos de Bicimarket.com ofrecen un asesoramiento cualificado y m\u00faltiples soluciones cumpliendo con las fechas acordadas con el cliente. El servicio de taller ha pasado por un riguroso proceso de perfeccionamiento para satisfacer en lo mejor posible a los clientes.<br \/>\nOs recomendamos que est\u00e9n atentos, porque como caracteriza a Bicimarket se realizar\u00e1n interesantes sorteos entre clientes y constantemente se emitir\u00e1n descuentos.<br \/>\nVis\u00edtanos y descubre los mejores precios\u2026<\/p>\n","protected":false},"excerpt":{"rendered":"<p>Bicimarket.com ha inaugurado su primer punto de venta y servicio f\u00edsico, para ofrecer a los ciclistas una amplia variedad de productos a los precios m\u00e1s competitivos sin dejar de lado la calidad que caracteriza a Bicimarket. La acogida del p\u00fablico ha sido positiva y actualmente se est\u00e1 estudiando expandir Bicimarket Store por toda la geograf\u00eda [&hellip;]<\/p>\n","protected":false},"author":1,"featured_media":1698,"comment_status":"open","ping_status":"open","sticky":false,"template":"","format":"standard","meta":{"_lmt_disableupdate":"","_lmt_disable":"","footnotes":""},"categories":[562],"tags":[],"class_list":["post-523","post","type-post","status-publish","format-standard","has-post-thumbnail","hentry","category-novedades"],"yoast_head":"<!-- This site is optimized with the Yoast SEO plugin v27.4 - https:\/\/yoast.com\/product\/yoast-seo-wordpress\/ -->\n<title>Bicimarket ya cuenta con una tienda f\u00edsica en Barcelona - El Blog de Bicimarket<\/title>\n<meta name=\"robots\" content=\"index, follow, max-snippet:-1, max-image-preview:large, max-video-preview:-1\" \/>\n<link rel=\"canonical\" href=\"https:\/\/www.bicimarket.com\/blog\/bicimarket-ya-cuenta-con-una-tienda-fisica-en-barcelona\/\" \/>\n<meta property=\"og:locale\" content=\"es_ES\" \/>\n<meta property=\"og:type\" content=\"article\" \/>\n<meta property=\"og:title\" content=\"Bicimarket ya cuenta con una tienda f\u00edsica en Barcelona - El Blog de Bicimarket\" \/>\n<meta property=\"og:description\" content=\"Bicimarket.com ha inaugurado su primer punto de venta y servicio f\u00edsico, para ofrecer a los ciclistas una amplia variedad de productos a los precios m\u00e1s competitivos sin dejar de lado la calidad que caracteriza a Bicimarket. La acogida del p\u00fablico ha sido positiva y actualmente se est\u00e1 estudiando expandir Bicimarket Store por toda la geograf\u00eda [&hellip;]\" \/>\n<meta property=\"og:url\" content=\"https:\/\/www.bicimarket.com\/blog\/bicimarket-ya-cuenta-con-una-tienda-fisica-en-barcelona\/\" \/>\n<meta property=\"og:site_name\" content=\"El Blog de Bicimarket\" \/>\n<meta property=\"article:publisher\" content=\"https:\/\/www.facebook.com\/Bicimarketcom\/\" \/>\n<meta property=\"article:published_time\" content=\"2011-09-20T09:29:00+00:00\" \/>\n<meta property=\"article:modified_time\" content=\"2015-03-18T23:38:43+00:00\" \/>\n<meta property=\"og:image\" content=\"https:\/\/www.bicimarket.com\/blog\/wp-content\/uploads\/2011\/09\/254044_10150206826333029_59854753028_7150138_730034_n.jpg\" \/>\n\t<meta property=\"og:image:width\" content=\"720\" \/>\n\t<meta property=\"og:image:height\" content=\"540\" \/>\n\t<meta property=\"og:image:type\" content=\"image\/jpeg\" \/>\n<meta name=\"author\" content=\"Bicimarket\" \/>\n<meta name=\"twitter:label1\" content=\"Escrito por\" \/>\n\t<meta name=\"twitter:data1\" content=\"Bicimarket\" \/>\n\t<meta name=\"twitter:label2\" content=\"Tiempo de lectura\" \/>\n\t<meta name=\"twitter:data2\" content=\"2 minutos\" \/>\n<script type=\"application\/ld+json\" class=\"yoast-schema-graph\">{\"@context\":\"https:\\\/\\\/schema.org\",\"@graph\":[{\"@type\":\"Article\",\"@id\":\"https:\\\/\\\/www.bicimarket.com\\\/blog\\\/bicimarket-ya-cuenta-con-una-tienda-fisica-en-barcelona\\\/#article\",\"isPartOf\":{\"@id\":\"https:\\\/\\\/www.bicimarket.com\\\/blog\\\/bicimarket-ya-cuenta-con-una-tienda-fisica-en-barcelona\\\/\"},\"author\":{\"name\":\"Bicimarket\",\"@id\":\"https:\\\/\\\/www.bicimarket.com\\\/blog\\\/#\\\/schema\\\/person\\\/66369cbf23f3079a722e74b04774561f\"},\"headline\":\"Bicimarket ya cuenta con una tienda f\u00edsica en Barcelona\",\"datePublished\":\"2011-09-20T09:29:00+00:00\",\"dateModified\":\"2015-03-18T23:38:43+00:00\",\"mainEntityOfPage\":{\"@id\":\"https:\\\/\\\/www.bicimarket.com\\\/blog\\\/bicimarket-ya-cuenta-con-una-tienda-fisica-en-barcelona\\\/\"},\"wordCount\":399,\"commentCount\":0,\"image\":{\"@id\":\"https:\\\/\\\/www.bicimarket.com\\\/blog\\\/bicimarket-ya-cuenta-con-una-tienda-fisica-en-barcelona\\\/#primaryimage\"},\"thumbnailUrl\":\"https:\\\/\\\/www.bicimarket.com\\\/blog\\\/wp-content\\\/uploads\\\/2011\\\/09\\\/254044_10150206826333029_59854753028_7150138_730034_n.jpg\",\"articleSection\":[\"NOVEDADES\"],\"inLanguage\":\"es\",\"potentialAction\":[{\"@type\":\"CommentAction\",\"name\":\"Comment\",\"target\":[\"https:\\\/\\\/www.bicimarket.com\\\/blog\\\/bicimarket-ya-cuenta-con-una-tienda-fisica-en-barcelona\\\/#respond\"]}]},{\"@type\":\"WebPage\",\"@id\":\"https:\\\/\\\/www.bicimarket.com\\\/blog\\\/bicimarket-ya-cuenta-con-una-tienda-fisica-en-barcelona\\\/\",\"url\":\"https:\\\/\\\/www.bicimarket.com\\\/blog\\\/bicimarket-ya-cuenta-con-una-tienda-fisica-en-barcelona\\\/\",\"name\":\"Bicimarket ya cuenta con una tienda f\u00edsica en Barcelona - El Blog de Bicimarket\",\"isPartOf\":{\"@id\":\"https:\\\/\\\/www.bicimarket.com\\\/blog\\\/#website\"},\"primaryImageOfPage\":{\"@id\":\"https:\\\/\\\/www.bicimarket.com\\\/blog\\\/bicimarket-ya-cuenta-con-una-tienda-fisica-en-barcelona\\\/#primaryimage\"},\"image\":{\"@id\":\"https:\\\/\\\/www.bicimarket.com\\\/blog\\\/bicimarket-ya-cuenta-con-una-tienda-fisica-en-barcelona\\\/#primaryimage\"},\"thumbnailUrl\":\"https:\\\/\\\/www.bicimarket.com\\\/blog\\\/wp-content\\\/uploads\\\/2011\\\/09\\\/254044_10150206826333029_59854753028_7150138_730034_n.jpg\",\"datePublished\":\"2011-09-20T09:29:00+00:00\",\"dateModified\":\"2015-03-18T23:38:43+00:00\",\"author\":{\"@id\":\"https:\\\/\\\/www.bicimarket.com\\\/blog\\\/#\\\/schema\\\/person\\\/66369cbf23f3079a722e74b04774561f\"},\"breadcrumb\":{\"@id\":\"https:\\\/\\\/www.bicimarket.com\\\/blog\\\/bicimarket-ya-cuenta-con-una-tienda-fisica-en-barcelona\\\/#breadcrumb\"},\"inLanguage\":\"es\",\"potentialAction\":[{\"@type\":\"ReadAction\",\"target\":[\"https:\\\/\\\/www.bicimarket.com\\\/blog\\\/bicimarket-ya-cuenta-con-una-tienda-fisica-en-barcelona\\\/\"]}]},{\"@type\":\"ImageObject\",\"inLanguage\":\"es\",\"@id\":\"https:\\\/\\\/www.bicimarket.com\\\/blog\\\/bicimarket-ya-cuenta-con-una-tienda-fisica-en-barcelona\\\/#primaryimage\",\"url\":\"https:\\\/\\\/www.bicimarket.com\\\/blog\\\/wp-content\\\/uploads\\\/2011\\\/09\\\/254044_10150206826333029_59854753028_7150138_730034_n.jpg\",\"contentUrl\":\"https:\\\/\\\/www.bicimarket.com\\\/blog\\\/wp-content\\\/uploads\\\/2011\\\/09\\\/254044_10150206826333029_59854753028_7150138_730034_n.jpg\",\"width\":720,\"height\":540},{\"@type\":\"BreadcrumbList\",\"@id\":\"https:\\\/\\\/www.bicimarket.com\\\/blog\\\/bicimarket-ya-cuenta-con-una-tienda-fisica-en-barcelona\\\/#breadcrumb\",\"itemListElement\":[{\"@type\":\"ListItem\",\"position\":1,\"name\":\"Portada\",\"item\":\"https:\\\/\\\/www.bicimarket.com\\\/blog\\\/\"},{\"@type\":\"ListItem\",\"position\":2,\"name\":\"Bicimarket ya cuenta con una tienda f\u00edsica en Barcelona\"}]},{\"@type\":\"WebSite\",\"@id\":\"https:\\\/\\\/www.bicimarket.com\\\/blog\\\/#website\",\"url\":\"https:\\\/\\\/www.bicimarket.com\\\/blog\\\/\",\"name\":\"El Blog de Bicimarket\",\"description\":\"Nos apasiona el ciclismo \u00bfTe apuntas con nosotros?\",\"potentialAction\":[{\"@type\":\"SearchAction\",\"target\":{\"@type\":\"EntryPoint\",\"urlTemplate\":\"https:\\\/\\\/www.bicimarket.com\\\/blog\\\/?s={search_term_string}\"},\"query-input\":{\"@type\":\"PropertyValueSpecification\",\"valueRequired\":true,\"valueName\":\"search_term_string\"}}],\"inLanguage\":\"es\"},{\"@type\":\"Person\",\"@id\":\"https:\\\/\\\/www.bicimarket.com\\\/blog\\\/#\\\/schema\\\/person\\\/66369cbf23f3079a722e74b04774561f\",\"name\":\"Bicimarket\",\"image\":{\"@type\":\"ImageObject\",\"inLanguage\":\"es\",\"@id\":\"https:\\\/\\\/secure.gravatar.com\\\/avatar\\\/e6abd05c671a2d14ec3e9d2d25f2f0266e6e71f6609852e840b5447e5b18bcd5?s=96&d=mm&r=g\",\"url\":\"https:\\\/\\\/secure.gravatar.com\\\/avatar\\\/e6abd05c671a2d14ec3e9d2d25f2f0266e6e71f6609852e840b5447e5b18bcd5?s=96&d=mm&r=g\",\"contentUrl\":\"https:\\\/\\\/secure.gravatar.com\\\/avatar\\\/e6abd05c671a2d14ec3e9d2d25f2f0266e6e71f6609852e840b5447e5b18bcd5?s=96&d=mm&r=g\",\"caption\":\"Bicimarket\"},\"sameAs\":[\"https:\\\/\\\/www.bicimarket.com\\\/blog\\\/\"]}]}<\/script>\n<!-- \/ Yoast SEO plugin. -->","yoast_head_json":{"title":"Bicimarket ya cuenta con una tienda f\u00edsica en Barcelona - El Blog de Bicimarket","robots":{"index":"index","follow":"follow","max-snippet":"max-snippet:-1","max-image-preview":"max-image-preview:large","max-video-preview":"max-video-preview:-1"},"canonical":"https:\/\/www.bicimarket.com\/blog\/bicimarket-ya-cuenta-con-una-tienda-fisica-en-barcelona\/","og_locale":"es_ES","og_type":"article","og_title":"Bicimarket ya cuenta con una tienda f\u00edsica en Barcelona - El Blog de Bicimarket","og_description":"Bicimarket.com ha inaugurado su primer punto de venta y servicio f\u00edsico, para ofrecer a los ciclistas una amplia variedad de productos a los precios m\u00e1s competitivos sin dejar de lado la calidad que caracteriza a Bicimarket. La acogida del p\u00fablico ha sido positiva y actualmente se est\u00e1 estudiando expandir Bicimarket Store por toda la geograf\u00eda [&hellip;]","og_url":"https:\/\/www.bicimarket.com\/blog\/bicimarket-ya-cuenta-con-una-tienda-fisica-en-barcelona\/","og_site_name":"El Blog de Bicimarket","article_publisher":"https:\/\/www.facebook.com\/Bicimarketcom\/","article_published_time":"2011-09-20T09:29:00+00:00","article_modified_time":"2015-03-18T23:38:43+00:00","og_image":[{"width":720,"height":540,"url":"https:\/\/www.bicimarket.com\/blog\/wp-content\/uploads\/2011\/09\/254044_10150206826333029_59854753028_7150138_730034_n.jpg","type":"image\/jpeg"}],"author":"Bicimarket","twitter_misc":{"Escrito por":"Bicimarket","Tiempo de lectura":"2 minutos"},"schema":{"@context":"https:\/\/schema.org","@graph":[{"@type":"Article","@id":"https:\/\/www.bicimarket.com\/blog\/bicimarket-ya-cuenta-con-una-tienda-fisica-en-barcelona\/#article","isPartOf":{"@id":"https:\/\/www.bicimarket.com\/blog\/bicimarket-ya-cuenta-con-una-tienda-fisica-en-barcelona\/"},"author":{"name":"Bicimarket","@id":"https:\/\/www.bicimarket.com\/blog\/#\/schema\/person\/66369cbf23f3079a722e74b04774561f"},"headline":"Bicimarket ya cuenta con una tienda f\u00edsica en Barcelona","datePublished":"2011-09-20T09:29:00+00:00","dateModified":"2015-03-18T23:38:43+00:00","mainEntityOfPage":{"@id":"https:\/\/www.bicimarket.com\/blog\/bicimarket-ya-cuenta-con-una-tienda-fisica-en-barcelona\/"},"wordCount":399,"commentCount":0,"image":{"@id":"https:\/\/www.bicimarket.com\/blog\/bicimarket-ya-cuenta-con-una-tienda-fisica-en-barcelona\/#primaryimage"},"thumbnailUrl":"https:\/\/www.bicimarket.com\/blog\/wp-content\/uploads\/2011\/09\/254044_10150206826333029_59854753028_7150138_730034_n.jpg","articleSection":["NOVEDADES"],"inLanguage":"es","potentialAction":[{"@type":"CommentAction","name":"Comment","target":["https:\/\/www.bicimarket.com\/blog\/bicimarket-ya-cuenta-con-una-tienda-fisica-en-barcelona\/#respond"]}]},{"@type":"WebPage","@id":"https:\/\/www.bicimarket.com\/blog\/bicimarket-ya-cuenta-con-una-tienda-fisica-en-barcelona\/","url":"https:\/\/www.bicimarket.com\/blog\/bicimarket-ya-cuenta-con-una-tienda-fisica-en-barcelona\/","name":"Bicimarket ya cuenta con una tienda f\u00edsica en Barcelona - El Blog de Bicimarket","isPartOf":{"@id":"https:\/\/www.bicimarket.com\/blog\/#website"},"primaryImageOfPage":{"@id":"https:\/\/www.bicimarket.com\/blog\/bicimarket-ya-cuenta-con-una-tienda-fisica-en-barcelona\/#primaryimage"},"image":{"@id":"https:\/\/www.bicimarket.com\/blog\/bicimarket-ya-cuenta-con-una-tienda-fisica-en-barcelona\/#primaryimage"},"thumbnailUrl":"https:\/\/www.bicimarket.com\/blog\/wp-content\/uploads\/2011\/09\/254044_10150206826333029_59854753028_7150138_730034_n.jpg","datePublished":"2011-09-20T09:29:00+00:00","dateModified":"2015-03-18T23:38:43+00:00","author":{"@id":"https:\/\/www.bicimarket.com\/blog\/#\/schema\/person\/66369cbf23f3079a722e74b04774561f"},"breadcrumb":{"@id":"https:\/\/www.bicimarket.com\/blog\/bicimarket-ya-cuenta-con-una-tienda-fisica-en-barcelona\/#breadcrumb"},"inLanguage":"es","potentialAction":[{"@type":"ReadAction","target":["https:\/\/www.bicimarket.com\/blog\/bicimarket-ya-cuenta-con-una-tienda-fisica-en-barcelona\/"]}]},{"@type":"ImageObject","inLanguage":"es","@id":"https:\/\/www.bicimarket.com\/blog\/bicimarket-ya-cuenta-con-una-tienda-fisica-en-barcelona\/#primaryimage","url":"https:\/\/www.bicimarket.com\/blog\/wp-content\/uploads\/2011\/09\/254044_10150206826333029_59854753028_7150138_730034_n.jpg","contentUrl":"https:\/\/www.bicimarket.com\/blog\/wp-content\/uploads\/2011\/09\/254044_10150206826333029_59854753028_7150138_730034_n.jpg","width":720,"height":540},{"@type":"BreadcrumbList","@id":"https:\/\/www.bicimarket.com\/blog\/bicimarket-ya-cuenta-con-una-tienda-fisica-en-barcelona\/#breadcrumb","itemListElement":[{"@type":"ListItem","position":1,"name":"Portada","item":"https:\/\/www.bicimarket.com\/blog\/"},{"@type":"ListItem","position":2,"name":"Bicimarket ya cuenta con una tienda f\u00edsica en Barcelona"}]},{"@type":"WebSite","@id":"https:\/\/www.bicimarket.com\/blog\/#website","url":"https:\/\/www.bicimarket.com\/blog\/","name":"El Blog de Bicimarket","description":"Nos apasiona el ciclismo \u00bfTe apuntas con nosotros?","potentialAction":[{"@type":"SearchAction","target":{"@type":"EntryPoint","urlTemplate":"https:\/\/www.bicimarket.com\/blog\/?s={search_term_string}"},"query-input":{"@type":"PropertyValueSpecification","valueRequired":true,"valueName":"search_term_string"}}],"inLanguage":"es"},{"@type":"Person","@id":"https:\/\/www.bicimarket.com\/blog\/#\/schema\/person\/66369cbf23f3079a722e74b04774561f","name":"Bicimarket","image":{"@type":"ImageObject","inLanguage":"es","@id":"https:\/\/secure.gravatar.com\/avatar\/e6abd05c671a2d14ec3e9d2d25f2f0266e6e71f6609852e840b5447e5b18bcd5?s=96&d=mm&r=g","url":"https:\/\/secure.gravatar.com\/avatar\/e6abd05c671a2d14ec3e9d2d25f2f0266e6e71f6609852e840b5447e5b18bcd5?s=96&d=mm&r=g","contentUrl":"https:\/\/secure.gravatar.com\/avatar\/e6abd05c671a2d14ec3e9d2d25f2f0266e6e71f6609852e840b5447e5b18bcd5?s=96&d=mm&r=g","caption":"Bicimarket"},"sameAs":["https:\/\/www.bicimarket.com\/blog\/"]}]}},"modified_by":"Bicimarket","_links":{"self":[{"href":"https:\/\/www.bicimarket.com\/blog\/wp-json\/wp\/v2\/posts\/523","targetHints":{"allow":["GET"]}}],"collection":[{"href":"https:\/\/www.bicimarket.com\/blog\/wp-json\/wp\/v2\/posts"}],"about":[{"href":"https:\/\/www.bicimarket.com\/blog\/wp-json\/wp\/v2\/types\/post"}],"author":[{"embeddable":true,"href":"https:\/\/www.bicimarket.com\/blog\/wp-json\/wp\/v2\/users\/1"}],"replies":[{"embeddable":true,"href":"https:\/\/www.bicimarket.com\/blog\/wp-json\/wp\/v2\/comments?post=523"}],"version-history":[{"count":2,"href":"https:\/\/www.bicimarket.com\/blog\/wp-json\/wp\/v2\/posts\/523\/revisions"}],"predecessor-version":[{"id":2513,"href":"https:\/\/www.bicimarket.com\/blog\/wp-json\/wp\/v2\/posts\/523\/revisions\/2513"}],"wp:featuredmedia":[{"embeddable":true,"href":"https:\/\/www.bicimarket.com\/blog\/wp-json\/wp\/v2\/media\/1698"}],"wp:attachment":[{"href":"https:\/\/www.bicimarket.com\/blog\/wp-json\/wp\/v2\/media?parent=523"}],"wp:term":[{"taxonomy":"category","embeddable":true,"href":"https:\/\/www.bicimarket.com\/blog\/wp-json\/wp\/v2\/categories?post=523"},{"taxonomy":"post_tag","embeddable":true,"href":"https:\/\/www.bicimarket.com\/blog\/wp-json\/wp\/v2\/tags?post=523"}],"curies":[{"name":"wp","href":"https:\/\/api.w.org\/{rel}","templated":true}]}}