{"id":4522,"date":"2019-09-23T15:14:03","date_gmt":"2019-09-23T14:14:03","guid":{"rendered":"https:\/\/bicimarket.com\/blog\/?p=4522"},"modified":"2021-11-15T16:28:30","modified_gmt":"2021-11-15T15:28:30","slug":"lleva-la-luz-contigo-a-donde-vayas","status":"publish","type":"post","link":"https:\/\/www.bicimarket.com\/blog\/lleva-la-luz-contigo-a-donde-vayas\/","title":{"rendered":"Lleva la luz contigo a donde vayas"},"content":{"rendered":"\r\n<p>Bien sea para hacerte visible ante el tr\u00e1fico o para abrirte espacio entre la oscuridad de los entrenamientos nocturnos una luz es un accesorio absolutamente indispensable para cualquier ciclista.<\/p>\r\n\r\n\r\n\r\n<p>A continuaci\u00f3n te mostramos las distintas opciones que podr\u00e1s conseguir en el mercado:<\/p>\r\n\r\n\r\n\r\n<p class=\"has-text-color has-luminous-vivid-orange-color\"><br \/><a href=\"https:\/\/www.bicimarket.com\/es\/accesorios\/luces\/37329-206557-m-wave-helios-k-3-1.html\"><strong>M Wave<\/strong> <strong>Helio k 3.1<\/strong><\/a><\/p>\r\n\r\n\r\n\r\n<p>LED color rojo, ideal para colocar en la tija del sill\u00edn o en el cuadro de la bicicleta. Resistente al agua y recargable a trav\u00e9s de puerto USB.<\/p>\r\n\r\n\r\n\r\n<figure class=\"wp-block-image\"><a href=\"https:\/\/www.bicimarket.com\/es\/accesorios\/luces\/37329-206557-m-wave-helios-k-3-1.html\" target=\"_blank\" rel=\"noreferrer noopener\"><img loading=\"lazy\" decoding=\"async\" class=\"alignnone wp-image-4523\" src=\"https:\/\/bicimarket.com\/blog\/wp-content\/uploads\/2019\/09\/m-wave-k-3.1-1024x1024.jpg\" alt=\"\" width=\"1024\" height=\"1024\" srcset=\"https:\/\/www.bicimarket.com\/blog\/wp-content\/uploads\/2019\/09\/m-wave-k-3.1-1024x1024.jpg 1024w, https:\/\/www.bicimarket.com\/blog\/wp-content\/uploads\/2019\/09\/m-wave-k-3.1-150x150.jpg 150w, https:\/\/www.bicimarket.com\/blog\/wp-content\/uploads\/2019\/09\/m-wave-k-3.1-300x300.jpg 300w, https:\/\/www.bicimarket.com\/blog\/wp-content\/uploads\/2019\/09\/m-wave-k-3.1-768x768.jpg 768w, https:\/\/www.bicimarket.com\/blog\/wp-content\/uploads\/2019\/09\/m-wave-k-3.1-420x420.jpg 420w, https:\/\/www.bicimarket.com\/blog\/wp-content\/uploads\/2019\/09\/m-wave-k-3.1-640x640.jpg 640w, https:\/\/www.bicimarket.com\/blog\/wp-content\/uploads\/2019\/09\/m-wave-k-3.1-681x681.jpg 681w, https:\/\/www.bicimarket.com\/blog\/wp-content\/uploads\/2019\/09\/m-wave-k-3.1.jpg 1500w\" sizes=\"auto, (max-width: 1024px) 100vw, 1024px\" \/><\/a><\/figure>\r\n\r\n\r\n\r\n<p class=\"has-text-color has-luminous-vivid-orange-color\"><strong><a href=\"https:\/\/www.bicimarket.com\/es\/accesorios\/luces\/37333-127864-m-wave-atlas-k-50.html\">M Wave- Atlas K 50<\/a><\/strong><\/p>\r\n\r\n\r\n\r\n<p>Set de l\u00e1mparas para ciclismo. Posee indicador de nivel de bater\u00eda, l\u00e1mpara frontal LED color blanco con 42 Lumen, luz trasera LED color rojo. Ligeras, compactas y pueden ser c\u00f3modamente llevadas en manillar, tija o sill\u00edn.<\/p>\r\n\r\n\r\n\r\n<figure class=\"wp-block-image\"><a href=\"https:\/\/www.bicimarket.com\/es\/accesorios\/luces\/37333-127864-m-wave-atlas-k-50.html\" target=\"_blank\" rel=\"noreferrer noopener\"><img loading=\"lazy\" decoding=\"async\" class=\"alignnone wp-image-4524\" src=\"https:\/\/bicimarket.com\/blog\/wp-content\/uploads\/2019\/09\/atlas-k-50-1024x1024.jpg\" alt=\"\" width=\"1024\" height=\"1024\" srcset=\"https:\/\/www.bicimarket.com\/blog\/wp-content\/uploads\/2019\/09\/atlas-k-50-1024x1024.jpg 1024w, https:\/\/www.bicimarket.com\/blog\/wp-content\/uploads\/2019\/09\/atlas-k-50-150x150.jpg 150w, https:\/\/www.bicimarket.com\/blog\/wp-content\/uploads\/2019\/09\/atlas-k-50-300x300.jpg 300w, https:\/\/www.bicimarket.com\/blog\/wp-content\/uploads\/2019\/09\/atlas-k-50-768x768.jpg 768w, https:\/\/www.bicimarket.com\/blog\/wp-content\/uploads\/2019\/09\/atlas-k-50-420x420.jpg 420w, https:\/\/www.bicimarket.com\/blog\/wp-content\/uploads\/2019\/09\/atlas-k-50-640x640.jpg 640w, https:\/\/www.bicimarket.com\/blog\/wp-content\/uploads\/2019\/09\/atlas-k-50-681x681.jpg 681w, https:\/\/www.bicimarket.com\/blog\/wp-content\/uploads\/2019\/09\/atlas-k-50.jpg 1500w\" sizes=\"auto, (max-width: 1024px) 100vw, 1024px\" \/><\/a><\/figure>\r\n\r\n\r\n\r\n<p class=\"has-text-color has-luminous-vivid-orange-color\"><br \/><strong><a href=\"https:\/\/www.bicimarket.com\/es\/accesorios\/luces\/32337-205332-m-wave-cobra.html\">M Wave &#8211; Cobra<\/a><\/strong><\/p>\r\n\r\n\r\n\r\n<p>Compacta l\u00e1mpara multifuncional, de f\u00e1cil montaje. Puede ser llevada como luz delantera o trasera y posee un adaptador universal de f\u00e1cil montaje.<\/p>\r\n\r\n\r\n\r\n<figure class=\"wp-block-image\"><a href=\"https:\/\/www.bicimarket.com\/es\/accesorios\/luces\/32337-205332-m-wave-cobra.html\" target=\"_blank\" rel=\"noreferrer noopener\"><img loading=\"lazy\" decoding=\"async\" class=\"alignnone wp-image-4525\" src=\"https:\/\/bicimarket.com\/blog\/wp-content\/uploads\/2019\/09\/M_WAVE_COBRA_BLANCO.jpg\" alt=\"\" width=\"600\" height=\"600\" srcset=\"https:\/\/www.bicimarket.com\/blog\/wp-content\/uploads\/2019\/09\/M_WAVE_COBRA_BLANCO.jpg 600w, https:\/\/www.bicimarket.com\/blog\/wp-content\/uploads\/2019\/09\/M_WAVE_COBRA_BLANCO-150x150.jpg 150w, https:\/\/www.bicimarket.com\/blog\/wp-content\/uploads\/2019\/09\/M_WAVE_COBRA_BLANCO-300x300.jpg 300w, https:\/\/www.bicimarket.com\/blog\/wp-content\/uploads\/2019\/09\/M_WAVE_COBRA_BLANCO-420x420.jpg 420w\" sizes=\"auto, (max-width: 600px) 100vw, 600px\" \/><\/a><\/figure>\r\n\r\n\r\n\r\n<p class=\"has-text-color has-luminous-vivid-orange-color\"><strong><a href=\"https:\/\/www.bicimarket.com\/es\/accesorios\/luces\/42482-208749-magicshine-seemee-60.html\">Magicshine- Seemee 60<\/a><\/strong><\/p>\r\n\r\n\r\n\r\n<p>Esta peque\u00f1a luz trasera cuenta con un sensor de movimiento interno que al detectar una detenci\u00f3n repentina del movimiento duplica el volumen de L\u00famenes para aumentar la visibilidad y al cabo de 1 minuto de inactividad se paraliza para ahorrar energ\u00eda. Una vez detenida la luz se activa nuevamente con las vibraciones del movimiento. Adem\u00e1s de contar con estas interesantes prestaciones es resistente al agua. Sin duda es una buena opci\u00f3n para las salidas con poca luz.<\/p>\r\n\r\n\r\n\r\n<figure class=\"wp-block-image\"><a href=\"https:\/\/www.bicimarket.com\/es\/accesorios\/luces\/42482-208749-magicshine-seemee-60.html\" target=\"_blank\" rel=\"noreferrer noopener\"><img loading=\"lazy\" decoding=\"async\" class=\"alignnone wp-image-4526\" src=\"https:\/\/bicimarket.com\/blog\/wp-content\/uploads\/2019\/09\/3106auto_MAGICSHINE_SEEMEE_60.jpg\" alt=\"\" width=\"600\" height=\"600\" srcset=\"https:\/\/www.bicimarket.com\/blog\/wp-content\/uploads\/2019\/09\/3106auto_MAGICSHINE_SEEMEE_60.jpg 600w, https:\/\/www.bicimarket.com\/blog\/wp-content\/uploads\/2019\/09\/3106auto_MAGICSHINE_SEEMEE_60-150x150.jpg 150w, https:\/\/www.bicimarket.com\/blog\/wp-content\/uploads\/2019\/09\/3106auto_MAGICSHINE_SEEMEE_60-300x300.jpg 300w, https:\/\/www.bicimarket.com\/blog\/wp-content\/uploads\/2019\/09\/3106auto_MAGICSHINE_SEEMEE_60-420x420.jpg 420w\" sizes=\"auto, (max-width: 600px) 100vw, 600px\" \/><\/a><\/figure>\r\n\r\n\r\n\r\n<p class=\"has-text-color has-luminous-vivid-orange-color\"><strong><a href=\"https:\/\/www.bicimarket.com\/es\/accesorios\/luces\/30718-magicshine-mj-900.html\">Magicshine- MJ 900<\/a><\/strong><\/p>\r\n\r\n\r\n\r\n<p>Esta peque\u00f1a luz posee una potencia de 1200 L\u00famenes, es resistente al agua y puede ser usada tanto en ciclismo de carretera como de monta\u00f1a.<\/p>\r\n\r\n\r\n\r\n<figure class=\"wp-block-image\"><a href=\"https:\/\/www.bicimarket.com\/es\/accesorios\/luces\/30718-magicshine-mj-900.html\" target=\"_blank\" rel=\"noreferrer noopener\"><img loading=\"lazy\" decoding=\"async\" class=\"alignnone wp-image-4527\" src=\"https:\/\/bicimarket.com\/blog\/wp-content\/uploads\/2019\/09\/8308auto_MAGICSHINE_MJ_900.jpg\" alt=\"\" width=\"600\" height=\"600\" srcset=\"https:\/\/www.bicimarket.com\/blog\/wp-content\/uploads\/2019\/09\/8308auto_MAGICSHINE_MJ_900.jpg 600w, https:\/\/www.bicimarket.com\/blog\/wp-content\/uploads\/2019\/09\/8308auto_MAGICSHINE_MJ_900-150x150.jpg 150w, https:\/\/www.bicimarket.com\/blog\/wp-content\/uploads\/2019\/09\/8308auto_MAGICSHINE_MJ_900-300x300.jpg 300w, https:\/\/www.bicimarket.com\/blog\/wp-content\/uploads\/2019\/09\/8308auto_MAGICSHINE_MJ_900-420x420.jpg 420w\" sizes=\"auto, (max-width: 600px) 100vw, 600px\" \/><\/a><\/figure>\r\n\r\n\r\n\r\n<p class=\"has-text-color has-luminous-vivid-orange-color\"><strong><a href=\"https:\/\/www.bicimarket.com\/es\/accesorios\/luces\/44537-160006-moon-chameleon.html\">Moon &#8211; Chameleon<\/a><\/strong><\/p>\r\n\r\n\r\n\r\n<p>Es una divertida luz compacta que permite dar una amplia visibilidad al ciclista en una gama distinta de colores, de f\u00e1cil instalaci\u00f3n en cualquier parte de la bicicleta con su adaptador universal o puede ser colocada tambi\u00e9n en cualquier parte la indumentaria a trav\u00e9s de una pinza opcional que viene incluida.<\/p>\r\n\r\n\r\n\r\n<figure class=\"wp-block-image\"><a href=\"https:\/\/www.bicimarket.com\/es\/accesorios\/luces\/44537-160006-moon-chameleon.html\" target=\"_blank\" rel=\"noreferrer noopener\"><img loading=\"lazy\" decoding=\"async\" class=\"alignnone wp-image-4529\" src=\"https:\/\/bicimarket.com\/blog\/wp-content\/uploads\/2019\/09\/moon.jpg\" alt=\"\" width=\"600\" height=\"600\" srcset=\"https:\/\/www.bicimarket.com\/blog\/wp-content\/uploads\/2019\/09\/moon.jpg 600w, https:\/\/www.bicimarket.com\/blog\/wp-content\/uploads\/2019\/09\/moon-150x150.jpg 150w, https:\/\/www.bicimarket.com\/blog\/wp-content\/uploads\/2019\/09\/moon-300x300.jpg 300w, https:\/\/www.bicimarket.com\/blog\/wp-content\/uploads\/2019\/09\/moon-420x420.jpg 420w\" sizes=\"auto, (max-width: 600px) 100vw, 600px\" \/><\/a>\r\n\r\n<\/figure>\r\n\r\n\r\n\r\n<p class=\"has-text-color has-luminous-vivid-orange-color\"><strong><a href=\"https:\/\/www.bicimarket.com\/es\/accesorios\/luces\/44448-209436-niterider-omega-300.html\">NiteRider &#8211; Omega 300<\/a><\/strong><\/p>\r\n\r\n\r\n\r\n<p>Es una luz trasera super brillante de f\u00e1cil instalaci\u00f3n, resistente al polvo y al agua y que puede ser usada en \u201cmodo paseo en grupo\u201d ya que se puede ver sin distraer a otros ciclistas. Posee un USB recargable.<\/p>\r\n\r\n\r\n\r\n<figure class=\"wp-block-image\"><a href=\"https:\/\/www.bicimarket.com\/es\/accesorios\/luces\/44448-209436-niterider-omega-300.html\" target=\"_blank\" rel=\"noreferrer noopener\"><img loading=\"lazy\" decoding=\"async\" class=\"alignnone wp-image-4530\" src=\"https:\/\/bicimarket.com\/blog\/wp-content\/uploads\/2019\/09\/6976auto_NITERIDER_OMEGA_300.jpg\" alt=\"\" width=\"600\" height=\"600\" srcset=\"https:\/\/www.bicimarket.com\/blog\/wp-content\/uploads\/2019\/09\/6976auto_NITERIDER_OMEGA_300.jpg 600w, https:\/\/www.bicimarket.com\/blog\/wp-content\/uploads\/2019\/09\/6976auto_NITERIDER_OMEGA_300-150x150.jpg 150w, https:\/\/www.bicimarket.com\/blog\/wp-content\/uploads\/2019\/09\/6976auto_NITERIDER_OMEGA_300-300x300.jpg 300w, https:\/\/www.bicimarket.com\/blog\/wp-content\/uploads\/2019\/09\/6976auto_NITERIDER_OMEGA_300-420x420.jpg 420w\" sizes=\"auto, (max-width: 600px) 100vw, 600px\" \/><\/a><\/figure>\r\n\r\n\r\n\r\n<p class=\"has-text-color has-luminous-vivid-orange-color\"><strong><a href=\"https:\/\/www.bicimarket.com\/es\/accesorios\/luces\/44447-159882-niterider-sentinel-250.html\">NiteRider &#8211; Sentinel \u00a0250<\/a><\/strong><\/p>\r\n\r\n\r\n\r\n<p>Es una luz de seguridad port\u00e1til de f\u00e1cil colocaci\u00f3n a trav\u00e9s de sus distintas opciones de instalaci\u00f3n, posee flash visible a la luz del d\u00eda, durabilidad de la carga de 5 a 45h y pr\u00e1ctica cargador USB.<\/p>\r\n\r\n\r\n\r\n<figure class=\"wp-block-image\"><a href=\"https:\/\/www.bicimarket.com\/es\/accesorios\/luces\/44447-159882-niterider-sentinel-250.html\" target=\"_blank\" rel=\"noreferrer noopener\"><img loading=\"lazy\" decoding=\"async\" class=\"alignnone wp-image-4540\" src=\"https:\/\/bicimarket.com\/blog\/wp-content\/uploads\/2019\/09\/1527auto_niterider_SENTINEL_250-1.jpg\" alt=\"\" width=\"600\" height=\"600\" srcset=\"https:\/\/www.bicimarket.com\/blog\/wp-content\/uploads\/2019\/09\/1527auto_niterider_SENTINEL_250-1.jpg 600w, https:\/\/www.bicimarket.com\/blog\/wp-content\/uploads\/2019\/09\/1527auto_niterider_SENTINEL_250-1-150x150.jpg 150w, https:\/\/www.bicimarket.com\/blog\/wp-content\/uploads\/2019\/09\/1527auto_niterider_SENTINEL_250-1-300x300.jpg 300w, https:\/\/www.bicimarket.com\/blog\/wp-content\/uploads\/2019\/09\/1527auto_niterider_SENTINEL_250-1-420x420.jpg 420w\" sizes=\"auto, (max-width: 600px) 100vw, 600px\" \/><\/a><\/figure>\r\n\r\n\r\n\r\n<p class=\"has-text-color has-luminous-vivid-orange-color\"><strong><a href=\"https:\/\/www.bicimarket.com\/es\/accesorios\/luces\/41098-144033-riders-cr900-unifocal-lens-oferta.html\">Riders\u00a0CR900 Unifocal<\/a><\/strong><\/p>\r\n\r\n\r\n\r\n<p>Es Una luz delantera dedicada al ciclismo de carretera que proporciona una luz antireflejo, adem\u00e1s posee un bot\u00f3n remoto con cable para cambiar el nivel de brillo de forma segura sin soltar el agarre.<\/p>\r\n\r\n\r\n\r\n<figure class=\"wp-block-image\"><a href=\"https:\/\/www.bicimarket.com\/es\/accesorios\/luces\/41098-144033-riders-cr900-unifocal-lens-oferta.html\" target=\"_blank\" rel=\"noreferrer noopener\"><img loading=\"lazy\" decoding=\"async\" class=\"alignnone wp-image-4532\" src=\"https:\/\/bicimarket.com\/blog\/wp-content\/uploads\/2019\/09\/6908auto_RIDERS_CR900.jpg\" alt=\"\" width=\"600\" height=\"600\" srcset=\"https:\/\/www.bicimarket.com\/blog\/wp-content\/uploads\/2019\/09\/6908auto_RIDERS_CR900.jpg 600w, https:\/\/www.bicimarket.com\/blog\/wp-content\/uploads\/2019\/09\/6908auto_RIDERS_CR900-150x150.jpg 150w, https:\/\/www.bicimarket.com\/blog\/wp-content\/uploads\/2019\/09\/6908auto_RIDERS_CR900-300x300.jpg 300w, https:\/\/www.bicimarket.com\/blog\/wp-content\/uploads\/2019\/09\/6908auto_RIDERS_CR900-420x420.jpg 420w\" sizes=\"auto, (max-width: 600px) 100vw, 600px\" \/><\/a><\/figure>\r\n\r\n\r\n\r\n<p class=\"has-text-color has-luminous-vivid-orange-color\"><strong><a href=\"https:\/\/www.bicimarket.com\/es\/accesorios\/luces\/41128-144076-riders-pr1200-oferta.html\">Riders PR1200<\/a><\/strong><\/p>\r\n\r\n\r\n\r\n<p>Es una potente luz delantera con 1200 l\u00famenes que lleva control remoto y bater\u00eda integrada.<\/p>\r\n\r\n\r\n\r\n<figure class=\"wp-block-image\"><a href=\"https:\/\/www.bicimarket.com\/es\/accesorios\/luces\/41128-144076-riders-pr1200-oferta.html\" target=\"_blank\" rel=\"noreferrer noopener\"><img loading=\"lazy\" decoding=\"async\" class=\"alignnone wp-image-4533\" src=\"https:\/\/bicimarket.com\/blog\/wp-content\/uploads\/2019\/09\/8492auto_rider_pr1200.jpg\" alt=\"\" width=\"600\" height=\"600\" srcset=\"https:\/\/www.bicimarket.com\/blog\/wp-content\/uploads\/2019\/09\/8492auto_rider_pr1200.jpg 600w, https:\/\/www.bicimarket.com\/blog\/wp-content\/uploads\/2019\/09\/8492auto_rider_pr1200-150x150.jpg 150w, https:\/\/www.bicimarket.com\/blog\/wp-content\/uploads\/2019\/09\/8492auto_rider_pr1200-300x300.jpg 300w, https:\/\/www.bicimarket.com\/blog\/wp-content\/uploads\/2019\/09\/8492auto_rider_pr1200-420x420.jpg 420w\" sizes=\"auto, (max-width: 600px) 100vw, 600px\" \/><\/a><\/figure>\r\n\r\n\r\n\r\n<p class=\"has-text-color has-luminous-vivid-orange-color\"><strong><a href=\"https:\/\/www.bicimarket.com\/es\/accesorios\/luces\/41140-208304-riders-xt-200-hiro-one-lens.html\">XT-200 HIRO ONE LENS<\/a><\/strong><\/p>\r\n\r\n\r\n\r\n<p>Luz delantera con 100 l\u00famenes, que viene con indicador posterior de bater\u00eda y bater\u00eda blindada.<\/p>\r\n\r\n\r\n\r\n<figure class=\"wp-block-image\"><a href=\"https:\/\/www.bicimarket.com\/es\/accesorios\/luces\/41140-208304-riders-xt-200-hiro-one-lens.html\" target=\"_blank\" rel=\"noreferrer noopener\"><img loading=\"lazy\" decoding=\"async\" class=\"alignnone wp-image-4534\" src=\"https:\/\/bicimarket.com\/blog\/wp-content\/uploads\/2019\/09\/5837auto_riders_xt200.jpg\" alt=\"\" width=\"600\" height=\"600\" srcset=\"https:\/\/www.bicimarket.com\/blog\/wp-content\/uploads\/2019\/09\/5837auto_riders_xt200.jpg 600w, https:\/\/www.bicimarket.com\/blog\/wp-content\/uploads\/2019\/09\/5837auto_riders_xt200-150x150.jpg 150w, https:\/\/www.bicimarket.com\/blog\/wp-content\/uploads\/2019\/09\/5837auto_riders_xt200-300x300.jpg 300w, https:\/\/www.bicimarket.com\/blog\/wp-content\/uploads\/2019\/09\/5837auto_riders_xt200-420x420.jpg 420w\" sizes=\"auto, (max-width: 600px) 100vw, 600px\" \/><\/a><\/figure>\r\n\r\n\r\n\r\n<p class=\"has-text-color has-luminous-vivid-orange-color\"><strong><a href=\"https:\/\/www.bicimarket.com\/es\/accesorios\/luces\/44441-159876-eltin-led-trasero-recargable-70-lumen.html\">Eltin\u00a0Led Trasero<\/a><\/strong><\/p>\r\n\r\n\r\n\r\n<p>Luz trasera recargable con cargador USB, de f\u00e1cil instalaci\u00f3n.<\/p>\r\n\r\n\r\n\r\n<figure class=\"wp-block-image\"><a href=\"https:\/\/www.bicimarket.com\/es\/accesorios\/luces\/44441-159876-eltin-led-trasero-recargable-70-lumen.html\" target=\"_blank\" rel=\"noreferrer noopener\"><img loading=\"lazy\" decoding=\"async\" class=\"alignnone wp-image-4535\" src=\"https:\/\/bicimarket.com\/blog\/wp-content\/uploads\/2019\/09\/64auto_ELTIN_Led_Trasero_Recargable_70_Lumen.jpg\" alt=\"\" width=\"600\" height=\"600\" srcset=\"https:\/\/www.bicimarket.com\/blog\/wp-content\/uploads\/2019\/09\/64auto_ELTIN_Led_Trasero_Recargable_70_Lumen.jpg 600w, https:\/\/www.bicimarket.com\/blog\/wp-content\/uploads\/2019\/09\/64auto_ELTIN_Led_Trasero_Recargable_70_Lumen-150x150.jpg 150w, https:\/\/www.bicimarket.com\/blog\/wp-content\/uploads\/2019\/09\/64auto_ELTIN_Led_Trasero_Recargable_70_Lumen-300x300.jpg 300w, https:\/\/www.bicimarket.com\/blog\/wp-content\/uploads\/2019\/09\/64auto_ELTIN_Led_Trasero_Recargable_70_Lumen-420x420.jpg 420w\" sizes=\"auto, (max-width: 600px) 100vw, 600px\" \/><\/a><\/figure>\r\n\r\n\r\n\r\n<p class=\"has-text-color has-luminous-vivid-orange-color\"><strong><a href=\"https:\/\/www.bicimarket.com\/es\/accesorios\/luces\/41102-144037-riders-cree-f1800.html\">Riders &#8211; Cree F1800<\/a><\/strong><\/p>\r\n\r\n\r\n\r\n<p>Ligera luz delantera con 1800 lumen. Compatible con manillares de 22.2mm a 31.8mm.<\/p>\r\n\r\n\r\n\r\n<figure class=\"wp-block-image\"><a href=\"https:\/\/www.bicimarket.com\/es\/accesorios\/luces\/41102-144037-riders-cree-f1800.html\" target=\"_blank\" rel=\"noreferrer noopener\"><img loading=\"lazy\" decoding=\"async\" class=\"alignnone wp-image-4536\" src=\"https:\/\/bicimarket.com\/blog\/wp-content\/uploads\/2019\/09\/1712RIDERS_F1800.jpg\" alt=\"\" width=\"600\" height=\"600\" srcset=\"https:\/\/www.bicimarket.com\/blog\/wp-content\/uploads\/2019\/09\/1712RIDERS_F1800.jpg 600w, https:\/\/www.bicimarket.com\/blog\/wp-content\/uploads\/2019\/09\/1712RIDERS_F1800-150x150.jpg 150w, https:\/\/www.bicimarket.com\/blog\/wp-content\/uploads\/2019\/09\/1712RIDERS_F1800-300x300.jpg 300w, https:\/\/www.bicimarket.com\/blog\/wp-content\/uploads\/2019\/09\/1712RIDERS_F1800-420x420.jpg 420w\" sizes=\"auto, (max-width: 600px) 100vw, 600px\" \/><\/a><\/figure>\r\n\r\n\r\n\r\n<p>\u00a1Que la oscuridad no te detenga, prep\u00e1rate para la acci\u00f3n!<\/p>\r\n\r\n\r\n\r\n<p>&nbsp;<\/p>\r\n\r\n\r\n\r\n<p class=\"has-text-color has-luminous-vivid-orange-color\"><strong><a href=\"https:\/\/www.bicimarket.com\/\">Never Ride Alone!<\/a><\/strong><\/p>\r\n","protected":false},"excerpt":{"rendered":"<p>Bien sea para hacerte visible ante el tr\u00e1fico o para abrirte espacio entre la oscuridad de los entrenamientos nocturnos una luz es un accesorio absolutamente indispensable para cualquier ciclista. A continuaci\u00f3n te mostramos las distintas opciones que podr\u00e1s conseguir en el mercado: M Wave Helio k 3.1 LED color rojo, ideal para colocar en la [&hellip;]<\/p>\n","protected":false},"author":1,"featured_media":4538,"comment_status":"open","ping_status":"open","sticky":false,"template":"","format":"standard","meta":{"_lmt_disableupdate":"","_lmt_disable":"","footnotes":""},"categories":[564,562],"tags":[687,711,709,712,710],"class_list":["post-4522","post","type-post","status-publish","format-standard","has-post-thumbnail","hentry","category-consejos","category-novedades","tag-luces","tag-lumen","tag-luz","tag-usb","tag-visibilidad"],"yoast_head":"<!-- This site is optimized with the Yoast SEO plugin v27.4 - https:\/\/yoast.com\/product\/yoast-seo-wordpress\/ -->\n<title>Lleva la luz contigo a donde vayas - El Blog de Bicimarket<\/title>\n<meta name=\"robots\" content=\"index, follow, max-snippet:-1, max-image-preview:large, max-video-preview:-1\" \/>\n<link rel=\"canonical\" href=\"https:\/\/www.bicimarket.com\/blog\/lleva-la-luz-contigo-a-donde-vayas\/\" \/>\n<meta property=\"og:locale\" content=\"es_ES\" \/>\n<meta property=\"og:type\" content=\"article\" \/>\n<meta property=\"og:title\" content=\"Lleva la luz contigo a donde vayas - El Blog de Bicimarket\" \/>\n<meta property=\"og:description\" content=\"Bien sea para hacerte visible ante el tr\u00e1fico o para abrirte espacio entre la oscuridad de los entrenamientos nocturnos una luz es un accesorio absolutamente indispensable para cualquier ciclista. A continuaci\u00f3n te mostramos las distintas opciones que podr\u00e1s conseguir en el mercado: M Wave Helio k 3.1 LED color rojo, ideal para colocar en la [&hellip;]\" \/>\n<meta property=\"og:url\" content=\"https:\/\/www.bicimarket.com\/blog\/lleva-la-luz-contigo-a-donde-vayas\/\" \/>\n<meta property=\"og:site_name\" content=\"El Blog de Bicimarket\" \/>\n<meta property=\"article:publisher\" content=\"https:\/\/www.facebook.com\/Bicimarketcom\/\" \/>\n<meta property=\"article:published_time\" content=\"2019-09-23T14:14:03+00:00\" \/>\n<meta property=\"article:modified_time\" content=\"2021-11-15T15:28:30+00:00\" \/>\n<meta property=\"og:image\" content=\"https:\/\/www.bicimarket.com\/blog\/wp-content\/uploads\/2019\/09\/52052594d1-1.jpg\" \/>\n\t<meta property=\"og:image:width\" content=\"1545\" \/>\n\t<meta property=\"og:image:height\" content=\"889\" \/>\n\t<meta property=\"og:image:type\" content=\"image\/jpeg\" \/>\n<meta name=\"author\" content=\"Bicimarket\" \/>\n<meta name=\"twitter:label1\" content=\"Escrito por\" \/>\n\t<meta name=\"twitter:data1\" content=\"Bicimarket\" \/>\n\t<meta name=\"twitter:label2\" content=\"Tiempo de lectura\" \/>\n\t<meta name=\"twitter:data2\" content=\"5 minutos\" \/>\n<script type=\"application\/ld+json\" class=\"yoast-schema-graph\">{\"@context\":\"https:\\\/\\\/schema.org\",\"@graph\":[{\"@type\":\"Article\",\"@id\":\"https:\\\/\\\/www.bicimarket.com\\\/blog\\\/lleva-la-luz-contigo-a-donde-vayas\\\/#article\",\"isPartOf\":{\"@id\":\"https:\\\/\\\/www.bicimarket.com\\\/blog\\\/lleva-la-luz-contigo-a-donde-vayas\\\/\"},\"author\":{\"name\":\"Bicimarket\",\"@id\":\"https:\\\/\\\/www.bicimarket.com\\\/blog\\\/#\\\/schema\\\/person\\\/66369cbf23f3079a722e74b04774561f\"},\"headline\":\"Lleva la luz contigo a donde vayas\",\"datePublished\":\"2019-09-23T14:14:03+00:00\",\"dateModified\":\"2021-11-15T15:28:30+00:00\",\"mainEntityOfPage\":{\"@id\":\"https:\\\/\\\/www.bicimarket.com\\\/blog\\\/lleva-la-luz-contigo-a-donde-vayas\\\/\"},\"wordCount\":544,\"commentCount\":0,\"image\":{\"@id\":\"https:\\\/\\\/www.bicimarket.com\\\/blog\\\/lleva-la-luz-contigo-a-donde-vayas\\\/#primaryimage\"},\"thumbnailUrl\":\"https:\\\/\\\/www.bicimarket.com\\\/blog\\\/wp-content\\\/uploads\\\/2019\\\/09\\\/52052594d1-1.jpg\",\"keywords\":[\"luces\",\"lumen\",\"luz\",\"usb\",\"visibilidad\"],\"articleSection\":[\"CONSEJOS\",\"NOVEDADES\"],\"inLanguage\":\"es\",\"potentialAction\":[{\"@type\":\"CommentAction\",\"name\":\"Comment\",\"target\":[\"https:\\\/\\\/www.bicimarket.com\\\/blog\\\/lleva-la-luz-contigo-a-donde-vayas\\\/#respond\"]}]},{\"@type\":\"WebPage\",\"@id\":\"https:\\\/\\\/www.bicimarket.com\\\/blog\\\/lleva-la-luz-contigo-a-donde-vayas\\\/\",\"url\":\"https:\\\/\\\/www.bicimarket.com\\\/blog\\\/lleva-la-luz-contigo-a-donde-vayas\\\/\",\"name\":\"Lleva la luz contigo a donde vayas - El Blog de Bicimarket\",\"isPartOf\":{\"@id\":\"https:\\\/\\\/www.bicimarket.com\\\/blog\\\/#website\"},\"primaryImageOfPage\":{\"@id\":\"https:\\\/\\\/www.bicimarket.com\\\/blog\\\/lleva-la-luz-contigo-a-donde-vayas\\\/#primaryimage\"},\"image\":{\"@id\":\"https:\\\/\\\/www.bicimarket.com\\\/blog\\\/lleva-la-luz-contigo-a-donde-vayas\\\/#primaryimage\"},\"thumbnailUrl\":\"https:\\\/\\\/www.bicimarket.com\\\/blog\\\/wp-content\\\/uploads\\\/2019\\\/09\\\/52052594d1-1.jpg\",\"datePublished\":\"2019-09-23T14:14:03+00:00\",\"dateModified\":\"2021-11-15T15:28:30+00:00\",\"author\":{\"@id\":\"https:\\\/\\\/www.bicimarket.com\\\/blog\\\/#\\\/schema\\\/person\\\/66369cbf23f3079a722e74b04774561f\"},\"breadcrumb\":{\"@id\":\"https:\\\/\\\/www.bicimarket.com\\\/blog\\\/lleva-la-luz-contigo-a-donde-vayas\\\/#breadcrumb\"},\"inLanguage\":\"es\",\"potentialAction\":[{\"@type\":\"ReadAction\",\"target\":[\"https:\\\/\\\/www.bicimarket.com\\\/blog\\\/lleva-la-luz-contigo-a-donde-vayas\\\/\"]}]},{\"@type\":\"ImageObject\",\"inLanguage\":\"es\",\"@id\":\"https:\\\/\\\/www.bicimarket.com\\\/blog\\\/lleva-la-luz-contigo-a-donde-vayas\\\/#primaryimage\",\"url\":\"https:\\\/\\\/www.bicimarket.com\\\/blog\\\/wp-content\\\/uploads\\\/2019\\\/09\\\/52052594d1-1.jpg\",\"contentUrl\":\"https:\\\/\\\/www.bicimarket.com\\\/blog\\\/wp-content\\\/uploads\\\/2019\\\/09\\\/52052594d1-1.jpg\",\"width\":1545,\"height\":889},{\"@type\":\"BreadcrumbList\",\"@id\":\"https:\\\/\\\/www.bicimarket.com\\\/blog\\\/lleva-la-luz-contigo-a-donde-vayas\\\/#breadcrumb\",\"itemListElement\":[{\"@type\":\"ListItem\",\"position\":1,\"name\":\"Portada\",\"item\":\"https:\\\/\\\/www.bicimarket.com\\\/blog\\\/\"},{\"@type\":\"ListItem\",\"position\":2,\"name\":\"Lleva la luz contigo a donde vayas\"}]},{\"@type\":\"WebSite\",\"@id\":\"https:\\\/\\\/www.bicimarket.com\\\/blog\\\/#website\",\"url\":\"https:\\\/\\\/www.bicimarket.com\\\/blog\\\/\",\"name\":\"El Blog de Bicimarket\",\"description\":\"Nos apasiona el ciclismo \u00bfTe apuntas con nosotros?\",\"potentialAction\":[{\"@type\":\"SearchAction\",\"target\":{\"@type\":\"EntryPoint\",\"urlTemplate\":\"https:\\\/\\\/www.bicimarket.com\\\/blog\\\/?s={search_term_string}\"},\"query-input\":{\"@type\":\"PropertyValueSpecification\",\"valueRequired\":true,\"valueName\":\"search_term_string\"}}],\"inLanguage\":\"es\"},{\"@type\":\"Person\",\"@id\":\"https:\\\/\\\/www.bicimarket.com\\\/blog\\\/#\\\/schema\\\/person\\\/66369cbf23f3079a722e74b04774561f\",\"name\":\"Bicimarket\",\"image\":{\"@type\":\"ImageObject\",\"inLanguage\":\"es\",\"@id\":\"https:\\\/\\\/secure.gravatar.com\\\/avatar\\\/e6abd05c671a2d14ec3e9d2d25f2f0266e6e71f6609852e840b5447e5b18bcd5?s=96&d=mm&r=g\",\"url\":\"https:\\\/\\\/secure.gravatar.com\\\/avatar\\\/e6abd05c671a2d14ec3e9d2d25f2f0266e6e71f6609852e840b5447e5b18bcd5?s=96&d=mm&r=g\",\"contentUrl\":\"https:\\\/\\\/secure.gravatar.com\\\/avatar\\\/e6abd05c671a2d14ec3e9d2d25f2f0266e6e71f6609852e840b5447e5b18bcd5?s=96&d=mm&r=g\",\"caption\":\"Bicimarket\"},\"sameAs\":[\"https:\\\/\\\/www.bicimarket.com\\\/blog\\\/\"]}]}<\/script>\n<!-- \/ Yoast SEO plugin. -->","yoast_head_json":{"title":"Lleva la luz contigo a donde vayas - El Blog de Bicimarket","robots":{"index":"index","follow":"follow","max-snippet":"max-snippet:-1","max-image-preview":"max-image-preview:large","max-video-preview":"max-video-preview:-1"},"canonical":"https:\/\/www.bicimarket.com\/blog\/lleva-la-luz-contigo-a-donde-vayas\/","og_locale":"es_ES","og_type":"article","og_title":"Lleva la luz contigo a donde vayas - El Blog de Bicimarket","og_description":"Bien sea para hacerte visible ante el tr\u00e1fico o para abrirte espacio entre la oscuridad de los entrenamientos nocturnos una luz es un accesorio absolutamente indispensable para cualquier ciclista. A continuaci\u00f3n te mostramos las distintas opciones que podr\u00e1s conseguir en el mercado: M Wave Helio k 3.1 LED color rojo, ideal para colocar en la [&hellip;]","og_url":"https:\/\/www.bicimarket.com\/blog\/lleva-la-luz-contigo-a-donde-vayas\/","og_site_name":"El Blog de Bicimarket","article_publisher":"https:\/\/www.facebook.com\/Bicimarketcom\/","article_published_time":"2019-09-23T14:14:03+00:00","article_modified_time":"2021-11-15T15:28:30+00:00","og_image":[{"width":1545,"height":889,"url":"https:\/\/www.bicimarket.com\/blog\/wp-content\/uploads\/2019\/09\/52052594d1-1.jpg","type":"image\/jpeg"}],"author":"Bicimarket","twitter_misc":{"Escrito por":"Bicimarket","Tiempo de lectura":"5 minutos"},"schema":{"@context":"https:\/\/schema.org","@graph":[{"@type":"Article","@id":"https:\/\/www.bicimarket.com\/blog\/lleva-la-luz-contigo-a-donde-vayas\/#article","isPartOf":{"@id":"https:\/\/www.bicimarket.com\/blog\/lleva-la-luz-contigo-a-donde-vayas\/"},"author":{"name":"Bicimarket","@id":"https:\/\/www.bicimarket.com\/blog\/#\/schema\/person\/66369cbf23f3079a722e74b04774561f"},"headline":"Lleva la luz contigo a donde vayas","datePublished":"2019-09-23T14:14:03+00:00","dateModified":"2021-11-15T15:28:30+00:00","mainEntityOfPage":{"@id":"https:\/\/www.bicimarket.com\/blog\/lleva-la-luz-contigo-a-donde-vayas\/"},"wordCount":544,"commentCount":0,"image":{"@id":"https:\/\/www.bicimarket.com\/blog\/lleva-la-luz-contigo-a-donde-vayas\/#primaryimage"},"thumbnailUrl":"https:\/\/www.bicimarket.com\/blog\/wp-content\/uploads\/2019\/09\/52052594d1-1.jpg","keywords":["luces","lumen","luz","usb","visibilidad"],"articleSection":["CONSEJOS","NOVEDADES"],"inLanguage":"es","potentialAction":[{"@type":"CommentAction","name":"Comment","target":["https:\/\/www.bicimarket.com\/blog\/lleva-la-luz-contigo-a-donde-vayas\/#respond"]}]},{"@type":"WebPage","@id":"https:\/\/www.bicimarket.com\/blog\/lleva-la-luz-contigo-a-donde-vayas\/","url":"https:\/\/www.bicimarket.com\/blog\/lleva-la-luz-contigo-a-donde-vayas\/","name":"Lleva la luz contigo a donde vayas - El Blog de Bicimarket","isPartOf":{"@id":"https:\/\/www.bicimarket.com\/blog\/#website"},"primaryImageOfPage":{"@id":"https:\/\/www.bicimarket.com\/blog\/lleva-la-luz-contigo-a-donde-vayas\/#primaryimage"},"image":{"@id":"https:\/\/www.bicimarket.com\/blog\/lleva-la-luz-contigo-a-donde-vayas\/#primaryimage"},"thumbnailUrl":"https:\/\/www.bicimarket.com\/blog\/wp-content\/uploads\/2019\/09\/52052594d1-1.jpg","datePublished":"2019-09-23T14:14:03+00:00","dateModified":"2021-11-15T15:28:30+00:00","author":{"@id":"https:\/\/www.bicimarket.com\/blog\/#\/schema\/person\/66369cbf23f3079a722e74b04774561f"},"breadcrumb":{"@id":"https:\/\/www.bicimarket.com\/blog\/lleva-la-luz-contigo-a-donde-vayas\/#breadcrumb"},"inLanguage":"es","potentialAction":[{"@type":"ReadAction","target":["https:\/\/www.bicimarket.com\/blog\/lleva-la-luz-contigo-a-donde-vayas\/"]}]},{"@type":"ImageObject","inLanguage":"es","@id":"https:\/\/www.bicimarket.com\/blog\/lleva-la-luz-contigo-a-donde-vayas\/#primaryimage","url":"https:\/\/www.bicimarket.com\/blog\/wp-content\/uploads\/2019\/09\/52052594d1-1.jpg","contentUrl":"https:\/\/www.bicimarket.com\/blog\/wp-content\/uploads\/2019\/09\/52052594d1-1.jpg","width":1545,"height":889},{"@type":"BreadcrumbList","@id":"https:\/\/www.bicimarket.com\/blog\/lleva-la-luz-contigo-a-donde-vayas\/#breadcrumb","itemListElement":[{"@type":"ListItem","position":1,"name":"Portada","item":"https:\/\/www.bicimarket.com\/blog\/"},{"@type":"ListItem","position":2,"name":"Lleva la luz contigo a donde vayas"}]},{"@type":"WebSite","@id":"https:\/\/www.bicimarket.com\/blog\/#website","url":"https:\/\/www.bicimarket.com\/blog\/","name":"El Blog de Bicimarket","description":"Nos apasiona el ciclismo \u00bfTe apuntas con nosotros?","potentialAction":[{"@type":"SearchAction","target":{"@type":"EntryPoint","urlTemplate":"https:\/\/www.bicimarket.com\/blog\/?s={search_term_string}"},"query-input":{"@type":"PropertyValueSpecification","valueRequired":true,"valueName":"search_term_string"}}],"inLanguage":"es"},{"@type":"Person","@id":"https:\/\/www.bicimarket.com\/blog\/#\/schema\/person\/66369cbf23f3079a722e74b04774561f","name":"Bicimarket","image":{"@type":"ImageObject","inLanguage":"es","@id":"https:\/\/secure.gravatar.com\/avatar\/e6abd05c671a2d14ec3e9d2d25f2f0266e6e71f6609852e840b5447e5b18bcd5?s=96&d=mm&r=g","url":"https:\/\/secure.gravatar.com\/avatar\/e6abd05c671a2d14ec3e9d2d25f2f0266e6e71f6609852e840b5447e5b18bcd5?s=96&d=mm&r=g","contentUrl":"https:\/\/secure.gravatar.com\/avatar\/e6abd05c671a2d14ec3e9d2d25f2f0266e6e71f6609852e840b5447e5b18bcd5?s=96&d=mm&r=g","caption":"Bicimarket"},"sameAs":["https:\/\/www.bicimarket.com\/blog\/"]}]}},"modified_by":"Bicimarket","_links":{"self":[{"href":"https:\/\/www.bicimarket.com\/blog\/wp-json\/wp\/v2\/posts\/4522","targetHints":{"allow":["GET"]}}],"collection":[{"href":"https:\/\/www.bicimarket.com\/blog\/wp-json\/wp\/v2\/posts"}],"about":[{"href":"https:\/\/www.bicimarket.com\/blog\/wp-json\/wp\/v2\/types\/post"}],"author":[{"embeddable":true,"href":"https:\/\/www.bicimarket.com\/blog\/wp-json\/wp\/v2\/users\/1"}],"replies":[{"embeddable":true,"href":"https:\/\/www.bicimarket.com\/blog\/wp-json\/wp\/v2\/comments?post=4522"}],"version-history":[{"count":3,"href":"https:\/\/www.bicimarket.com\/blog\/wp-json\/wp\/v2\/posts\/4522\/revisions"}],"predecessor-version":[{"id":5562,"href":"https:\/\/www.bicimarket.com\/blog\/wp-json\/wp\/v2\/posts\/4522\/revisions\/5562"}],"wp:featuredmedia":[{"embeddable":true,"href":"https:\/\/www.bicimarket.com\/blog\/wp-json\/wp\/v2\/media\/4538"}],"wp:attachment":[{"href":"https:\/\/www.bicimarket.com\/blog\/wp-json\/wp\/v2\/media?parent=4522"}],"wp:term":[{"taxonomy":"category","embeddable":true,"href":"https:\/\/www.bicimarket.com\/blog\/wp-json\/wp\/v2\/categories?post=4522"},{"taxonomy":"post_tag","embeddable":true,"href":"https:\/\/www.bicimarket.com\/blog\/wp-json\/wp\/v2\/tags?post=4522"}],"curies":[{"name":"wp","href":"https:\/\/api.w.org\/{rel}","templated":true}]}}