{"id":4402,"date":"2019-07-25T12:11:59","date_gmt":"2019-07-25T11:11:59","guid":{"rendered":"https:\/\/bicimarket.com\/blog\/?p=4402"},"modified":"2023-12-19T09:50:44","modified_gmt":"2023-12-19T08:50:44","slug":"bicicletas-que-estan-dando-de-que-hablar-este-tour-de-francia","status":"publish","type":"post","link":"https:\/\/www.bicimarket.com\/blog\/bicicletas-que-estan-dando-de-que-hablar-este-tour-de-francia\/","title":{"rendered":"Bicicletas que est\u00e1n dando de qu\u00e9 hablar este Tour de Francia."},"content":{"rendered":"\r\n<p><em>No existe una carrera a la que los espectadores amen con mayor devoci\u00f3n. <\/em><\/p>\r\n\r\n\r\n\r\n<p>Todos los a\u00f1os esperamos con ansias el Tour de Francia, donde salen a la batalla los mejores exponentes del ciclismo mundial<\/p>\r\n\r\n\r\n\r\n<p>El Tour se ha convertido en el escaparate de las principales marcas del ciclismo mundial y la batalla se traslada a los beneficios e innovaciones que ofrecen cada a\u00f1o.<\/p>\r\n\r\n\r\n\r\n<p>Queremos compartir contigo algunas de las marcas m\u00e1s innovadoras durante este Tour:<\/p>\r\n\r\n\r\n\r\n<p class=\"has-text-color has-luminous-vivid-orange-color\">CUBE &gt; <a href=\"https:\/\/www.bicimarket.com\/Bicicletas-Carretera-Cube-Litening-C-68-SL-p41629.html \"><strong>Litening C68 SLR.<\/strong><\/a><\/p>\r\n\r\n\r\n\r\n<p>Es la principal arma del equipo Italiano Wanty \u2013 Gobert.<\/p>\r\n\r\n\r\n\r\n<figure class=\"wp-block-image\"><img loading=\"lazy\" decoding=\"async\" width=\"690\" height=\"460\" class=\"wp-image-4403\" src=\"https:\/\/bicimarket.com\/blog\/wp-content\/uploads\/2019\/07\/w.jpg\" alt=\"\" srcset=\"https:\/\/www.bicimarket.com\/blog\/wp-content\/uploads\/2019\/07\/w.jpg 690w, https:\/\/www.bicimarket.com\/blog\/wp-content\/uploads\/2019\/07\/w-300x200.jpg 300w, https:\/\/www.bicimarket.com\/blog\/wp-content\/uploads\/2019\/07\/w-630x420.jpg 630w, https:\/\/www.bicimarket.com\/blog\/wp-content\/uploads\/2019\/07\/w-640x427.jpg 640w, https:\/\/www.bicimarket.com\/blog\/wp-content\/uploads\/2019\/07\/w-681x454.jpg 681w\" sizes=\"auto, (max-width: 690px) 100vw, 690px\" \/><\/figure>\r\n\r\n\r\n\r\n<p>Esta bicicleta es pr\u00e1cticamente insensible al viento lateral. Su composici\u00f3n de Carbono C:68X permiti\u00f3 bajar de peso nuevamente (6,8 Kg). Posee enrutamiento de cableado interno que favorece la aerodin\u00e1mica. La Litening C68 SRL es sin duda una m\u00e1quina infalible de velocidad y escalada.<\/p>\r\n\r\n\r\n\r\n<figure class=\"wp-block-image\"><img loading=\"lazy\" decoding=\"async\" width=\"1024\" height=\"740\" class=\"wp-image-4404\" src=\"https:\/\/bicimarket.com\/blog\/wp-content\/uploads\/2019\/07\/d-1024x740.jpg\" alt=\"\" srcset=\"https:\/\/www.bicimarket.com\/blog\/wp-content\/uploads\/2019\/07\/d-1024x740.jpg 1024w, https:\/\/www.bicimarket.com\/blog\/wp-content\/uploads\/2019\/07\/d-300x217.jpg 300w, https:\/\/www.bicimarket.com\/blog\/wp-content\/uploads\/2019\/07\/d-768x555.jpg 768w, https:\/\/www.bicimarket.com\/blog\/wp-content\/uploads\/2019\/07\/d-581x420.jpg 581w, https:\/\/www.bicimarket.com\/blog\/wp-content\/uploads\/2019\/07\/d-640x462.jpg 640w, https:\/\/www.bicimarket.com\/blog\/wp-content\/uploads\/2019\/07\/d-681x492.jpg 681w, https:\/\/www.bicimarket.com\/blog\/wp-content\/uploads\/2019\/07\/d.jpg 1200w\" sizes=\"auto, (max-width: 1024px) 100vw, 1024px\" \/><\/figure>\r\n\r\n\r\n\r\n<p>Sus corredores tambi\u00e9n llevan la<a href=\"https:\/\/www.bicimarket.com\/Bicicletas-Triatlon-Cube-Aerium-C-68-SL-p41527.html\"> Aerium C 68 SL<\/a>, compuesta con el mismo carbono C: 68 y con un dise\u00f1o 100% aerodin\u00e1mico que la convierte en una m\u00e1quina de velocidad sin restricciones.<\/p>\r\n\r\n\r\n\r\n<figure class=\"wp-block-image\"><img loading=\"lazy\" decoding=\"async\" width=\"1024\" height=\"768\" class=\"wp-image-4405\" src=\"https:\/\/bicimarket.com\/blog\/wp-content\/uploads\/2019\/07\/e-1024x768.jpg\" alt=\"\" srcset=\"https:\/\/www.bicimarket.com\/blog\/wp-content\/uploads\/2019\/07\/e-1024x768.jpg 1024w, https:\/\/www.bicimarket.com\/blog\/wp-content\/uploads\/2019\/07\/e-300x225.jpg 300w, https:\/\/www.bicimarket.com\/blog\/wp-content\/uploads\/2019\/07\/e-768x576.jpg 768w, https:\/\/www.bicimarket.com\/blog\/wp-content\/uploads\/2019\/07\/e-560x420.jpg 560w, https:\/\/www.bicimarket.com\/blog\/wp-content\/uploads\/2019\/07\/e-80x60.jpg 80w, https:\/\/www.bicimarket.com\/blog\/wp-content\/uploads\/2019\/07\/e-100x75.jpg 100w, https:\/\/www.bicimarket.com\/blog\/wp-content\/uploads\/2019\/07\/e-180x135.jpg 180w, https:\/\/www.bicimarket.com\/blog\/wp-content\/uploads\/2019\/07\/e-238x178.jpg 238w, https:\/\/www.bicimarket.com\/blog\/wp-content\/uploads\/2019\/07\/e-640x480.jpg 640w, https:\/\/www.bicimarket.com\/blog\/wp-content\/uploads\/2019\/07\/e-681x511.jpg 681w, https:\/\/www.bicimarket.com\/blog\/wp-content\/uploads\/2019\/07\/e.jpg 1800w\" sizes=\"auto, (max-width: 1024px) 100vw, 1024px\" \/><\/figure>\r\n\r\n\r\n\r\n<figure class=\"wp-block-image\"><img loading=\"lazy\" decoding=\"async\" width=\"1024\" height=\"751\" class=\"wp-image-4406\" src=\"https:\/\/bicimarket.com\/blog\/wp-content\/uploads\/2019\/07\/f-1024x751.jpg\" alt=\"\" srcset=\"https:\/\/www.bicimarket.com\/blog\/wp-content\/uploads\/2019\/07\/f-1024x751.jpg 1024w, https:\/\/www.bicimarket.com\/blog\/wp-content\/uploads\/2019\/07\/f-300x220.jpg 300w, https:\/\/www.bicimarket.com\/blog\/wp-content\/uploads\/2019\/07\/f-768x563.jpg 768w, https:\/\/www.bicimarket.com\/blog\/wp-content\/uploads\/2019\/07\/f-573x420.jpg 573w, https:\/\/www.bicimarket.com\/blog\/wp-content\/uploads\/2019\/07\/f-80x60.jpg 80w, https:\/\/www.bicimarket.com\/blog\/wp-content\/uploads\/2019\/07\/f-640x469.jpg 640w, https:\/\/www.bicimarket.com\/blog\/wp-content\/uploads\/2019\/07\/f-681x499.jpg 681w, https:\/\/www.bicimarket.com\/blog\/wp-content\/uploads\/2019\/07\/f.jpg 1200w\" sizes=\"auto, (max-width: 1024px) 100vw, 1024px\" \/><\/figure>\r\n\r\n\r\n\r\n<p class=\"has-text-color has-luminous-vivid-orange-color\"><strong>M\u00e9rida &gt; <a href=\"https:\/\/www.bicimarket.com\/Bicicletas-Carretera-Merida-Reacto-disc-4000-p39537.html\">Reacto \u00a04000<\/a><\/strong><\/p>\r\n\r\n\r\n\r\n<p>Pertenece al equipo italiano BAHRAIN MERIDA.<\/p>\r\n\r\n\r\n\r\n<p>Es el modelo m\u00e1s aerodin\u00e1mico y tambi\u00e9n la m\u00e1s r\u00edgido de la marca en sus dos versiones, Reacto llanta (tradicional) o freno de disco (Poder de frenado adicional), ambas tienen 1 a\u00f1o en el escenario y sus pilotos la eligen de acuerdo a las condiciones climatol\u00f3gicas y preferencias personales.<\/p>\r\n\r\n\r\n\r\n<figure class=\"wp-block-image\"><img loading=\"lazy\" decoding=\"async\" width=\"1024\" height=\"682\" class=\"wp-image-4407\" src=\"https:\/\/bicimarket.com\/blog\/wp-content\/uploads\/2019\/07\/h-1024x682.jpg\" alt=\"\" srcset=\"https:\/\/www.bicimarket.com\/blog\/wp-content\/uploads\/2019\/07\/h-1024x682.jpg 1024w, https:\/\/www.bicimarket.com\/blog\/wp-content\/uploads\/2019\/07\/h-300x200.jpg 300w, https:\/\/www.bicimarket.com\/blog\/wp-content\/uploads\/2019\/07\/h-768x512.jpg 768w, https:\/\/www.bicimarket.com\/blog\/wp-content\/uploads\/2019\/07\/h-631x420.jpg 631w, https:\/\/www.bicimarket.com\/blog\/wp-content\/uploads\/2019\/07\/h-640x426.jpg 640w, https:\/\/www.bicimarket.com\/blog\/wp-content\/uploads\/2019\/07\/h-681x454.jpg 681w, https:\/\/www.bicimarket.com\/blog\/wp-content\/uploads\/2019\/07\/h.jpg 1240w\" sizes=\"auto, (max-width: 1024px) 100vw, 1024px\" \/><\/figure>\r\n\r\n\r\n\r\n<p class=\"has-text-color has-luminous-vivid-orange-color\"><strong>M\u00e9rida &gt; <a href=\"https:\/\/www.bicimarket.com\/Bicicletas-Carretera-Merida-Scultura-Team-e-p39551.html\">Scultura Team<\/a><\/strong><\/p>\r\n\r\n\r\n\r\n<p>Es considerada una de las mejores bicicletas de carretera del mundo.<\/p>\r\n\r\n\r\n\r\n<p><br \/>Est\u00e1 dise\u00f1ado para ser el caballo de batalla ligero del equipo de ciclismo profesional BAHRAIN MERIDA. Con un peso de cuadro de solo 850 g, la versi\u00f3n de freno de llanta SCULTURA establece nuevos est\u00e1ndares en cuanto a aceleraci\u00f3n y capacidad de ascenso se trata.<\/p>\r\n\r\n\r\n\r\n<figure class=\"wp-block-image\"><img loading=\"lazy\" decoding=\"async\" width=\"768\" height=\"581\" class=\"wp-image-4408\" src=\"https:\/\/bicimarket.com\/blog\/wp-content\/uploads\/2019\/07\/j.jpg\" alt=\"\" srcset=\"https:\/\/www.bicimarket.com\/blog\/wp-content\/uploads\/2019\/07\/j.jpg 768w, https:\/\/www.bicimarket.com\/blog\/wp-content\/uploads\/2019\/07\/j-300x227.jpg 300w, https:\/\/www.bicimarket.com\/blog\/wp-content\/uploads\/2019\/07\/j-555x420.jpg 555w, https:\/\/www.bicimarket.com\/blog\/wp-content\/uploads\/2019\/07\/j-80x60.jpg 80w, https:\/\/www.bicimarket.com\/blog\/wp-content\/uploads\/2019\/07\/j-100x75.jpg 100w, https:\/\/www.bicimarket.com\/blog\/wp-content\/uploads\/2019\/07\/j-180x135.jpg 180w, https:\/\/www.bicimarket.com\/blog\/wp-content\/uploads\/2019\/07\/j-640x484.jpg 640w, https:\/\/www.bicimarket.com\/blog\/wp-content\/uploads\/2019\/07\/j-681x515.jpg 681w\" sizes=\"auto, (max-width: 768px) 100vw, 768px\" \/><\/figure>\r\n\r\n\r\n\r\n<p class=\"has-text-color has-luminous-vivid-orange-color\"><strong>Wilier &gt;<a href=\"https:\/\/www.bicimarket.com\/products\/search?s=wilier+zero \"> Zero SRL.<\/a><\/strong><\/p>\r\n\r\n\r\n\r\n<p>Del equipo franc\u00e9s Team Direct Energie.<\/p>\r\n\r\n\r\n\r\n<p>Esta bicicleta sintetiza los conceptos de ligereza e integraci\u00f3n total. Est\u00e1 dise\u00f1ada para complacer las necesidades m\u00e1s exigentes de los ciclistas de carretera.<\/p>\r\n\r\n\r\n\r\n<p>Adem\u00e1s, est\u00e1 al frente de la vanguardia tecnol\u00f3gica: Frenos de disco, transmisi\u00f3n electr\u00f3nica, integraci\u00f3n de cables, eficiencia aerodin\u00e1mida y estabilidad a altas velocidades.<\/p>\r\n\r\n\r\n\r\n<figure class=\"wp-block-image\"><img loading=\"lazy\" decoding=\"async\" width=\"1024\" height=\"1024\" class=\"wp-image-4409\" src=\"https:\/\/bicimarket.com\/blog\/wp-content\/uploads\/2019\/07\/k-1024x1024.jpg\" alt=\"\" srcset=\"https:\/\/www.bicimarket.com\/blog\/wp-content\/uploads\/2019\/07\/k-1024x1024.jpg 1024w, https:\/\/www.bicimarket.com\/blog\/wp-content\/uploads\/2019\/07\/k-150x150.jpg 150w, https:\/\/www.bicimarket.com\/blog\/wp-content\/uploads\/2019\/07\/k-300x300.jpg 300w, https:\/\/www.bicimarket.com\/blog\/wp-content\/uploads\/2019\/07\/k-768x768.jpg 768w, https:\/\/www.bicimarket.com\/blog\/wp-content\/uploads\/2019\/07\/k-420x420.jpg 420w, https:\/\/www.bicimarket.com\/blog\/wp-content\/uploads\/2019\/07\/k-640x640.jpg 640w, https:\/\/www.bicimarket.com\/blog\/wp-content\/uploads\/2019\/07\/k-681x681.jpg 681w, https:\/\/www.bicimarket.com\/blog\/wp-content\/uploads\/2019\/07\/k.jpg 1063w\" sizes=\"auto, (max-width: 1024px) 100vw, 1024px\" \/><\/figure>\r\n\r\n\r\n\r\n<figure class=\"wp-block-image\"><img loading=\"lazy\" decoding=\"async\" width=\"1024\" height=\"681\" class=\"wp-image-4410\" src=\"https:\/\/bicimarket.com\/blog\/wp-content\/uploads\/2019\/07\/l-1024x681.jpg\" alt=\"\" srcset=\"https:\/\/www.bicimarket.com\/blog\/wp-content\/uploads\/2019\/07\/l-1024x681.jpg 1024w, https:\/\/www.bicimarket.com\/blog\/wp-content\/uploads\/2019\/07\/l-300x200.jpg 300w, https:\/\/www.bicimarket.com\/blog\/wp-content\/uploads\/2019\/07\/l-768x511.jpg 768w, https:\/\/www.bicimarket.com\/blog\/wp-content\/uploads\/2019\/07\/l-632x420.jpg 632w, https:\/\/www.bicimarket.com\/blog\/wp-content\/uploads\/2019\/07\/l-640x426.jpg 640w, https:\/\/www.bicimarket.com\/blog\/wp-content\/uploads\/2019\/07\/l-681x453.jpg 681w, https:\/\/www.bicimarket.com\/blog\/wp-content\/uploads\/2019\/07\/l.jpg 1200w\" sizes=\"auto, (max-width: 1024px) 100vw, 1024px\" \/><\/figure>\r\n\r\n\r\n\r\n<p class=\"has-text-color has-luminous-vivid-orange-color\"><strong>BH &gt; <a href=\"https:\/\/www.bicimarket.com\/products\/search?s=bh+ultralight+evo\">Ultralight EVO<\/a><\/strong><\/p>\r\n\r\n\r\n\r\n<p>Pertenece al equipo franc\u00e9s &gt; Team Arkea \u2013 Samsic , considerado uno de los equipos m\u00e1s prestigiosos del planeta.<\/p>\r\n\r\n\r\n\r\n<p>Es una bicicleta minimalista nacida para la competici\u00f3n, desarrollada para conseguir los beneficios de la m\u00e1xima ligereza y rigidez.<\/p>\r\n\r\n\r\n\r\n<figure class=\"wp-block-image\"><img loading=\"lazy\" decoding=\"async\" width=\"1024\" height=\"683\" class=\"wp-image-4411\" src=\"https:\/\/bicimarket.com\/blog\/wp-content\/uploads\/2019\/07\/b-1024x683.jpg\" alt=\"\" srcset=\"https:\/\/www.bicimarket.com\/blog\/wp-content\/uploads\/2019\/07\/b-1024x683.jpg 1024w, https:\/\/www.bicimarket.com\/blog\/wp-content\/uploads\/2019\/07\/b-300x200.jpg 300w, https:\/\/www.bicimarket.com\/blog\/wp-content\/uploads\/2019\/07\/b-768x512.jpg 768w, https:\/\/www.bicimarket.com\/blog\/wp-content\/uploads\/2019\/07\/b-630x420.jpg 630w, https:\/\/www.bicimarket.com\/blog\/wp-content\/uploads\/2019\/07\/b-640x427.jpg 640w, https:\/\/www.bicimarket.com\/blog\/wp-content\/uploads\/2019\/07\/b-681x454.jpg 681w, https:\/\/www.bicimarket.com\/blog\/wp-content\/uploads\/2019\/07\/b.jpg 1200w\" sizes=\"auto, (max-width: 1024px) 100vw, 1024px\" \/><\/figure>\r\n\r\n\r\n\r\n<p class=\"has-text-color has-luminous-vivid-orange-color\"><strong>BH &gt;<\/strong><a href=\"https:\/\/www.bicimarket.com\/Bicicletas-Carretera-BH-G7-Pro-Dura-ACE-DI2-OFERTA-p37368.html\"><strong> G7 PRO<\/strong><\/a><\/p>\r\n\r\n\r\n\r\n<p>Cuenta con las mejores caracter\u00edsticas de las bicicletas aerodin\u00e1micas con la ligereza y agilidad de las escaladoras.<\/p>\r\n\r\n\r\n\r\n<p>\u00a0Est\u00e1 desarrollada para aquellos que buscan las altas velocidades.<\/p>\r\n\r\n\r\n\r\n<figure class=\"wp-block-image\"><img loading=\"lazy\" decoding=\"async\" width=\"480\" height=\"692\" class=\"wp-image-4412\" src=\"https:\/\/bicimarket.com\/blog\/wp-content\/uploads\/2019\/07\/s.jpg\" alt=\"\" srcset=\"https:\/\/www.bicimarket.com\/blog\/wp-content\/uploads\/2019\/07\/s.jpg 480w, https:\/\/www.bicimarket.com\/blog\/wp-content\/uploads\/2019\/07\/s-208x300.jpg 208w, https:\/\/www.bicimarket.com\/blog\/wp-content\/uploads\/2019\/07\/s-291x420.jpg 291w\" sizes=\"auto, (max-width: 480px) 100vw, 480px\" \/><\/figure>\r\n\r\n\r\n\r\n<p>Casi todas coinciden en la incorporaci\u00f3n progresiva de <a href=\"https:\/\/www.bicimarket.com\/products\/search?s=frenos+de+disco+para+carretera+\">frenos de discos<\/a> que te permiten frenar con seguridad en cualquier condici\u00f3n meteorol\u00f3gica y el sistema de mandos el\u00e9ctricos <a href=\"https:\/\/www.bicimarket.com\/products\/search?s=di2\">DI2<\/a> que nos pone al alcance de la mano la mayor eficiencia en desplazamiento posible.<\/p>\r\n\r\n\r\n\r\n<p>Las bicicletas del futuro han llegado, atr\u00e9vete y vive la experiencia de los profesionales!<\/p>\r\n\r\n\r\n\r\n<p>Visita nuestra web y ent\u00e9rate de lo que tenemos para ti.<\/p>\r\n\r\n\r\n\r\n<p class=\"has-text-color has-luminous-vivid-orange-color\"><a href=\"https:\/\/www.bicimarket.com\/\">Never Ride Alone!<\/a><\/p>\r\n","protected":false},"excerpt":{"rendered":"<p>No existe una carrera a la que los espectadores amen con mayor devoci\u00f3n. Todos los a\u00f1os esperamos con ansias el Tour de Francia, donde salen a la batalla los mejores exponentes del ciclismo mundial El Tour se ha convertido en el escaparate de las principales marcas del ciclismo mundial y la batalla se traslada a [&hellip;]<\/p>\n","protected":false},"author":1,"featured_media":6468,"comment_status":"open","ping_status":"open","sticky":false,"template":"","format":"standard","meta":{"_lmt_disableupdate":"","_lmt_disable":"","footnotes":""},"categories":[563,562],"tags":[],"class_list":["post-4402","post","type-post","status-publish","format-standard","has-post-thumbnail","hentry","category-competicion","category-novedades"],"yoast_head":"<!-- This site is optimized with the Yoast SEO plugin v27.4 - https:\/\/yoast.com\/product\/yoast-seo-wordpress\/ -->\n<title>Bicicletas que est\u00e1n dando de qu\u00e9 hablar este Tour de Francia. - El Blog de Bicimarket<\/title>\n<meta name=\"robots\" content=\"index, follow, max-snippet:-1, max-image-preview:large, max-video-preview:-1\" \/>\n<link rel=\"canonical\" href=\"https:\/\/www.bicimarket.com\/blog\/bicicletas-que-estan-dando-de-que-hablar-este-tour-de-francia\/\" \/>\n<meta property=\"og:locale\" content=\"es_ES\" \/>\n<meta property=\"og:type\" content=\"article\" \/>\n<meta property=\"og:title\" content=\"Bicicletas que est\u00e1n dando de qu\u00e9 hablar este Tour de Francia. - El Blog de Bicimarket\" \/>\n<meta property=\"og:description\" content=\"No existe una carrera a la que los espectadores amen con mayor devoci\u00f3n. Todos los a\u00f1os esperamos con ansias el Tour de Francia, donde salen a la batalla los mejores exponentes del ciclismo mundial El Tour se ha convertido en el escaparate de las principales marcas del ciclismo mundial y la batalla se traslada a [&hellip;]\" \/>\n<meta property=\"og:url\" content=\"https:\/\/www.bicimarket.com\/blog\/bicicletas-que-estan-dando-de-que-hablar-este-tour-de-francia\/\" \/>\n<meta property=\"og:site_name\" content=\"El Blog de Bicimarket\" \/>\n<meta property=\"article:publisher\" content=\"https:\/\/www.facebook.com\/Bicimarketcom\/\" \/>\n<meta property=\"article:published_time\" content=\"2019-07-25T11:11:59+00:00\" \/>\n<meta property=\"article:modified_time\" content=\"2023-12-19T08:50:44+00:00\" \/>\n<meta property=\"og:image\" content=\"https:\/\/www.bicimarket.com\/blog\/wp-content\/uploads\/2019\/07\/Captura-de-pantalla-2023-12-19-095006.png\" \/>\n\t<meta property=\"og:image:width\" content=\"829\" \/>\n\t<meta property=\"og:image:height\" content=\"550\" \/>\n\t<meta property=\"og:image:type\" content=\"image\/png\" \/>\n<meta name=\"author\" content=\"Bicimarket\" \/>\n<meta name=\"twitter:label1\" content=\"Escrito por\" \/>\n\t<meta name=\"twitter:data1\" content=\"Bicimarket\" \/>\n\t<meta name=\"twitter:label2\" content=\"Tiempo de lectura\" \/>\n\t<meta name=\"twitter:data2\" content=\"3 minutos\" \/>\n<script type=\"application\/ld+json\" class=\"yoast-schema-graph\">{\"@context\":\"https:\\\/\\\/schema.org\",\"@graph\":[{\"@type\":\"Article\",\"@id\":\"https:\\\/\\\/www.bicimarket.com\\\/blog\\\/bicicletas-que-estan-dando-de-que-hablar-este-tour-de-francia\\\/#article\",\"isPartOf\":{\"@id\":\"https:\\\/\\\/www.bicimarket.com\\\/blog\\\/bicicletas-que-estan-dando-de-que-hablar-este-tour-de-francia\\\/\"},\"author\":{\"name\":\"Bicimarket\",\"@id\":\"https:\\\/\\\/www.bicimarket.com\\\/blog\\\/#\\\/schema\\\/person\\\/66369cbf23f3079a722e74b04774561f\"},\"headline\":\"Bicicletas que est\u00e1n dando de qu\u00e9 hablar este Tour de Francia.\",\"datePublished\":\"2019-07-25T11:11:59+00:00\",\"dateModified\":\"2023-12-19T08:50:44+00:00\",\"mainEntityOfPage\":{\"@id\":\"https:\\\/\\\/www.bicimarket.com\\\/blog\\\/bicicletas-que-estan-dando-de-que-hablar-este-tour-de-francia\\\/\"},\"wordCount\":532,\"commentCount\":0,\"image\":{\"@id\":\"https:\\\/\\\/www.bicimarket.com\\\/blog\\\/bicicletas-que-estan-dando-de-que-hablar-este-tour-de-francia\\\/#primaryimage\"},\"thumbnailUrl\":\"https:\\\/\\\/www.bicimarket.com\\\/blog\\\/wp-content\\\/uploads\\\/2019\\\/07\\\/Captura-de-pantalla-2023-12-19-095006.png\",\"articleSection\":[\"COMPETICI\u00d3N Y EVENTOS\",\"NOVEDADES\"],\"inLanguage\":\"es\",\"potentialAction\":[{\"@type\":\"CommentAction\",\"name\":\"Comment\",\"target\":[\"https:\\\/\\\/www.bicimarket.com\\\/blog\\\/bicicletas-que-estan-dando-de-que-hablar-este-tour-de-francia\\\/#respond\"]}]},{\"@type\":\"WebPage\",\"@id\":\"https:\\\/\\\/www.bicimarket.com\\\/blog\\\/bicicletas-que-estan-dando-de-que-hablar-este-tour-de-francia\\\/\",\"url\":\"https:\\\/\\\/www.bicimarket.com\\\/blog\\\/bicicletas-que-estan-dando-de-que-hablar-este-tour-de-francia\\\/\",\"name\":\"Bicicletas que est\u00e1n dando de qu\u00e9 hablar este Tour de Francia. - El Blog de Bicimarket\",\"isPartOf\":{\"@id\":\"https:\\\/\\\/www.bicimarket.com\\\/blog\\\/#website\"},\"primaryImageOfPage\":{\"@id\":\"https:\\\/\\\/www.bicimarket.com\\\/blog\\\/bicicletas-que-estan-dando-de-que-hablar-este-tour-de-francia\\\/#primaryimage\"},\"image\":{\"@id\":\"https:\\\/\\\/www.bicimarket.com\\\/blog\\\/bicicletas-que-estan-dando-de-que-hablar-este-tour-de-francia\\\/#primaryimage\"},\"thumbnailUrl\":\"https:\\\/\\\/www.bicimarket.com\\\/blog\\\/wp-content\\\/uploads\\\/2019\\\/07\\\/Captura-de-pantalla-2023-12-19-095006.png\",\"datePublished\":\"2019-07-25T11:11:59+00:00\",\"dateModified\":\"2023-12-19T08:50:44+00:00\",\"author\":{\"@id\":\"https:\\\/\\\/www.bicimarket.com\\\/blog\\\/#\\\/schema\\\/person\\\/66369cbf23f3079a722e74b04774561f\"},\"breadcrumb\":{\"@id\":\"https:\\\/\\\/www.bicimarket.com\\\/blog\\\/bicicletas-que-estan-dando-de-que-hablar-este-tour-de-francia\\\/#breadcrumb\"},\"inLanguage\":\"es\",\"potentialAction\":[{\"@type\":\"ReadAction\",\"target\":[\"https:\\\/\\\/www.bicimarket.com\\\/blog\\\/bicicletas-que-estan-dando-de-que-hablar-este-tour-de-francia\\\/\"]}]},{\"@type\":\"ImageObject\",\"inLanguage\":\"es\",\"@id\":\"https:\\\/\\\/www.bicimarket.com\\\/blog\\\/bicicletas-que-estan-dando-de-que-hablar-este-tour-de-francia\\\/#primaryimage\",\"url\":\"https:\\\/\\\/www.bicimarket.com\\\/blog\\\/wp-content\\\/uploads\\\/2019\\\/07\\\/Captura-de-pantalla-2023-12-19-095006.png\",\"contentUrl\":\"https:\\\/\\\/www.bicimarket.com\\\/blog\\\/wp-content\\\/uploads\\\/2019\\\/07\\\/Captura-de-pantalla-2023-12-19-095006.png\",\"width\":829,\"height\":550},{\"@type\":\"BreadcrumbList\",\"@id\":\"https:\\\/\\\/www.bicimarket.com\\\/blog\\\/bicicletas-que-estan-dando-de-que-hablar-este-tour-de-francia\\\/#breadcrumb\",\"itemListElement\":[{\"@type\":\"ListItem\",\"position\":1,\"name\":\"Portada\",\"item\":\"https:\\\/\\\/www.bicimarket.com\\\/blog\\\/\"},{\"@type\":\"ListItem\",\"position\":2,\"name\":\"Bicicletas que est\u00e1n dando de qu\u00e9 hablar este Tour de Francia.\"}]},{\"@type\":\"WebSite\",\"@id\":\"https:\\\/\\\/www.bicimarket.com\\\/blog\\\/#website\",\"url\":\"https:\\\/\\\/www.bicimarket.com\\\/blog\\\/\",\"name\":\"El Blog de Bicimarket\",\"description\":\"Nos apasiona el ciclismo \u00bfTe apuntas con nosotros?\",\"potentialAction\":[{\"@type\":\"SearchAction\",\"target\":{\"@type\":\"EntryPoint\",\"urlTemplate\":\"https:\\\/\\\/www.bicimarket.com\\\/blog\\\/?s={search_term_string}\"},\"query-input\":{\"@type\":\"PropertyValueSpecification\",\"valueRequired\":true,\"valueName\":\"search_term_string\"}}],\"inLanguage\":\"es\"},{\"@type\":\"Person\",\"@id\":\"https:\\\/\\\/www.bicimarket.com\\\/blog\\\/#\\\/schema\\\/person\\\/66369cbf23f3079a722e74b04774561f\",\"name\":\"Bicimarket\",\"image\":{\"@type\":\"ImageObject\",\"inLanguage\":\"es\",\"@id\":\"https:\\\/\\\/secure.gravatar.com\\\/avatar\\\/e6abd05c671a2d14ec3e9d2d25f2f0266e6e71f6609852e840b5447e5b18bcd5?s=96&d=mm&r=g\",\"url\":\"https:\\\/\\\/secure.gravatar.com\\\/avatar\\\/e6abd05c671a2d14ec3e9d2d25f2f0266e6e71f6609852e840b5447e5b18bcd5?s=96&d=mm&r=g\",\"contentUrl\":\"https:\\\/\\\/secure.gravatar.com\\\/avatar\\\/e6abd05c671a2d14ec3e9d2d25f2f0266e6e71f6609852e840b5447e5b18bcd5?s=96&d=mm&r=g\",\"caption\":\"Bicimarket\"},\"sameAs\":[\"https:\\\/\\\/www.bicimarket.com\\\/blog\\\/\"]}]}<\/script>\n<!-- \/ Yoast SEO plugin. -->","yoast_head_json":{"title":"Bicicletas que est\u00e1n dando de qu\u00e9 hablar este Tour de Francia. - El Blog de Bicimarket","robots":{"index":"index","follow":"follow","max-snippet":"max-snippet:-1","max-image-preview":"max-image-preview:large","max-video-preview":"max-video-preview:-1"},"canonical":"https:\/\/www.bicimarket.com\/blog\/bicicletas-que-estan-dando-de-que-hablar-este-tour-de-francia\/","og_locale":"es_ES","og_type":"article","og_title":"Bicicletas que est\u00e1n dando de qu\u00e9 hablar este Tour de Francia. - El Blog de Bicimarket","og_description":"No existe una carrera a la que los espectadores amen con mayor devoci\u00f3n. Todos los a\u00f1os esperamos con ansias el Tour de Francia, donde salen a la batalla los mejores exponentes del ciclismo mundial El Tour se ha convertido en el escaparate de las principales marcas del ciclismo mundial y la batalla se traslada a [&hellip;]","og_url":"https:\/\/www.bicimarket.com\/blog\/bicicletas-que-estan-dando-de-que-hablar-este-tour-de-francia\/","og_site_name":"El Blog de Bicimarket","article_publisher":"https:\/\/www.facebook.com\/Bicimarketcom\/","article_published_time":"2019-07-25T11:11:59+00:00","article_modified_time":"2023-12-19T08:50:44+00:00","og_image":[{"width":829,"height":550,"url":"https:\/\/www.bicimarket.com\/blog\/wp-content\/uploads\/2019\/07\/Captura-de-pantalla-2023-12-19-095006.png","type":"image\/png"}],"author":"Bicimarket","twitter_misc":{"Escrito por":"Bicimarket","Tiempo de lectura":"3 minutos"},"schema":{"@context":"https:\/\/schema.org","@graph":[{"@type":"Article","@id":"https:\/\/www.bicimarket.com\/blog\/bicicletas-que-estan-dando-de-que-hablar-este-tour-de-francia\/#article","isPartOf":{"@id":"https:\/\/www.bicimarket.com\/blog\/bicicletas-que-estan-dando-de-que-hablar-este-tour-de-francia\/"},"author":{"name":"Bicimarket","@id":"https:\/\/www.bicimarket.com\/blog\/#\/schema\/person\/66369cbf23f3079a722e74b04774561f"},"headline":"Bicicletas que est\u00e1n dando de qu\u00e9 hablar este Tour de Francia.","datePublished":"2019-07-25T11:11:59+00:00","dateModified":"2023-12-19T08:50:44+00:00","mainEntityOfPage":{"@id":"https:\/\/www.bicimarket.com\/blog\/bicicletas-que-estan-dando-de-que-hablar-este-tour-de-francia\/"},"wordCount":532,"commentCount":0,"image":{"@id":"https:\/\/www.bicimarket.com\/blog\/bicicletas-que-estan-dando-de-que-hablar-este-tour-de-francia\/#primaryimage"},"thumbnailUrl":"https:\/\/www.bicimarket.com\/blog\/wp-content\/uploads\/2019\/07\/Captura-de-pantalla-2023-12-19-095006.png","articleSection":["COMPETICI\u00d3N Y EVENTOS","NOVEDADES"],"inLanguage":"es","potentialAction":[{"@type":"CommentAction","name":"Comment","target":["https:\/\/www.bicimarket.com\/blog\/bicicletas-que-estan-dando-de-que-hablar-este-tour-de-francia\/#respond"]}]},{"@type":"WebPage","@id":"https:\/\/www.bicimarket.com\/blog\/bicicletas-que-estan-dando-de-que-hablar-este-tour-de-francia\/","url":"https:\/\/www.bicimarket.com\/blog\/bicicletas-que-estan-dando-de-que-hablar-este-tour-de-francia\/","name":"Bicicletas que est\u00e1n dando de qu\u00e9 hablar este Tour de Francia. - El Blog de Bicimarket","isPartOf":{"@id":"https:\/\/www.bicimarket.com\/blog\/#website"},"primaryImageOfPage":{"@id":"https:\/\/www.bicimarket.com\/blog\/bicicletas-que-estan-dando-de-que-hablar-este-tour-de-francia\/#primaryimage"},"image":{"@id":"https:\/\/www.bicimarket.com\/blog\/bicicletas-que-estan-dando-de-que-hablar-este-tour-de-francia\/#primaryimage"},"thumbnailUrl":"https:\/\/www.bicimarket.com\/blog\/wp-content\/uploads\/2019\/07\/Captura-de-pantalla-2023-12-19-095006.png","datePublished":"2019-07-25T11:11:59+00:00","dateModified":"2023-12-19T08:50:44+00:00","author":{"@id":"https:\/\/www.bicimarket.com\/blog\/#\/schema\/person\/66369cbf23f3079a722e74b04774561f"},"breadcrumb":{"@id":"https:\/\/www.bicimarket.com\/blog\/bicicletas-que-estan-dando-de-que-hablar-este-tour-de-francia\/#breadcrumb"},"inLanguage":"es","potentialAction":[{"@type":"ReadAction","target":["https:\/\/www.bicimarket.com\/blog\/bicicletas-que-estan-dando-de-que-hablar-este-tour-de-francia\/"]}]},{"@type":"ImageObject","inLanguage":"es","@id":"https:\/\/www.bicimarket.com\/blog\/bicicletas-que-estan-dando-de-que-hablar-este-tour-de-francia\/#primaryimage","url":"https:\/\/www.bicimarket.com\/blog\/wp-content\/uploads\/2019\/07\/Captura-de-pantalla-2023-12-19-095006.png","contentUrl":"https:\/\/www.bicimarket.com\/blog\/wp-content\/uploads\/2019\/07\/Captura-de-pantalla-2023-12-19-095006.png","width":829,"height":550},{"@type":"BreadcrumbList","@id":"https:\/\/www.bicimarket.com\/blog\/bicicletas-que-estan-dando-de-que-hablar-este-tour-de-francia\/#breadcrumb","itemListElement":[{"@type":"ListItem","position":1,"name":"Portada","item":"https:\/\/www.bicimarket.com\/blog\/"},{"@type":"ListItem","position":2,"name":"Bicicletas que est\u00e1n dando de qu\u00e9 hablar este Tour de Francia."}]},{"@type":"WebSite","@id":"https:\/\/www.bicimarket.com\/blog\/#website","url":"https:\/\/www.bicimarket.com\/blog\/","name":"El Blog de Bicimarket","description":"Nos apasiona el ciclismo \u00bfTe apuntas con nosotros?","potentialAction":[{"@type":"SearchAction","target":{"@type":"EntryPoint","urlTemplate":"https:\/\/www.bicimarket.com\/blog\/?s={search_term_string}"},"query-input":{"@type":"PropertyValueSpecification","valueRequired":true,"valueName":"search_term_string"}}],"inLanguage":"es"},{"@type":"Person","@id":"https:\/\/www.bicimarket.com\/blog\/#\/schema\/person\/66369cbf23f3079a722e74b04774561f","name":"Bicimarket","image":{"@type":"ImageObject","inLanguage":"es","@id":"https:\/\/secure.gravatar.com\/avatar\/e6abd05c671a2d14ec3e9d2d25f2f0266e6e71f6609852e840b5447e5b18bcd5?s=96&d=mm&r=g","url":"https:\/\/secure.gravatar.com\/avatar\/e6abd05c671a2d14ec3e9d2d25f2f0266e6e71f6609852e840b5447e5b18bcd5?s=96&d=mm&r=g","contentUrl":"https:\/\/secure.gravatar.com\/avatar\/e6abd05c671a2d14ec3e9d2d25f2f0266e6e71f6609852e840b5447e5b18bcd5?s=96&d=mm&r=g","caption":"Bicimarket"},"sameAs":["https:\/\/www.bicimarket.com\/blog\/"]}]}},"modified_by":"Bicimarket","_links":{"self":[{"href":"https:\/\/www.bicimarket.com\/blog\/wp-json\/wp\/v2\/posts\/4402","targetHints":{"allow":["GET"]}}],"collection":[{"href":"https:\/\/www.bicimarket.com\/blog\/wp-json\/wp\/v2\/posts"}],"about":[{"href":"https:\/\/www.bicimarket.com\/blog\/wp-json\/wp\/v2\/types\/post"}],"author":[{"embeddable":true,"href":"https:\/\/www.bicimarket.com\/blog\/wp-json\/wp\/v2\/users\/1"}],"replies":[{"embeddable":true,"href":"https:\/\/www.bicimarket.com\/blog\/wp-json\/wp\/v2\/comments?post=4402"}],"version-history":[{"count":5,"href":"https:\/\/www.bicimarket.com\/blog\/wp-json\/wp\/v2\/posts\/4402\/revisions"}],"predecessor-version":[{"id":5861,"href":"https:\/\/www.bicimarket.com\/blog\/wp-json\/wp\/v2\/posts\/4402\/revisions\/5861"}],"wp:featuredmedia":[{"embeddable":true,"href":"https:\/\/www.bicimarket.com\/blog\/wp-json\/wp\/v2\/media\/6468"}],"wp:attachment":[{"href":"https:\/\/www.bicimarket.com\/blog\/wp-json\/wp\/v2\/media?parent=4402"}],"wp:term":[{"taxonomy":"category","embeddable":true,"href":"https:\/\/www.bicimarket.com\/blog\/wp-json\/wp\/v2\/categories?post=4402"},{"taxonomy":"post_tag","embeddable":true,"href":"https:\/\/www.bicimarket.com\/blog\/wp-json\/wp\/v2\/tags?post=4402"}],"curies":[{"name":"wp","href":"https:\/\/api.w.org\/{rel}","templated":true}]}}