{"id":4391,"date":"2019-07-17T12:41:55","date_gmt":"2019-07-17T11:41:55","guid":{"rendered":"https:\/\/bicimarket.com\/blog\/?p=4391"},"modified":"2019-07-17T12:41:58","modified_gmt":"2019-07-17T11:41:58","slug":"la-importancia-de-la-hidratacion-en-verano","status":"publish","type":"post","link":"https:\/\/www.bicimarket.com\/blog\/la-importancia-de-la-hidratacion-en-verano\/","title":{"rendered":"La importancia de la hidrataci\u00f3n en verano"},"content":{"rendered":"\n<p> <em>El deporte en verano conlleva p\u00e9rdidas importantes de l\u00edquidos y sales minerales  <\/em><\/p>\n\n\n\n<p>Llega el verano y con\n\u00e9l las subidas de temperatura. Estos cambios t\u00e9rmicos afectan de manera directa\nal proceso termorregulador de nuestro cuerpo en su constante esfuerzo por\nadaptarse al entorno a la hora de realizar tareas f\u00edsicas. En el caso de los\ndeportistas, condiciones especiales como sesiones de entrenamiento intenso, la\nfatiga y la exposici\u00f3n prolongada al sol suponen un reto a\u00fan mayor para nuestro\norganismo.&nbsp;<\/p>\n\n\n\n<p>La p\u00e9rdida de estos elementos debe ser repuesta lo antes posible para evitar los trastornos electrol\u00edticos que afectan el funcionamiento de nuestro organismo y, por consiguiente, a nuestro rendimiento f\u00edsico. <\/p>\n\n\n\n<p><em>\u00bfA cu\u00e1ntos nos ha tomado por sorpresa los efectos de una mala hidrataci\u00f3n con las subidas de calor?<\/em><\/p>\n\n\n\n<p>Para contrarrestar estos efectos los expertos sugieren una ingesta de agua planificada evitando en todo momento la aparici\u00f3n de la sensaci\u00f3n de sed. Con esto se evita alcanzar un primer estado de deshidrataci\u00f3n inicial y que la recuperaci\u00f3n sea un poco m\u00e1s lenta.\u00a0<\/p>\n\n\n\n<p>Pensando en ello tenemos una selecci\u00f3n de suplementos nutricionales de <a href=\"https:\/\/www.bicimarket.com\/Nutricion-y-entreno-Hidratacion-c20519.html\">recarga electrol\u00edtica<\/a> que te acompa\u00f1ar\u00e1n durante todo el verano. <\/p>\n\n\n\n<div class=\"wp-block-image\"><figure class=\"aligncenter is-resized\"><img loading=\"lazy\" decoding=\"async\" src=\"https:\/\/bicimarket.com\/blog\/wp-content\/uploads\/2019\/07\/3783auto_2012_Isoactive_12kg_Red_Fruit_Punch.jpg\" alt=\"\" class=\"wp-image-4394\" width=\"121\" height=\"121\" srcset=\"https:\/\/www.bicimarket.com\/blog\/wp-content\/uploads\/2019\/07\/3783auto_2012_Isoactive_12kg_Red_Fruit_Punch.jpg 600w, https:\/\/www.bicimarket.com\/blog\/wp-content\/uploads\/2019\/07\/3783auto_2012_Isoactive_12kg_Red_Fruit_Punch-150x150.jpg 150w, https:\/\/www.bicimarket.com\/blog\/wp-content\/uploads\/2019\/07\/3783auto_2012_Isoactive_12kg_Red_Fruit_Punch-300x300.jpg 300w, https:\/\/www.bicimarket.com\/blog\/wp-content\/uploads\/2019\/07\/3783auto_2012_Isoactive_12kg_Red_Fruit_Punch-420x420.jpg 420w\" sizes=\"auto, (max-width: 121px) 100vw, 121px\" \/><figcaption> <br><strong><a href=\"https:\/\/www.bicimarket.com\/Liquidacion-Nutricion-y-Entreno-PowerBar-Isoactive-OFERTA-p10859.html\">PowerBar\u00a0Isoactive <\/a><\/strong><\/figcaption><\/figure><\/div>\n\n\n\n<div class=\"wp-block-image\"><figure class=\"aligncenter\"><img loading=\"lazy\" decoding=\"async\" width=\"140\" height=\"140\" src=\"https:\/\/bicimarket.com\/blog\/wp-content\/uploads\/2019\/07\/7474POWERBAR_5ELECTROLYTES_GROSELLA_NEGRA-1.jpg\" alt=\"\" class=\"wp-image-4396\"\/><figcaption> <br><a href=\"https:\/\/www.bicimarket.com\/Nutricion-y-entreno-Hidratacion-PowerBar-5-Electrolytes-p43319.html\"><strong>PowerBar  Electrolytes <\/strong><\/a><\/figcaption><\/figure><\/div>\n\n\n\n<p>Las mejores opciones para transportar nuestra hidrataci\u00f3n podr\u00e1s encontrarla en nuestra <a href=\"https:\/\/www.bicimarket.com\/Accesorios-Mochilas-Hidratacion-c20459.html\">web, <\/a>vis\u00edtanos y ent\u00e9rate!<\/p>\n\n\n\n<p class=\"has-text-color has-luminous-vivid-orange-color\"><strong><a href=\"https:\/\/www.bicimarket.com\/\">Never Ride Alone!<\/a><\/strong><\/p>\n","protected":false},"excerpt":{"rendered":"<p>El deporte en verano conlleva p\u00e9rdidas importantes de l\u00edquidos y sales minerales Llega el verano y con \u00e9l las subidas de temperatura. Estos cambios t\u00e9rmicos afectan de manera directa al proceso termorregulador de nuestro cuerpo en su constante esfuerzo por adaptarse al entorno a la hora de realizar tareas f\u00edsicas. En el caso de los [&hellip;]<\/p>\n","protected":false},"author":1,"featured_media":4067,"comment_status":"open","ping_status":"open","sticky":false,"template":"","format":"standard","meta":{"_lmt_disableupdate":"","_lmt_disable":"","footnotes":""},"categories":[562],"tags":[572,612,608],"class_list":["post-4391","post","type-post","status-publish","format-standard","has-post-thumbnail","hentry","category-novedades","tag-hidratacion","tag-mochila-hidratacion","tag-nutricion"],"yoast_head":"<!-- This site is optimized with the Yoast SEO plugin v27.4 - https:\/\/yoast.com\/product\/yoast-seo-wordpress\/ -->\n<title>La importancia de la hidrataci\u00f3n en verano - El Blog de Bicimarket<\/title>\n<meta name=\"robots\" content=\"index, follow, max-snippet:-1, max-image-preview:large, max-video-preview:-1\" \/>\n<link rel=\"canonical\" href=\"https:\/\/www.bicimarket.com\/blog\/la-importancia-de-la-hidratacion-en-verano\/\" \/>\n<meta property=\"og:locale\" content=\"es_ES\" \/>\n<meta property=\"og:type\" content=\"article\" \/>\n<meta property=\"og:title\" content=\"La importancia de la hidrataci\u00f3n en verano - El Blog de Bicimarket\" \/>\n<meta property=\"og:description\" content=\"El deporte en verano conlleva p\u00e9rdidas importantes de l\u00edquidos y sales minerales Llega el verano y con \u00e9l las subidas de temperatura. Estos cambios t\u00e9rmicos afectan de manera directa al proceso termorregulador de nuestro cuerpo en su constante esfuerzo por adaptarse al entorno a la hora de realizar tareas f\u00edsicas. En el caso de los [&hellip;]\" \/>\n<meta property=\"og:url\" content=\"https:\/\/www.bicimarket.com\/blog\/la-importancia-de-la-hidratacion-en-verano\/\" \/>\n<meta property=\"og:site_name\" content=\"El Blog de Bicimarket\" \/>\n<meta property=\"article:publisher\" content=\"https:\/\/www.facebook.com\/Bicimarketcom\/\" \/>\n<meta property=\"article:published_time\" content=\"2019-07-17T11:41:55+00:00\" \/>\n<meta property=\"article:modified_time\" content=\"2019-07-17T11:41:58+00:00\" \/>\n<meta property=\"og:image\" content=\"https:\/\/www.bicimarket.com\/blog\/wp-content\/uploads\/2019\/03\/mantecon-kross-earth.jpg\" \/>\n\t<meta property=\"og:image:width\" content=\"2000\" \/>\n\t<meta property=\"og:image:height\" content=\"1320\" \/>\n\t<meta property=\"og:image:type\" content=\"image\/jpeg\" \/>\n<meta name=\"author\" content=\"Bicimarket\" \/>\n<meta name=\"twitter:label1\" content=\"Escrito por\" \/>\n\t<meta name=\"twitter:data1\" content=\"Bicimarket\" \/>\n\t<meta name=\"twitter:label2\" content=\"Tiempo de lectura\" \/>\n\t<meta name=\"twitter:data2\" content=\"1 minuto\" \/>\n<script type=\"application\/ld+json\" class=\"yoast-schema-graph\">{\"@context\":\"https:\\\/\\\/schema.org\",\"@graph\":[{\"@type\":\"Article\",\"@id\":\"https:\\\/\\\/www.bicimarket.com\\\/blog\\\/la-importancia-de-la-hidratacion-en-verano\\\/#article\",\"isPartOf\":{\"@id\":\"https:\\\/\\\/www.bicimarket.com\\\/blog\\\/la-importancia-de-la-hidratacion-en-verano\\\/\"},\"author\":{\"name\":\"Bicimarket\",\"@id\":\"https:\\\/\\\/www.bicimarket.com\\\/blog\\\/#\\\/schema\\\/person\\\/66369cbf23f3079a722e74b04774561f\"},\"headline\":\"La importancia de la hidrataci\u00f3n en verano\",\"datePublished\":\"2019-07-17T11:41:55+00:00\",\"dateModified\":\"2019-07-17T11:41:58+00:00\",\"mainEntityOfPage\":{\"@id\":\"https:\\\/\\\/www.bicimarket.com\\\/blog\\\/la-importancia-de-la-hidratacion-en-verano\\\/\"},\"wordCount\":244,\"commentCount\":0,\"image\":{\"@id\":\"https:\\\/\\\/www.bicimarket.com\\\/blog\\\/la-importancia-de-la-hidratacion-en-verano\\\/#primaryimage\"},\"thumbnailUrl\":\"https:\\\/\\\/www.bicimarket.com\\\/blog\\\/wp-content\\\/uploads\\\/2019\\\/03\\\/mantecon-kross-earth.jpg\",\"keywords\":[\"hidrataci\u00f3n\",\"mochila hidrataci\u00f3n\",\"nutrici\u00f3n\"],\"articleSection\":[\"NOVEDADES\"],\"inLanguage\":\"es\",\"potentialAction\":[{\"@type\":\"CommentAction\",\"name\":\"Comment\",\"target\":[\"https:\\\/\\\/www.bicimarket.com\\\/blog\\\/la-importancia-de-la-hidratacion-en-verano\\\/#respond\"]}]},{\"@type\":\"WebPage\",\"@id\":\"https:\\\/\\\/www.bicimarket.com\\\/blog\\\/la-importancia-de-la-hidratacion-en-verano\\\/\",\"url\":\"https:\\\/\\\/www.bicimarket.com\\\/blog\\\/la-importancia-de-la-hidratacion-en-verano\\\/\",\"name\":\"La importancia de la hidrataci\u00f3n en verano - El Blog de Bicimarket\",\"isPartOf\":{\"@id\":\"https:\\\/\\\/www.bicimarket.com\\\/blog\\\/#website\"},\"primaryImageOfPage\":{\"@id\":\"https:\\\/\\\/www.bicimarket.com\\\/blog\\\/la-importancia-de-la-hidratacion-en-verano\\\/#primaryimage\"},\"image\":{\"@id\":\"https:\\\/\\\/www.bicimarket.com\\\/blog\\\/la-importancia-de-la-hidratacion-en-verano\\\/#primaryimage\"},\"thumbnailUrl\":\"https:\\\/\\\/www.bicimarket.com\\\/blog\\\/wp-content\\\/uploads\\\/2019\\\/03\\\/mantecon-kross-earth.jpg\",\"datePublished\":\"2019-07-17T11:41:55+00:00\",\"dateModified\":\"2019-07-17T11:41:58+00:00\",\"author\":{\"@id\":\"https:\\\/\\\/www.bicimarket.com\\\/blog\\\/#\\\/schema\\\/person\\\/66369cbf23f3079a722e74b04774561f\"},\"breadcrumb\":{\"@id\":\"https:\\\/\\\/www.bicimarket.com\\\/blog\\\/la-importancia-de-la-hidratacion-en-verano\\\/#breadcrumb\"},\"inLanguage\":\"es\",\"potentialAction\":[{\"@type\":\"ReadAction\",\"target\":[\"https:\\\/\\\/www.bicimarket.com\\\/blog\\\/la-importancia-de-la-hidratacion-en-verano\\\/\"]}]},{\"@type\":\"ImageObject\",\"inLanguage\":\"es\",\"@id\":\"https:\\\/\\\/www.bicimarket.com\\\/blog\\\/la-importancia-de-la-hidratacion-en-verano\\\/#primaryimage\",\"url\":\"https:\\\/\\\/www.bicimarket.com\\\/blog\\\/wp-content\\\/uploads\\\/2019\\\/03\\\/mantecon-kross-earth.jpg\",\"contentUrl\":\"https:\\\/\\\/www.bicimarket.com\\\/blog\\\/wp-content\\\/uploads\\\/2019\\\/03\\\/mantecon-kross-earth.jpg\",\"width\":2000,\"height\":1320},{\"@type\":\"BreadcrumbList\",\"@id\":\"https:\\\/\\\/www.bicimarket.com\\\/blog\\\/la-importancia-de-la-hidratacion-en-verano\\\/#breadcrumb\",\"itemListElement\":[{\"@type\":\"ListItem\",\"position\":1,\"name\":\"Portada\",\"item\":\"https:\\\/\\\/www.bicimarket.com\\\/blog\\\/\"},{\"@type\":\"ListItem\",\"position\":2,\"name\":\"La importancia de la hidrataci\u00f3n en verano\"}]},{\"@type\":\"WebSite\",\"@id\":\"https:\\\/\\\/www.bicimarket.com\\\/blog\\\/#website\",\"url\":\"https:\\\/\\\/www.bicimarket.com\\\/blog\\\/\",\"name\":\"El Blog de Bicimarket\",\"description\":\"Nos apasiona el ciclismo \u00bfTe apuntas con nosotros?\",\"potentialAction\":[{\"@type\":\"SearchAction\",\"target\":{\"@type\":\"EntryPoint\",\"urlTemplate\":\"https:\\\/\\\/www.bicimarket.com\\\/blog\\\/?s={search_term_string}\"},\"query-input\":{\"@type\":\"PropertyValueSpecification\",\"valueRequired\":true,\"valueName\":\"search_term_string\"}}],\"inLanguage\":\"es\"},{\"@type\":\"Person\",\"@id\":\"https:\\\/\\\/www.bicimarket.com\\\/blog\\\/#\\\/schema\\\/person\\\/66369cbf23f3079a722e74b04774561f\",\"name\":\"Bicimarket\",\"image\":{\"@type\":\"ImageObject\",\"inLanguage\":\"es\",\"@id\":\"https:\\\/\\\/secure.gravatar.com\\\/avatar\\\/e6abd05c671a2d14ec3e9d2d25f2f0266e6e71f6609852e840b5447e5b18bcd5?s=96&d=mm&r=g\",\"url\":\"https:\\\/\\\/secure.gravatar.com\\\/avatar\\\/e6abd05c671a2d14ec3e9d2d25f2f0266e6e71f6609852e840b5447e5b18bcd5?s=96&d=mm&r=g\",\"contentUrl\":\"https:\\\/\\\/secure.gravatar.com\\\/avatar\\\/e6abd05c671a2d14ec3e9d2d25f2f0266e6e71f6609852e840b5447e5b18bcd5?s=96&d=mm&r=g\",\"caption\":\"Bicimarket\"},\"sameAs\":[\"https:\\\/\\\/www.bicimarket.com\\\/blog\\\/\"]}]}<\/script>\n<!-- \/ Yoast SEO plugin. -->","yoast_head_json":{"title":"La importancia de la hidrataci\u00f3n en verano - El Blog de Bicimarket","robots":{"index":"index","follow":"follow","max-snippet":"max-snippet:-1","max-image-preview":"max-image-preview:large","max-video-preview":"max-video-preview:-1"},"canonical":"https:\/\/www.bicimarket.com\/blog\/la-importancia-de-la-hidratacion-en-verano\/","og_locale":"es_ES","og_type":"article","og_title":"La importancia de la hidrataci\u00f3n en verano - El Blog de Bicimarket","og_description":"El deporte en verano conlleva p\u00e9rdidas importantes de l\u00edquidos y sales minerales Llega el verano y con \u00e9l las subidas de temperatura. Estos cambios t\u00e9rmicos afectan de manera directa al proceso termorregulador de nuestro cuerpo en su constante esfuerzo por adaptarse al entorno a la hora de realizar tareas f\u00edsicas. En el caso de los [&hellip;]","og_url":"https:\/\/www.bicimarket.com\/blog\/la-importancia-de-la-hidratacion-en-verano\/","og_site_name":"El Blog de Bicimarket","article_publisher":"https:\/\/www.facebook.com\/Bicimarketcom\/","article_published_time":"2019-07-17T11:41:55+00:00","article_modified_time":"2019-07-17T11:41:58+00:00","og_image":[{"width":2000,"height":1320,"url":"https:\/\/www.bicimarket.com\/blog\/wp-content\/uploads\/2019\/03\/mantecon-kross-earth.jpg","type":"image\/jpeg"}],"author":"Bicimarket","twitter_misc":{"Escrito por":"Bicimarket","Tiempo de lectura":"1 minuto"},"schema":{"@context":"https:\/\/schema.org","@graph":[{"@type":"Article","@id":"https:\/\/www.bicimarket.com\/blog\/la-importancia-de-la-hidratacion-en-verano\/#article","isPartOf":{"@id":"https:\/\/www.bicimarket.com\/blog\/la-importancia-de-la-hidratacion-en-verano\/"},"author":{"name":"Bicimarket","@id":"https:\/\/www.bicimarket.com\/blog\/#\/schema\/person\/66369cbf23f3079a722e74b04774561f"},"headline":"La importancia de la hidrataci\u00f3n en verano","datePublished":"2019-07-17T11:41:55+00:00","dateModified":"2019-07-17T11:41:58+00:00","mainEntityOfPage":{"@id":"https:\/\/www.bicimarket.com\/blog\/la-importancia-de-la-hidratacion-en-verano\/"},"wordCount":244,"commentCount":0,"image":{"@id":"https:\/\/www.bicimarket.com\/blog\/la-importancia-de-la-hidratacion-en-verano\/#primaryimage"},"thumbnailUrl":"https:\/\/www.bicimarket.com\/blog\/wp-content\/uploads\/2019\/03\/mantecon-kross-earth.jpg","keywords":["hidrataci\u00f3n","mochila hidrataci\u00f3n","nutrici\u00f3n"],"articleSection":["NOVEDADES"],"inLanguage":"es","potentialAction":[{"@type":"CommentAction","name":"Comment","target":["https:\/\/www.bicimarket.com\/blog\/la-importancia-de-la-hidratacion-en-verano\/#respond"]}]},{"@type":"WebPage","@id":"https:\/\/www.bicimarket.com\/blog\/la-importancia-de-la-hidratacion-en-verano\/","url":"https:\/\/www.bicimarket.com\/blog\/la-importancia-de-la-hidratacion-en-verano\/","name":"La importancia de la hidrataci\u00f3n en verano - El Blog de Bicimarket","isPartOf":{"@id":"https:\/\/www.bicimarket.com\/blog\/#website"},"primaryImageOfPage":{"@id":"https:\/\/www.bicimarket.com\/blog\/la-importancia-de-la-hidratacion-en-verano\/#primaryimage"},"image":{"@id":"https:\/\/www.bicimarket.com\/blog\/la-importancia-de-la-hidratacion-en-verano\/#primaryimage"},"thumbnailUrl":"https:\/\/www.bicimarket.com\/blog\/wp-content\/uploads\/2019\/03\/mantecon-kross-earth.jpg","datePublished":"2019-07-17T11:41:55+00:00","dateModified":"2019-07-17T11:41:58+00:00","author":{"@id":"https:\/\/www.bicimarket.com\/blog\/#\/schema\/person\/66369cbf23f3079a722e74b04774561f"},"breadcrumb":{"@id":"https:\/\/www.bicimarket.com\/blog\/la-importancia-de-la-hidratacion-en-verano\/#breadcrumb"},"inLanguage":"es","potentialAction":[{"@type":"ReadAction","target":["https:\/\/www.bicimarket.com\/blog\/la-importancia-de-la-hidratacion-en-verano\/"]}]},{"@type":"ImageObject","inLanguage":"es","@id":"https:\/\/www.bicimarket.com\/blog\/la-importancia-de-la-hidratacion-en-verano\/#primaryimage","url":"https:\/\/www.bicimarket.com\/blog\/wp-content\/uploads\/2019\/03\/mantecon-kross-earth.jpg","contentUrl":"https:\/\/www.bicimarket.com\/blog\/wp-content\/uploads\/2019\/03\/mantecon-kross-earth.jpg","width":2000,"height":1320},{"@type":"BreadcrumbList","@id":"https:\/\/www.bicimarket.com\/blog\/la-importancia-de-la-hidratacion-en-verano\/#breadcrumb","itemListElement":[{"@type":"ListItem","position":1,"name":"Portada","item":"https:\/\/www.bicimarket.com\/blog\/"},{"@type":"ListItem","position":2,"name":"La importancia de la hidrataci\u00f3n en verano"}]},{"@type":"WebSite","@id":"https:\/\/www.bicimarket.com\/blog\/#website","url":"https:\/\/www.bicimarket.com\/blog\/","name":"El Blog de Bicimarket","description":"Nos apasiona el ciclismo \u00bfTe apuntas con nosotros?","potentialAction":[{"@type":"SearchAction","target":{"@type":"EntryPoint","urlTemplate":"https:\/\/www.bicimarket.com\/blog\/?s={search_term_string}"},"query-input":{"@type":"PropertyValueSpecification","valueRequired":true,"valueName":"search_term_string"}}],"inLanguage":"es"},{"@type":"Person","@id":"https:\/\/www.bicimarket.com\/blog\/#\/schema\/person\/66369cbf23f3079a722e74b04774561f","name":"Bicimarket","image":{"@type":"ImageObject","inLanguage":"es","@id":"https:\/\/secure.gravatar.com\/avatar\/e6abd05c671a2d14ec3e9d2d25f2f0266e6e71f6609852e840b5447e5b18bcd5?s=96&d=mm&r=g","url":"https:\/\/secure.gravatar.com\/avatar\/e6abd05c671a2d14ec3e9d2d25f2f0266e6e71f6609852e840b5447e5b18bcd5?s=96&d=mm&r=g","contentUrl":"https:\/\/secure.gravatar.com\/avatar\/e6abd05c671a2d14ec3e9d2d25f2f0266e6e71f6609852e840b5447e5b18bcd5?s=96&d=mm&r=g","caption":"Bicimarket"},"sameAs":["https:\/\/www.bicimarket.com\/blog\/"]}]}},"modified_by":"Bicimarket","_links":{"self":[{"href":"https:\/\/www.bicimarket.com\/blog\/wp-json\/wp\/v2\/posts\/4391","targetHints":{"allow":["GET"]}}],"collection":[{"href":"https:\/\/www.bicimarket.com\/blog\/wp-json\/wp\/v2\/posts"}],"about":[{"href":"https:\/\/www.bicimarket.com\/blog\/wp-json\/wp\/v2\/types\/post"}],"author":[{"embeddable":true,"href":"https:\/\/www.bicimarket.com\/blog\/wp-json\/wp\/v2\/users\/1"}],"replies":[{"embeddable":true,"href":"https:\/\/www.bicimarket.com\/blog\/wp-json\/wp\/v2\/comments?post=4391"}],"version-history":[{"count":6,"href":"https:\/\/www.bicimarket.com\/blog\/wp-json\/wp\/v2\/posts\/4391\/revisions"}],"predecessor-version":[{"id":4400,"href":"https:\/\/www.bicimarket.com\/blog\/wp-json\/wp\/v2\/posts\/4391\/revisions\/4400"}],"wp:featuredmedia":[{"embeddable":true,"href":"https:\/\/www.bicimarket.com\/blog\/wp-json\/wp\/v2\/media\/4067"}],"wp:attachment":[{"href":"https:\/\/www.bicimarket.com\/blog\/wp-json\/wp\/v2\/media?parent=4391"}],"wp:term":[{"taxonomy":"category","embeddable":true,"href":"https:\/\/www.bicimarket.com\/blog\/wp-json\/wp\/v2\/categories?post=4391"},{"taxonomy":"post_tag","embeddable":true,"href":"https:\/\/www.bicimarket.com\/blog\/wp-json\/wp\/v2\/tags?post=4391"}],"curies":[{"name":"wp","href":"https:\/\/api.w.org\/{rel}","templated":true}]}}