{"id":4371,"date":"2019-07-01T10:57:07","date_gmt":"2019-07-01T09:57:07","guid":{"rendered":"https:\/\/bicimarket.com\/blog\/?p=4371"},"modified":"2019-07-01T10:57:09","modified_gmt":"2019-07-01T09:57:09","slug":"los-portabicicletas-mas-versatiles-del-mercado","status":"publish","type":"post","link":"https:\/\/www.bicimarket.com\/blog\/los-portabicicletas-mas-versatiles-del-mercado\/","title":{"rendered":"Los Portabicicletas m\u00e1s vers\u00e1tiles del Mercado."},"content":{"rendered":"\n<p class=\"has-medium-font-size\"><em><strong>Los portabicicletas de ventosas son sin duda una soluci\u00f3n pr\u00e1ctica y fiable que te ayudan a transportar tu compa\u00f1era inseparable de aventuras.<\/strong><\/em><\/p>\n\n\n\n<p>Cuando hablamos de comprar un portabicicletas siempre debemos atender al inicio criterios de compatibilidad que al final definen el modelo a adquirir y la marca de respaldo, al final del proceso, la tendencia nos obliga a adaptarnos siempre a las especificaciones t\u00e9cnicas del producto.<\/p>\n\n\n\n<p>A continuaci\u00f3n te presentamos 2 marcas que hemos incorporado recientemente en nuestro cat\u00e1logo: <strong><a rel=\"noreferrer noopener\" aria-label=\"SeaSucker (abre en una nueva pesta\u00f1a)\" href=\"https:\/\/www.bicimarket.com\/SeaSucker-m868.html?order=discount&amp;dir=ASC\" target=\"_blank\">SeaSucker<\/a><\/strong>, quien fue la marca pionera en esta propuesta innovadora y  pensando en mejorar nuestra experiencia ha desarrollado un sistema de portabicicletas con ventosas que nos permiten una f\u00e1cil y r\u00e1pida instalaci\u00f3n, por sus compactos modelos c\u00f3modo traslado y almacenamiento, ligereza en el producto, compatibilidad universal de horquillas, capacidad de resistencia de peso ajustado a cada modelo. Todo esto adaptado a los est\u00e1ndares de seguridad para bicicletas de la UE. En el trayecto se han realizado incorporaciones al mercado ofreciendo una l\u00ednea de producci\u00f3n con los mismos beneficios t\u00e9cnicos y con precios <em>altamente<\/em> competitivos como es el caso de <strong><a rel=\"noreferrer noopener\" aria-label=\"Treefog (abre en una nueva pesta\u00f1a)\" href=\"https:\/\/www.bicimarket.com\/TreeFrog-m869.html?order=discount&amp;dir=ASC\" target=\"_blank\">TreeFrog<\/a><\/strong>.<\/p>\n\n\n\n<iframe loading=\"lazy\" width=\"560\" height=\"315\" src=\"https:\/\/www.youtube.com\/embed\/tT10CmrkWt8\" frameborder=\"0\" allow=\"accelerometer; autoplay; encrypted-media; gyroscope; picture-in-picture\" allowfullscreen><\/iframe>\n\n\n\n<iframe loading=\"lazy\" width=\"560\" height=\"315\" src=\"https:\/\/www.youtube.com\/embed\/OzUgk8Nts1w\" frameborder=\"0\" allow=\"accelerometer; autoplay; encrypted-media; gyroscope; picture-in-picture\" allowfullscreen><\/iframe>\n\n\n\n<hr class=\"wp-block-separator\"\/>\n\n\n\n<p style=\"text-align:center\" class=\"has-text-color has-large-font-size has-luminous-vivid-orange-color\"><strong>Descubre nuestra liquidaci\u00f3n en SeaSucker <\/strong><\/p>\n\n\n\n<p><\/p>\n\n\n\n<figure class=\"wp-block-image\"><img loading=\"lazy\" decoding=\"async\" width=\"600\" height=\"600\" src=\"https:\/\/bicimarket.com\/blog\/wp-content\/uploads\/2019\/07\/Portabicicletas-SeaSucker-Talon-15mm.png\" alt=\"\" class=\"wp-image-4376\" srcset=\"https:\/\/www.bicimarket.com\/blog\/wp-content\/uploads\/2019\/07\/Portabicicletas-SeaSucker-Talon-15mm.png 600w, https:\/\/www.bicimarket.com\/blog\/wp-content\/uploads\/2019\/07\/Portabicicletas-SeaSucker-Talon-15mm-150x150.png 150w, https:\/\/www.bicimarket.com\/blog\/wp-content\/uploads\/2019\/07\/Portabicicletas-SeaSucker-Talon-15mm-300x300.png 300w, https:\/\/www.bicimarket.com\/blog\/wp-content\/uploads\/2019\/07\/Portabicicletas-SeaSucker-Talon-15mm-420x420.png 420w\" sizes=\"auto, (max-width: 600px) 100vw, 600px\" \/><figcaption> <br><strong><a rel=\"noreferrer noopener\" href=\"https:\/\/www.bicimarket.com\/Accesorios-Portabicicletas-c20457.html?tag=193\" target=\"_blank\">SeaSucker Talon<\/a><\/strong> &#8211; ANTES: 422\u20ac AHORA: -25% dto.:  316,50\u20ac <\/figcaption><\/figure>\n\n\n\n<hr class=\"wp-block-separator\"\/>\n\n\n\n<figure class=\"wp-block-image\"><img loading=\"lazy\" decoding=\"async\" width=\"600\" height=\"600\" src=\"https:\/\/bicimarket.com\/blog\/wp-content\/uploads\/2019\/07\/Portabicicletas-SeaSucker-Bomber.jpg\" alt=\"\" class=\"wp-image-4379\" srcset=\"https:\/\/www.bicimarket.com\/blog\/wp-content\/uploads\/2019\/07\/Portabicicletas-SeaSucker-Bomber.jpg 600w, https:\/\/www.bicimarket.com\/blog\/wp-content\/uploads\/2019\/07\/Portabicicletas-SeaSucker-Bomber-150x150.jpg 150w, https:\/\/www.bicimarket.com\/blog\/wp-content\/uploads\/2019\/07\/Portabicicletas-SeaSucker-Bomber-300x300.jpg 300w, https:\/\/www.bicimarket.com\/blog\/wp-content\/uploads\/2019\/07\/Portabicicletas-SeaSucker-Bomber-420x420.jpg 420w\" sizes=\"auto, (max-width: 600px) 100vw, 600px\" \/><figcaption> <br><a href=\"https:\/\/www.bicimarket.com\/Accesorios-Portabicicletas-c20457.html?tag=193\"><strong>SeaSucker Talon<\/strong><\/a> &#8211; ANTES: 820\u20ac AHORA: -25% dto.:  615\u20ac  <\/figcaption><\/figure>\n\n\n\n<hr class=\"wp-block-separator\"\/>\n\n\n\n<p style=\"text-align:center\" class=\"has-text-color has-large-font-size has-luminous-vivid-orange-color\"><strong>Descubre la gama TreeFrog<\/strong><\/p>\n\n\n\n<figure class=\"wp-block-image is-resized\"><img loading=\"lazy\" decoding=\"async\" src=\"https:\/\/bicimarket.com\/blog\/wp-content\/uploads\/2019\/07\/Portabicicletas-TreeFrog-Pro-1.jpg\" alt=\"\" class=\"wp-image-4381\" width=\"580\" height=\"580\" srcset=\"https:\/\/www.bicimarket.com\/blog\/wp-content\/uploads\/2019\/07\/Portabicicletas-TreeFrog-Pro-1.jpg 600w, https:\/\/www.bicimarket.com\/blog\/wp-content\/uploads\/2019\/07\/Portabicicletas-TreeFrog-Pro-1-150x150.jpg 150w, https:\/\/www.bicimarket.com\/blog\/wp-content\/uploads\/2019\/07\/Portabicicletas-TreeFrog-Pro-1-300x300.jpg 300w, https:\/\/www.bicimarket.com\/blog\/wp-content\/uploads\/2019\/07\/Portabicicletas-TreeFrog-Pro-1-420x420.jpg 420w\" sizes=\"auto, (max-width: 580px) 100vw, 580px\" \/><figcaption> <br><a href=\"https:\/\/www.bicimarket.com\/Accesorios-Portabicicletas-TreeFrog-s869-20457.html?order=discount&amp;dir=ASC\"><strong>TreeFrog Pro 1<\/strong><\/a><strong> <\/strong>&#8211; 270\u20ac   <\/figcaption><\/figure>\n\n\n\n<hr class=\"wp-block-separator\"\/>\n\n\n\n<figure class=\"wp-block-image\"><img loading=\"lazy\" decoding=\"async\" width=\"600\" height=\"600\" src=\"https:\/\/bicimarket.com\/blog\/wp-content\/uploads\/2019\/07\/TreeFrog-Elite-2.jpg\" alt=\"\" class=\"wp-image-4382\" srcset=\"https:\/\/www.bicimarket.com\/blog\/wp-content\/uploads\/2019\/07\/TreeFrog-Elite-2.jpg 600w, https:\/\/www.bicimarket.com\/blog\/wp-content\/uploads\/2019\/07\/TreeFrog-Elite-2-150x150.jpg 150w, https:\/\/www.bicimarket.com\/blog\/wp-content\/uploads\/2019\/07\/TreeFrog-Elite-2-300x300.jpg 300w, https:\/\/www.bicimarket.com\/blog\/wp-content\/uploads\/2019\/07\/TreeFrog-Elite-2-420x420.jpg 420w\" sizes=\"auto, (max-width: 600px) 100vw, 600px\" \/><figcaption> <br><strong><a href=\"https:\/\/www.bicimarket.com\/Accesorios-Portabicicletas-TreeFrog-Elite-2-p43890.html\">TreeFrog Elite 2<\/a><\/strong>: 310\u20ac   <\/figcaption><\/figure>\n","protected":false},"excerpt":{"rendered":"<p>Los portabicicletas de ventosas son sin duda una soluci\u00f3n pr\u00e1ctica y fiable que te ayudan a transportar tu compa\u00f1era inseparable de aventuras. Cuando hablamos de comprar un portabicicletas siempre debemos atender al inicio criterios de compatibilidad que al final definen el modelo a adquirir y la marca de respaldo, al final del proceso, la tendencia [&hellip;]<\/p>\n","protected":false},"author":1,"featured_media":4375,"comment_status":"open","ping_status":"open","sticky":false,"template":"","format":"standard","meta":{"_lmt_disableupdate":"","_lmt_disable":"","footnotes":""},"categories":[562],"tags":[],"class_list":["post-4371","post","type-post","status-publish","format-standard","has-post-thumbnail","hentry","category-novedades"],"yoast_head":"<!-- This site is optimized with the Yoast SEO plugin v27.4 - https:\/\/yoast.com\/product\/yoast-seo-wordpress\/ -->\n<title>Los Portabicicletas m\u00e1s vers\u00e1tiles del Mercado. - El Blog de Bicimarket<\/title>\n<meta name=\"robots\" content=\"index, follow, max-snippet:-1, max-image-preview:large, max-video-preview:-1\" \/>\n<link rel=\"canonical\" href=\"https:\/\/www.bicimarket.com\/blog\/los-portabicicletas-mas-versatiles-del-mercado\/\" \/>\n<meta property=\"og:locale\" content=\"es_ES\" \/>\n<meta property=\"og:type\" content=\"article\" \/>\n<meta property=\"og:title\" content=\"Los Portabicicletas m\u00e1s vers\u00e1tiles del Mercado. - El Blog de Bicimarket\" \/>\n<meta property=\"og:description\" content=\"Los portabicicletas de ventosas son sin duda una soluci\u00f3n pr\u00e1ctica y fiable que te ayudan a transportar tu compa\u00f1era inseparable de aventuras. Cuando hablamos de comprar un portabicicletas siempre debemos atender al inicio criterios de compatibilidad que al final definen el modelo a adquirir y la marca de respaldo, al final del proceso, la tendencia [&hellip;]\" \/>\n<meta property=\"og:url\" content=\"https:\/\/www.bicimarket.com\/blog\/los-portabicicletas-mas-versatiles-del-mercado\/\" \/>\n<meta property=\"og:site_name\" content=\"El Blog de Bicimarket\" \/>\n<meta property=\"article:publisher\" content=\"https:\/\/www.facebook.com\/Bicimarketcom\/\" \/>\n<meta property=\"article:published_time\" content=\"2019-07-01T09:57:07+00:00\" \/>\n<meta property=\"article:modified_time\" content=\"2019-07-01T09:57:09+00:00\" \/>\n<meta property=\"og:image\" content=\"https:\/\/www.bicimarket.com\/blog\/wp-content\/uploads\/2019\/07\/seasucker-bicimarket-portabicicletas-ventosa-treefrog.jpg\" \/>\n\t<meta property=\"og:image:width\" content=\"590\" \/>\n\t<meta property=\"og:image:height\" content=\"394\" \/>\n\t<meta property=\"og:image:type\" content=\"image\/jpeg\" \/>\n<meta name=\"author\" content=\"Bicimarket\" \/>\n<meta name=\"twitter:label1\" content=\"Escrito por\" \/>\n\t<meta name=\"twitter:data1\" content=\"Bicimarket\" \/>\n\t<meta name=\"twitter:label2\" content=\"Tiempo de lectura\" \/>\n\t<meta name=\"twitter:data2\" content=\"1 minuto\" \/>\n<script type=\"application\/ld+json\" class=\"yoast-schema-graph\">{\"@context\":\"https:\\\/\\\/schema.org\",\"@graph\":[{\"@type\":\"Article\",\"@id\":\"https:\\\/\\\/www.bicimarket.com\\\/blog\\\/los-portabicicletas-mas-versatiles-del-mercado\\\/#article\",\"isPartOf\":{\"@id\":\"https:\\\/\\\/www.bicimarket.com\\\/blog\\\/los-portabicicletas-mas-versatiles-del-mercado\\\/\"},\"author\":{\"name\":\"Bicimarket\",\"@id\":\"https:\\\/\\\/www.bicimarket.com\\\/blog\\\/#\\\/schema\\\/person\\\/66369cbf23f3079a722e74b04774561f\"},\"headline\":\"Los Portabicicletas m\u00e1s vers\u00e1tiles del Mercado.\",\"datePublished\":\"2019-07-01T09:57:07+00:00\",\"dateModified\":\"2019-07-01T09:57:09+00:00\",\"mainEntityOfPage\":{\"@id\":\"https:\\\/\\\/www.bicimarket.com\\\/blog\\\/los-portabicicletas-mas-versatiles-del-mercado\\\/\"},\"wordCount\":229,\"commentCount\":0,\"image\":{\"@id\":\"https:\\\/\\\/www.bicimarket.com\\\/blog\\\/los-portabicicletas-mas-versatiles-del-mercado\\\/#primaryimage\"},\"thumbnailUrl\":\"https:\\\/\\\/www.bicimarket.com\\\/blog\\\/wp-content\\\/uploads\\\/2019\\\/07\\\/seasucker-bicimarket-portabicicletas-ventosa-treefrog.jpg\",\"articleSection\":[\"NOVEDADES\"],\"inLanguage\":\"es\",\"potentialAction\":[{\"@type\":\"CommentAction\",\"name\":\"Comment\",\"target\":[\"https:\\\/\\\/www.bicimarket.com\\\/blog\\\/los-portabicicletas-mas-versatiles-del-mercado\\\/#respond\"]}]},{\"@type\":\"WebPage\",\"@id\":\"https:\\\/\\\/www.bicimarket.com\\\/blog\\\/los-portabicicletas-mas-versatiles-del-mercado\\\/\",\"url\":\"https:\\\/\\\/www.bicimarket.com\\\/blog\\\/los-portabicicletas-mas-versatiles-del-mercado\\\/\",\"name\":\"Los Portabicicletas m\u00e1s vers\u00e1tiles del Mercado. - El Blog de Bicimarket\",\"isPartOf\":{\"@id\":\"https:\\\/\\\/www.bicimarket.com\\\/blog\\\/#website\"},\"primaryImageOfPage\":{\"@id\":\"https:\\\/\\\/www.bicimarket.com\\\/blog\\\/los-portabicicletas-mas-versatiles-del-mercado\\\/#primaryimage\"},\"image\":{\"@id\":\"https:\\\/\\\/www.bicimarket.com\\\/blog\\\/los-portabicicletas-mas-versatiles-del-mercado\\\/#primaryimage\"},\"thumbnailUrl\":\"https:\\\/\\\/www.bicimarket.com\\\/blog\\\/wp-content\\\/uploads\\\/2019\\\/07\\\/seasucker-bicimarket-portabicicletas-ventosa-treefrog.jpg\",\"datePublished\":\"2019-07-01T09:57:07+00:00\",\"dateModified\":\"2019-07-01T09:57:09+00:00\",\"author\":{\"@id\":\"https:\\\/\\\/www.bicimarket.com\\\/blog\\\/#\\\/schema\\\/person\\\/66369cbf23f3079a722e74b04774561f\"},\"breadcrumb\":{\"@id\":\"https:\\\/\\\/www.bicimarket.com\\\/blog\\\/los-portabicicletas-mas-versatiles-del-mercado\\\/#breadcrumb\"},\"inLanguage\":\"es\",\"potentialAction\":[{\"@type\":\"ReadAction\",\"target\":[\"https:\\\/\\\/www.bicimarket.com\\\/blog\\\/los-portabicicletas-mas-versatiles-del-mercado\\\/\"]}]},{\"@type\":\"ImageObject\",\"inLanguage\":\"es\",\"@id\":\"https:\\\/\\\/www.bicimarket.com\\\/blog\\\/los-portabicicletas-mas-versatiles-del-mercado\\\/#primaryimage\",\"url\":\"https:\\\/\\\/www.bicimarket.com\\\/blog\\\/wp-content\\\/uploads\\\/2019\\\/07\\\/seasucker-bicimarket-portabicicletas-ventosa-treefrog.jpg\",\"contentUrl\":\"https:\\\/\\\/www.bicimarket.com\\\/blog\\\/wp-content\\\/uploads\\\/2019\\\/07\\\/seasucker-bicimarket-portabicicletas-ventosa-treefrog.jpg\",\"width\":590,\"height\":394},{\"@type\":\"BreadcrumbList\",\"@id\":\"https:\\\/\\\/www.bicimarket.com\\\/blog\\\/los-portabicicletas-mas-versatiles-del-mercado\\\/#breadcrumb\",\"itemListElement\":[{\"@type\":\"ListItem\",\"position\":1,\"name\":\"Portada\",\"item\":\"https:\\\/\\\/www.bicimarket.com\\\/blog\\\/\"},{\"@type\":\"ListItem\",\"position\":2,\"name\":\"Los Portabicicletas m\u00e1s vers\u00e1tiles del Mercado.\"}]},{\"@type\":\"WebSite\",\"@id\":\"https:\\\/\\\/www.bicimarket.com\\\/blog\\\/#website\",\"url\":\"https:\\\/\\\/www.bicimarket.com\\\/blog\\\/\",\"name\":\"El Blog de Bicimarket\",\"description\":\"Nos apasiona el ciclismo \u00bfTe apuntas con nosotros?\",\"potentialAction\":[{\"@type\":\"SearchAction\",\"target\":{\"@type\":\"EntryPoint\",\"urlTemplate\":\"https:\\\/\\\/www.bicimarket.com\\\/blog\\\/?s={search_term_string}\"},\"query-input\":{\"@type\":\"PropertyValueSpecification\",\"valueRequired\":true,\"valueName\":\"search_term_string\"}}],\"inLanguage\":\"es\"},{\"@type\":\"Person\",\"@id\":\"https:\\\/\\\/www.bicimarket.com\\\/blog\\\/#\\\/schema\\\/person\\\/66369cbf23f3079a722e74b04774561f\",\"name\":\"Bicimarket\",\"image\":{\"@type\":\"ImageObject\",\"inLanguage\":\"es\",\"@id\":\"https:\\\/\\\/secure.gravatar.com\\\/avatar\\\/e6abd05c671a2d14ec3e9d2d25f2f0266e6e71f6609852e840b5447e5b18bcd5?s=96&d=mm&r=g\",\"url\":\"https:\\\/\\\/secure.gravatar.com\\\/avatar\\\/e6abd05c671a2d14ec3e9d2d25f2f0266e6e71f6609852e840b5447e5b18bcd5?s=96&d=mm&r=g\",\"contentUrl\":\"https:\\\/\\\/secure.gravatar.com\\\/avatar\\\/e6abd05c671a2d14ec3e9d2d25f2f0266e6e71f6609852e840b5447e5b18bcd5?s=96&d=mm&r=g\",\"caption\":\"Bicimarket\"},\"sameAs\":[\"https:\\\/\\\/www.bicimarket.com\\\/blog\\\/\"]}]}<\/script>\n<!-- \/ Yoast SEO plugin. -->","yoast_head_json":{"title":"Los Portabicicletas m\u00e1s vers\u00e1tiles del Mercado. - El Blog de Bicimarket","robots":{"index":"index","follow":"follow","max-snippet":"max-snippet:-1","max-image-preview":"max-image-preview:large","max-video-preview":"max-video-preview:-1"},"canonical":"https:\/\/www.bicimarket.com\/blog\/los-portabicicletas-mas-versatiles-del-mercado\/","og_locale":"es_ES","og_type":"article","og_title":"Los Portabicicletas m\u00e1s vers\u00e1tiles del Mercado. - El Blog de Bicimarket","og_description":"Los portabicicletas de ventosas son sin duda una soluci\u00f3n pr\u00e1ctica y fiable que te ayudan a transportar tu compa\u00f1era inseparable de aventuras. Cuando hablamos de comprar un portabicicletas siempre debemos atender al inicio criterios de compatibilidad que al final definen el modelo a adquirir y la marca de respaldo, al final del proceso, la tendencia [&hellip;]","og_url":"https:\/\/www.bicimarket.com\/blog\/los-portabicicletas-mas-versatiles-del-mercado\/","og_site_name":"El Blog de Bicimarket","article_publisher":"https:\/\/www.facebook.com\/Bicimarketcom\/","article_published_time":"2019-07-01T09:57:07+00:00","article_modified_time":"2019-07-01T09:57:09+00:00","og_image":[{"width":590,"height":394,"url":"https:\/\/www.bicimarket.com\/blog\/wp-content\/uploads\/2019\/07\/seasucker-bicimarket-portabicicletas-ventosa-treefrog.jpg","type":"image\/jpeg"}],"author":"Bicimarket","twitter_misc":{"Escrito por":"Bicimarket","Tiempo de lectura":"1 minuto"},"schema":{"@context":"https:\/\/schema.org","@graph":[{"@type":"Article","@id":"https:\/\/www.bicimarket.com\/blog\/los-portabicicletas-mas-versatiles-del-mercado\/#article","isPartOf":{"@id":"https:\/\/www.bicimarket.com\/blog\/los-portabicicletas-mas-versatiles-del-mercado\/"},"author":{"name":"Bicimarket","@id":"https:\/\/www.bicimarket.com\/blog\/#\/schema\/person\/66369cbf23f3079a722e74b04774561f"},"headline":"Los Portabicicletas m\u00e1s vers\u00e1tiles del Mercado.","datePublished":"2019-07-01T09:57:07+00:00","dateModified":"2019-07-01T09:57:09+00:00","mainEntityOfPage":{"@id":"https:\/\/www.bicimarket.com\/blog\/los-portabicicletas-mas-versatiles-del-mercado\/"},"wordCount":229,"commentCount":0,"image":{"@id":"https:\/\/www.bicimarket.com\/blog\/los-portabicicletas-mas-versatiles-del-mercado\/#primaryimage"},"thumbnailUrl":"https:\/\/www.bicimarket.com\/blog\/wp-content\/uploads\/2019\/07\/seasucker-bicimarket-portabicicletas-ventosa-treefrog.jpg","articleSection":["NOVEDADES"],"inLanguage":"es","potentialAction":[{"@type":"CommentAction","name":"Comment","target":["https:\/\/www.bicimarket.com\/blog\/los-portabicicletas-mas-versatiles-del-mercado\/#respond"]}]},{"@type":"WebPage","@id":"https:\/\/www.bicimarket.com\/blog\/los-portabicicletas-mas-versatiles-del-mercado\/","url":"https:\/\/www.bicimarket.com\/blog\/los-portabicicletas-mas-versatiles-del-mercado\/","name":"Los Portabicicletas m\u00e1s vers\u00e1tiles del Mercado. - El Blog de Bicimarket","isPartOf":{"@id":"https:\/\/www.bicimarket.com\/blog\/#website"},"primaryImageOfPage":{"@id":"https:\/\/www.bicimarket.com\/blog\/los-portabicicletas-mas-versatiles-del-mercado\/#primaryimage"},"image":{"@id":"https:\/\/www.bicimarket.com\/blog\/los-portabicicletas-mas-versatiles-del-mercado\/#primaryimage"},"thumbnailUrl":"https:\/\/www.bicimarket.com\/blog\/wp-content\/uploads\/2019\/07\/seasucker-bicimarket-portabicicletas-ventosa-treefrog.jpg","datePublished":"2019-07-01T09:57:07+00:00","dateModified":"2019-07-01T09:57:09+00:00","author":{"@id":"https:\/\/www.bicimarket.com\/blog\/#\/schema\/person\/66369cbf23f3079a722e74b04774561f"},"breadcrumb":{"@id":"https:\/\/www.bicimarket.com\/blog\/los-portabicicletas-mas-versatiles-del-mercado\/#breadcrumb"},"inLanguage":"es","potentialAction":[{"@type":"ReadAction","target":["https:\/\/www.bicimarket.com\/blog\/los-portabicicletas-mas-versatiles-del-mercado\/"]}]},{"@type":"ImageObject","inLanguage":"es","@id":"https:\/\/www.bicimarket.com\/blog\/los-portabicicletas-mas-versatiles-del-mercado\/#primaryimage","url":"https:\/\/www.bicimarket.com\/blog\/wp-content\/uploads\/2019\/07\/seasucker-bicimarket-portabicicletas-ventosa-treefrog.jpg","contentUrl":"https:\/\/www.bicimarket.com\/blog\/wp-content\/uploads\/2019\/07\/seasucker-bicimarket-portabicicletas-ventosa-treefrog.jpg","width":590,"height":394},{"@type":"BreadcrumbList","@id":"https:\/\/www.bicimarket.com\/blog\/los-portabicicletas-mas-versatiles-del-mercado\/#breadcrumb","itemListElement":[{"@type":"ListItem","position":1,"name":"Portada","item":"https:\/\/www.bicimarket.com\/blog\/"},{"@type":"ListItem","position":2,"name":"Los Portabicicletas m\u00e1s vers\u00e1tiles del Mercado."}]},{"@type":"WebSite","@id":"https:\/\/www.bicimarket.com\/blog\/#website","url":"https:\/\/www.bicimarket.com\/blog\/","name":"El Blog de Bicimarket","description":"Nos apasiona el ciclismo \u00bfTe apuntas con nosotros?","potentialAction":[{"@type":"SearchAction","target":{"@type":"EntryPoint","urlTemplate":"https:\/\/www.bicimarket.com\/blog\/?s={search_term_string}"},"query-input":{"@type":"PropertyValueSpecification","valueRequired":true,"valueName":"search_term_string"}}],"inLanguage":"es"},{"@type":"Person","@id":"https:\/\/www.bicimarket.com\/blog\/#\/schema\/person\/66369cbf23f3079a722e74b04774561f","name":"Bicimarket","image":{"@type":"ImageObject","inLanguage":"es","@id":"https:\/\/secure.gravatar.com\/avatar\/e6abd05c671a2d14ec3e9d2d25f2f0266e6e71f6609852e840b5447e5b18bcd5?s=96&d=mm&r=g","url":"https:\/\/secure.gravatar.com\/avatar\/e6abd05c671a2d14ec3e9d2d25f2f0266e6e71f6609852e840b5447e5b18bcd5?s=96&d=mm&r=g","contentUrl":"https:\/\/secure.gravatar.com\/avatar\/e6abd05c671a2d14ec3e9d2d25f2f0266e6e71f6609852e840b5447e5b18bcd5?s=96&d=mm&r=g","caption":"Bicimarket"},"sameAs":["https:\/\/www.bicimarket.com\/blog\/"]}]}},"modified_by":"Bicimarket","_links":{"self":[{"href":"https:\/\/www.bicimarket.com\/blog\/wp-json\/wp\/v2\/posts\/4371","targetHints":{"allow":["GET"]}}],"collection":[{"href":"https:\/\/www.bicimarket.com\/blog\/wp-json\/wp\/v2\/posts"}],"about":[{"href":"https:\/\/www.bicimarket.com\/blog\/wp-json\/wp\/v2\/types\/post"}],"author":[{"embeddable":true,"href":"https:\/\/www.bicimarket.com\/blog\/wp-json\/wp\/v2\/users\/1"}],"replies":[{"embeddable":true,"href":"https:\/\/www.bicimarket.com\/blog\/wp-json\/wp\/v2\/comments?post=4371"}],"version-history":[{"count":7,"href":"https:\/\/www.bicimarket.com\/blog\/wp-json\/wp\/v2\/posts\/4371\/revisions"}],"predecessor-version":[{"id":4383,"href":"https:\/\/www.bicimarket.com\/blog\/wp-json\/wp\/v2\/posts\/4371\/revisions\/4383"}],"wp:featuredmedia":[{"embeddable":true,"href":"https:\/\/www.bicimarket.com\/blog\/wp-json\/wp\/v2\/media\/4375"}],"wp:attachment":[{"href":"https:\/\/www.bicimarket.com\/blog\/wp-json\/wp\/v2\/media?parent=4371"}],"wp:term":[{"taxonomy":"category","embeddable":true,"href":"https:\/\/www.bicimarket.com\/blog\/wp-json\/wp\/v2\/categories?post=4371"},{"taxonomy":"post_tag","embeddable":true,"href":"https:\/\/www.bicimarket.com\/blog\/wp-json\/wp\/v2\/tags?post=4371"}],"curies":[{"name":"wp","href":"https:\/\/api.w.org\/{rel}","templated":true}]}}