{"id":3987,"date":"2019-02-08T10:43:53","date_gmt":"2019-02-08T09:43:53","guid":{"rendered":"https:\/\/bicimarket.com\/blog\/?p=3987"},"modified":"2019-02-08T10:43:53","modified_gmt":"2019-02-08T09:43:53","slug":"los-mejores-destinos-para-rodar-en-invierno","status":"publish","type":"post","link":"https:\/\/www.bicimarket.com\/blog\/los-mejores-destinos-para-rodar-en-invierno\/","title":{"rendered":"Los mejores destinos para rodar en invierno"},"content":{"rendered":"<p style=\"text-align: justify;\">Con el fr\u00edo del invierno nos pasamos el d\u00eda imagin\u00e1ndonos ese sitio soleado con un paisaje id\u00edlico donde montar en bici. Al pensar en esto, no es necesario que nuestra cabeza se vaya a la otra punta del planeta porque en Espa\u00f1a y alrededores contamos con numerosos destinos que nos prestan temperaturas c\u00e1lidas durante todo el a\u00f1o as\u00ed como rutas incre\u00edbles para realizar una escapada.<\/p>\n<p style=\"text-align: justify;\">A continuaci\u00f3n os planteamos una serie de destinos ideales para escapar del fr\u00edo a escasas horas de casa.<\/p>\n<p><strong style=\"font-family: 'Open Sans', arial, sans-serif; font-size: 17px;\">Gran Canaria<\/strong><\/p>\n<p style=\"text-align: justify;\">Es una <strong>isla<\/strong> perfecta para los amantes del ciclismo. El entorno natural que ofrece y su agradable temperatura durante todo el a\u00f1o la hacen muy atractiva para ser visitada.<br \/>\nCuenta con numerosas rutas de carretera y monta\u00f1a con unos paisajes incre\u00edbles.<br \/>\nGran Canaria es uno de los mejores lugares del mundo para practicar ciclismo, ya que cuenta con una excelente infraestructura de carreteras, hospitales, hoteles y dem\u00e1s servicios que har\u00e1n que tu estancia cicloturista sea inolvidable.<\/p>\n<p><img loading=\"lazy\" decoding=\"async\" class=\"aligncenter wp-image-3992\" src=\"https:\/\/bicimarket.com\/blog\/wp-content\/uploads\/2019\/02\/GranCanariabike.jpg\" alt=\"\" width=\"413\" height=\"275\" srcset=\"https:\/\/www.bicimarket.com\/blog\/wp-content\/uploads\/2019\/02\/GranCanariabike.jpg 1024w, https:\/\/www.bicimarket.com\/blog\/wp-content\/uploads\/2019\/02\/GranCanariabike-300x200.jpg 300w, https:\/\/www.bicimarket.com\/blog\/wp-content\/uploads\/2019\/02\/GranCanariabike-768x512.jpg 768w, https:\/\/www.bicimarket.com\/blog\/wp-content\/uploads\/2019\/02\/GranCanariabike-630x420.jpg 630w, https:\/\/www.bicimarket.com\/blog\/wp-content\/uploads\/2019\/02\/GranCanariabike-640x427.jpg 640w, https:\/\/www.bicimarket.com\/blog\/wp-content\/uploads\/2019\/02\/GranCanariabike-681x454.jpg 681w\" sizes=\"auto, (max-width: 413px) 100vw, 413px\" \/><\/p>\n<h5><\/h5>\n<h5><strong>TransAndalus<\/strong><\/h5>\n<p style=\"text-align: justify;\">Es una ruta en bicicleta de monta\u00f1a de 2.000 km alrededor de <strong>Andaluc\u00eda<\/strong> que da una vuelta completa a \u00e9sta comunidad a lo largo de sus ocho provincias. El clima \u00f3ptimo de Andaluc\u00eda para la pr\u00e1ctica del cicloturismo invita a recorrer los caminos y v\u00edas, as\u00ed como descubrir parajes, paisajes y lugare\u00f1os, en muchas ocasiones alejados de los circuitos tur\u00edsticos tradicionales.<\/p>\n<p style=\"text-align: justify;\">Esta ruta destaca gracias a los <strong>parajes naturales protegidos<\/strong> que atraviesa: Cabo de Gata, Karst de Yesos en Sorbas, Sierra de Baza, Cazorla, Despe\u00f1aperros, And\u00fajar, Carde\u00f1a y Montoro, Sierra Norte, Aracena y Picos de Aroche, Do\u00f1ana, El Estrecho, Los Alcornocales, Sierras de Tejeda, Almijara y Alhama, Sierra Nevada. El 35% de su trazado pasa por zonas con protecci\u00f3n ambiental.<\/p>\n<p><img loading=\"lazy\" decoding=\"async\" class=\"aligncenter wp-image-3993\" src=\"https:\/\/bicimarket.com\/blog\/wp-content\/uploads\/2019\/02\/Transandalus.jpg\" alt=\"\" width=\"428\" height=\"286\" srcset=\"https:\/\/www.bicimarket.com\/blog\/wp-content\/uploads\/2019\/02\/Transandalus.jpg 799w, https:\/\/www.bicimarket.com\/blog\/wp-content\/uploads\/2019\/02\/Transandalus-300x200.jpg 300w, https:\/\/www.bicimarket.com\/blog\/wp-content\/uploads\/2019\/02\/Transandalus-768x512.jpg 768w, https:\/\/www.bicimarket.com\/blog\/wp-content\/uploads\/2019\/02\/Transandalus-630x420.jpg 630w, https:\/\/www.bicimarket.com\/blog\/wp-content\/uploads\/2019\/02\/Transandalus-537x360.jpg 537w, https:\/\/www.bicimarket.com\/blog\/wp-content\/uploads\/2019\/02\/Transandalus-640x427.jpg 640w, https:\/\/www.bicimarket.com\/blog\/wp-content\/uploads\/2019\/02\/Transandalus-681x454.jpg 681w\" sizes=\"auto, (max-width: 428px) 100vw, 428px\" \/><\/p>\n<h5><\/h5>\n<h5><strong>Algarve<\/strong><\/h5>\n<p style=\"text-align: justify;\">En esta zona del <strong>sur de Portugal <\/strong>destaca debido a que\u00a0la presencia del sol es constante a lo largo de todo el a\u00f1o. Por esta raz\u00f3n cuenta con un clima muy\u00a0agradable que nos permite disfrutar de los variados\u00a0paisajes tanto\u00a0en el <strong>interior<\/strong>\u00a0(la\u00a0sierra de Monchique\u00a0y sus sinuosos caminos por valles y monta\u00f1as) c\u00f3mo en la <strong>costa<\/strong>, que en gran parte es todav\u00eda salvaje y muy escarpada.<\/p>\n<p><img loading=\"lazy\" decoding=\"async\" class=\"aligncenter wp-image-3994\" src=\"https:\/\/bicimarket.com\/blog\/wp-content\/uploads\/2019\/02\/Algarve.jpg\" alt=\"\" width=\"389\" height=\"292\" srcset=\"https:\/\/www.bicimarket.com\/blog\/wp-content\/uploads\/2019\/02\/Algarve.jpg 1024w, https:\/\/www.bicimarket.com\/blog\/wp-content\/uploads\/2019\/02\/Algarve-300x225.jpg 300w, https:\/\/www.bicimarket.com\/blog\/wp-content\/uploads\/2019\/02\/Algarve-768x576.jpg 768w, https:\/\/www.bicimarket.com\/blog\/wp-content\/uploads\/2019\/02\/Algarve-560x420.jpg 560w, https:\/\/www.bicimarket.com\/blog\/wp-content\/uploads\/2019\/02\/Algarve-80x60.jpg 80w, https:\/\/www.bicimarket.com\/blog\/wp-content\/uploads\/2019\/02\/Algarve-100x75.jpg 100w, https:\/\/www.bicimarket.com\/blog\/wp-content\/uploads\/2019\/02\/Algarve-180x135.jpg 180w, https:\/\/www.bicimarket.com\/blog\/wp-content\/uploads\/2019\/02\/Algarve-238x178.jpg 238w, https:\/\/www.bicimarket.com\/blog\/wp-content\/uploads\/2019\/02\/Algarve-640x480.jpg 640w, https:\/\/www.bicimarket.com\/blog\/wp-content\/uploads\/2019\/02\/Algarve-681x511.jpg 681w\" sizes=\"auto, (max-width: 389px) 100vw, 389px\" \/><\/p>\n<h5><\/h5>\n<h5><strong>Baleares<\/strong><\/h5>\n<p style=\"text-align: justify;\">Estas islas son un lugar muy frecuentado durante los meses de verano, pero lo cierto es que su clima y paisaje merece la pena ser disfrutado durante todo el a\u00f1o. Cuentan con una gran cifra de carreteras que te podr\u00edan sorprender enormemente a lo largo de todo su territorio.<\/p>\n<p style=\"text-align: justify;\">Las rutas m\u00e1s conocidas son:<\/p>\n<ol>\n<li style=\"text-align: justify;\">Sa Calobra, Mallorca<\/li>\n<li style=\"text-align: justify;\">Cam\u00ed de Cavalls, Menorca<\/li>\n<li style=\"text-align: justify;\">Faro de la Mola, Formentera<\/li>\n<\/ol>\n<p><img loading=\"lazy\" decoding=\"async\" class=\"aligncenter wp-image-3998\" src=\"https:\/\/bicimarket.com\/blog\/wp-content\/uploads\/2019\/02\/Far-de-la-Mola.jpg\" alt=\"\" width=\"436\" height=\"246\" srcset=\"https:\/\/www.bicimarket.com\/blog\/wp-content\/uploads\/2019\/02\/Far-de-la-Mola.jpg 1024w, https:\/\/www.bicimarket.com\/blog\/wp-content\/uploads\/2019\/02\/Far-de-la-Mola-300x169.jpg 300w, https:\/\/www.bicimarket.com\/blog\/wp-content\/uploads\/2019\/02\/Far-de-la-Mola-768x434.jpg 768w, https:\/\/www.bicimarket.com\/blog\/wp-content\/uploads\/2019\/02\/Far-de-la-Mola-744x420.jpg 744w, https:\/\/www.bicimarket.com\/blog\/wp-content\/uploads\/2019\/02\/Far-de-la-Mola-640x361.jpg 640w, https:\/\/www.bicimarket.com\/blog\/wp-content\/uploads\/2019\/02\/Far-de-la-Mola-681x384.jpg 681w, https:\/\/www.bicimarket.com\/blog\/wp-content\/uploads\/2019\/02\/Far-de-la-Mola-1021x578.jpg 1021w\" sizes=\"auto, (max-width: 436px) 100vw, 436px\" \/><\/p>\n<p>Para acabar os queremos mostrar nuestras recomendaciones en accesorios para viajar en bici:<\/p>\n<h6 style=\"text-align: center;\"><a href=\"https:\/\/www.bicimarket.com\/Accesorios-Alforjas-M-wave-Toronto-Impermeable-p30932.html\" target=\"_blank\" rel=\"noopener\"><span style=\"color: #ff6600;\"><strong>Alforjas M-Wave Toronto<\/strong><\/span><\/a><\/h6>\n<p><img loading=\"lazy\" decoding=\"async\" class=\"aligncenter wp-image-3995\" src=\"https:\/\/bicimarket.com\/blog\/wp-content\/uploads\/2019\/02\/M-wave-alforja.jpg\" alt=\"\" width=\"293\" height=\"293\" srcset=\"https:\/\/www.bicimarket.com\/blog\/wp-content\/uploads\/2019\/02\/M-wave-alforja.jpg 600w, https:\/\/www.bicimarket.com\/blog\/wp-content\/uploads\/2019\/02\/M-wave-alforja-150x150.jpg 150w, https:\/\/www.bicimarket.com\/blog\/wp-content\/uploads\/2019\/02\/M-wave-alforja-300x300.jpg 300w, https:\/\/www.bicimarket.com\/blog\/wp-content\/uploads\/2019\/02\/M-wave-alforja-420x420.jpg 420w\" sizes=\"auto, (max-width: 293px) 100vw, 293px\" \/><\/p>\n<p>&nbsp;<\/p>\n<h6 style=\"text-align: center;\"><a href=\"https:\/\/www.bicimarket.com\/Accesorios-Portabultos-M-wave-Universal-p25822.html\" target=\"_blank\" rel=\"noopener\"><span style=\"color: #ff6600;\"><strong>Portabultos M-Wave Universal<\/strong><\/span><\/a><\/h6>\n<p><img loading=\"lazy\" decoding=\"async\" class=\"aligncenter wp-image-3996\" src=\"https:\/\/bicimarket.com\/blog\/wp-content\/uploads\/2019\/02\/M-wave-portabultos.jpg\" alt=\"\" width=\"358\" height=\"358\" srcset=\"https:\/\/www.bicimarket.com\/blog\/wp-content\/uploads\/2019\/02\/M-wave-portabultos.jpg 500w, https:\/\/www.bicimarket.com\/blog\/wp-content\/uploads\/2019\/02\/M-wave-portabultos-150x150.jpg 150w, https:\/\/www.bicimarket.com\/blog\/wp-content\/uploads\/2019\/02\/M-wave-portabultos-300x300.jpg 300w, https:\/\/www.bicimarket.com\/blog\/wp-content\/uploads\/2019\/02\/M-wave-portabultos-420x420.jpg 420w\" sizes=\"auto, (max-width: 358px) 100vw, 358px\" \/><\/p>\n<h6 style=\"text-align: center;\"><span style=\"color: #ff6600;\"><a style=\"color: #ff6600;\" href=\"https:\/\/www.bicimarket.com\/Accesorios-Bolsas-y-Mochilas-M-wave-BP-Cuadro-p38789.html\" target=\"_blank\" rel=\"noopener\"><strong>Bolsas M-Wave BP Cuadro<\/strong><\/a><\/span><\/h6>\n<p><img loading=\"lazy\" decoding=\"async\" class=\"aligncenter wp-image-3997\" src=\"https:\/\/bicimarket.com\/blog\/wp-content\/uploads\/2019\/02\/Bolsas-M-save-BP-Cuadro.jpg\" alt=\"\" width=\"304\" height=\"304\" srcset=\"https:\/\/www.bicimarket.com\/blog\/wp-content\/uploads\/2019\/02\/Bolsas-M-save-BP-Cuadro.jpg 600w, https:\/\/www.bicimarket.com\/blog\/wp-content\/uploads\/2019\/02\/Bolsas-M-save-BP-Cuadro-150x150.jpg 150w, https:\/\/www.bicimarket.com\/blog\/wp-content\/uploads\/2019\/02\/Bolsas-M-save-BP-Cuadro-300x300.jpg 300w, https:\/\/www.bicimarket.com\/blog\/wp-content\/uploads\/2019\/02\/Bolsas-M-save-BP-Cuadro-420x420.jpg 420w\" sizes=\"auto, (max-width: 304px) 100vw, 304px\" \/><\/p>\n<p>Esperamos que este blog os ayude a elegir vuestro nuevo destino para disfrutar de un paisaje y clima ideal en \u00e9stos meses fr\u00edos.<\/p>\n<p>&nbsp;<\/p>\n<p style=\"text-align: center;\"><span style=\"color: #ff6600;\"><strong>NEVER RIDE ALONE<\/strong><\/span><\/p>\n","protected":false},"excerpt":{"rendered":"<p>Con el fr\u00edo del invierno nos pasamos el d\u00eda imagin\u00e1ndonos ese sitio soleado con un paisaje id\u00edlico donde montar en bici. Al pensar en esto, no es necesario que nuestra cabeza se vaya a la otra punta del planeta porque en Espa\u00f1a y alrededores contamos con numerosos destinos que nos prestan temperaturas c\u00e1lidas durante todo [&hellip;]<\/p>\n","protected":false},"author":1,"featured_media":4000,"comment_status":"open","ping_status":"open","sticky":false,"template":"","format":"standard","meta":{"_lmt_disableupdate":"","_lmt_disable":"","footnotes":""},"categories":[564,562],"tags":[],"class_list":["post-3987","post","type-post","status-publish","format-standard","has-post-thumbnail","hentry","category-consejos","category-novedades"],"yoast_head":"<!-- This site is optimized with the Yoast SEO plugin v27.4 - https:\/\/yoast.com\/product\/yoast-seo-wordpress\/ -->\n<title>Los mejores destinos para rodar en invierno<\/title>\n<meta name=\"description\" content=\"Hoy en el blog de BICIMARKET os planteamos una serie de destinos ideales para escapar del fr\u00edo en el territorio espa\u00f1ol y alrededores.\" \/>\n<meta name=\"robots\" content=\"index, follow, max-snippet:-1, max-image-preview:large, max-video-preview:-1\" \/>\n<link rel=\"canonical\" href=\"https:\/\/www.bicimarket.com\/blog\/los-mejores-destinos-para-rodar-en-invierno\/\" \/>\n<meta property=\"og:locale\" content=\"es_ES\" \/>\n<meta property=\"og:type\" content=\"article\" \/>\n<meta property=\"og:title\" content=\"Los mejores destinos para rodar en invierno\" \/>\n<meta property=\"og:description\" content=\"Hoy en el blog de BICIMARKET os planteamos una serie de destinos ideales para escapar del fr\u00edo en el territorio espa\u00f1ol y alrededores.\" \/>\n<meta property=\"og:url\" content=\"https:\/\/www.bicimarket.com\/blog\/los-mejores-destinos-para-rodar-en-invierno\/\" \/>\n<meta property=\"og:site_name\" content=\"El Blog de Bicimarket\" \/>\n<meta property=\"article:publisher\" content=\"https:\/\/www.facebook.com\/Bicimarketcom\/\" \/>\n<meta property=\"article:published_time\" content=\"2019-02-08T09:43:53+00:00\" \/>\n<meta property=\"og:image\" content=\"https:\/\/www.bicimarket.com\/blog\/wp-content\/uploads\/2019\/02\/KTM_Action_2019_104.jpg\" \/>\n\t<meta property=\"og:image:width\" content=\"800\" \/>\n\t<meta property=\"og:image:height\" content=\"533\" \/>\n\t<meta property=\"og:image:type\" content=\"image\/jpeg\" \/>\n<meta name=\"author\" content=\"Bicimarket\" \/>\n<meta name=\"twitter:label1\" content=\"Escrito por\" \/>\n\t<meta name=\"twitter:data1\" content=\"Bicimarket\" \/>\n\t<meta name=\"twitter:label2\" content=\"Tiempo de lectura\" \/>\n\t<meta name=\"twitter:data2\" content=\"3 minutos\" \/>\n<script type=\"application\/ld+json\" class=\"yoast-schema-graph\">{\"@context\":\"https:\\\/\\\/schema.org\",\"@graph\":[{\"@type\":\"Article\",\"@id\":\"https:\\\/\\\/www.bicimarket.com\\\/blog\\\/los-mejores-destinos-para-rodar-en-invierno\\\/#article\",\"isPartOf\":{\"@id\":\"https:\\\/\\\/www.bicimarket.com\\\/blog\\\/los-mejores-destinos-para-rodar-en-invierno\\\/\"},\"author\":{\"name\":\"Bicimarket\",\"@id\":\"https:\\\/\\\/www.bicimarket.com\\\/blog\\\/#\\\/schema\\\/person\\\/66369cbf23f3079a722e74b04774561f\"},\"headline\":\"Los mejores destinos para rodar en invierno\",\"datePublished\":\"2019-02-08T09:43:53+00:00\",\"mainEntityOfPage\":{\"@id\":\"https:\\\/\\\/www.bicimarket.com\\\/blog\\\/los-mejores-destinos-para-rodar-en-invierno\\\/\"},\"wordCount\":513,\"commentCount\":0,\"image\":{\"@id\":\"https:\\\/\\\/www.bicimarket.com\\\/blog\\\/los-mejores-destinos-para-rodar-en-invierno\\\/#primaryimage\"},\"thumbnailUrl\":\"https:\\\/\\\/www.bicimarket.com\\\/blog\\\/wp-content\\\/uploads\\\/2019\\\/02\\\/KTM_Action_2019_104.jpg\",\"articleSection\":[\"CONSEJOS\",\"NOVEDADES\"],\"inLanguage\":\"es\",\"potentialAction\":[{\"@type\":\"CommentAction\",\"name\":\"Comment\",\"target\":[\"https:\\\/\\\/www.bicimarket.com\\\/blog\\\/los-mejores-destinos-para-rodar-en-invierno\\\/#respond\"]}]},{\"@type\":\"WebPage\",\"@id\":\"https:\\\/\\\/www.bicimarket.com\\\/blog\\\/los-mejores-destinos-para-rodar-en-invierno\\\/\",\"url\":\"https:\\\/\\\/www.bicimarket.com\\\/blog\\\/los-mejores-destinos-para-rodar-en-invierno\\\/\",\"name\":\"Los mejores destinos para rodar en invierno\",\"isPartOf\":{\"@id\":\"https:\\\/\\\/www.bicimarket.com\\\/blog\\\/#website\"},\"primaryImageOfPage\":{\"@id\":\"https:\\\/\\\/www.bicimarket.com\\\/blog\\\/los-mejores-destinos-para-rodar-en-invierno\\\/#primaryimage\"},\"image\":{\"@id\":\"https:\\\/\\\/www.bicimarket.com\\\/blog\\\/los-mejores-destinos-para-rodar-en-invierno\\\/#primaryimage\"},\"thumbnailUrl\":\"https:\\\/\\\/www.bicimarket.com\\\/blog\\\/wp-content\\\/uploads\\\/2019\\\/02\\\/KTM_Action_2019_104.jpg\",\"datePublished\":\"2019-02-08T09:43:53+00:00\",\"author\":{\"@id\":\"https:\\\/\\\/www.bicimarket.com\\\/blog\\\/#\\\/schema\\\/person\\\/66369cbf23f3079a722e74b04774561f\"},\"description\":\"Hoy en el blog de BICIMARKET os planteamos una serie de destinos ideales para escapar del fr\u00edo en el territorio espa\u00f1ol y alrededores.\",\"breadcrumb\":{\"@id\":\"https:\\\/\\\/www.bicimarket.com\\\/blog\\\/los-mejores-destinos-para-rodar-en-invierno\\\/#breadcrumb\"},\"inLanguage\":\"es\",\"potentialAction\":[{\"@type\":\"ReadAction\",\"target\":[\"https:\\\/\\\/www.bicimarket.com\\\/blog\\\/los-mejores-destinos-para-rodar-en-invierno\\\/\"]}]},{\"@type\":\"ImageObject\",\"inLanguage\":\"es\",\"@id\":\"https:\\\/\\\/www.bicimarket.com\\\/blog\\\/los-mejores-destinos-para-rodar-en-invierno\\\/#primaryimage\",\"url\":\"https:\\\/\\\/www.bicimarket.com\\\/blog\\\/wp-content\\\/uploads\\\/2019\\\/02\\\/KTM_Action_2019_104.jpg\",\"contentUrl\":\"https:\\\/\\\/www.bicimarket.com\\\/blog\\\/wp-content\\\/uploads\\\/2019\\\/02\\\/KTM_Action_2019_104.jpg\",\"width\":800,\"height\":533},{\"@type\":\"BreadcrumbList\",\"@id\":\"https:\\\/\\\/www.bicimarket.com\\\/blog\\\/los-mejores-destinos-para-rodar-en-invierno\\\/#breadcrumb\",\"itemListElement\":[{\"@type\":\"ListItem\",\"position\":1,\"name\":\"Portada\",\"item\":\"https:\\\/\\\/www.bicimarket.com\\\/blog\\\/\"},{\"@type\":\"ListItem\",\"position\":2,\"name\":\"Los mejores destinos para rodar en invierno\"}]},{\"@type\":\"WebSite\",\"@id\":\"https:\\\/\\\/www.bicimarket.com\\\/blog\\\/#website\",\"url\":\"https:\\\/\\\/www.bicimarket.com\\\/blog\\\/\",\"name\":\"El Blog de Bicimarket\",\"description\":\"Nos apasiona el ciclismo \u00bfTe apuntas con nosotros?\",\"potentialAction\":[{\"@type\":\"SearchAction\",\"target\":{\"@type\":\"EntryPoint\",\"urlTemplate\":\"https:\\\/\\\/www.bicimarket.com\\\/blog\\\/?s={search_term_string}\"},\"query-input\":{\"@type\":\"PropertyValueSpecification\",\"valueRequired\":true,\"valueName\":\"search_term_string\"}}],\"inLanguage\":\"es\"},{\"@type\":\"Person\",\"@id\":\"https:\\\/\\\/www.bicimarket.com\\\/blog\\\/#\\\/schema\\\/person\\\/66369cbf23f3079a722e74b04774561f\",\"name\":\"Bicimarket\",\"image\":{\"@type\":\"ImageObject\",\"inLanguage\":\"es\",\"@id\":\"https:\\\/\\\/secure.gravatar.com\\\/avatar\\\/e6abd05c671a2d14ec3e9d2d25f2f0266e6e71f6609852e840b5447e5b18bcd5?s=96&d=mm&r=g\",\"url\":\"https:\\\/\\\/secure.gravatar.com\\\/avatar\\\/e6abd05c671a2d14ec3e9d2d25f2f0266e6e71f6609852e840b5447e5b18bcd5?s=96&d=mm&r=g\",\"contentUrl\":\"https:\\\/\\\/secure.gravatar.com\\\/avatar\\\/e6abd05c671a2d14ec3e9d2d25f2f0266e6e71f6609852e840b5447e5b18bcd5?s=96&d=mm&r=g\",\"caption\":\"Bicimarket\"},\"sameAs\":[\"https:\\\/\\\/www.bicimarket.com\\\/blog\\\/\"]}]}<\/script>\n<!-- \/ Yoast SEO plugin. -->","yoast_head_json":{"title":"Los mejores destinos para rodar en invierno","description":"Hoy en el blog de BICIMARKET os planteamos una serie de destinos ideales para escapar del fr\u00edo en el territorio espa\u00f1ol y alrededores.","robots":{"index":"index","follow":"follow","max-snippet":"max-snippet:-1","max-image-preview":"max-image-preview:large","max-video-preview":"max-video-preview:-1"},"canonical":"https:\/\/www.bicimarket.com\/blog\/los-mejores-destinos-para-rodar-en-invierno\/","og_locale":"es_ES","og_type":"article","og_title":"Los mejores destinos para rodar en invierno","og_description":"Hoy en el blog de BICIMARKET os planteamos una serie de destinos ideales para escapar del fr\u00edo en el territorio espa\u00f1ol y alrededores.","og_url":"https:\/\/www.bicimarket.com\/blog\/los-mejores-destinos-para-rodar-en-invierno\/","og_site_name":"El Blog de Bicimarket","article_publisher":"https:\/\/www.facebook.com\/Bicimarketcom\/","article_published_time":"2019-02-08T09:43:53+00:00","og_image":[{"width":800,"height":533,"url":"https:\/\/www.bicimarket.com\/blog\/wp-content\/uploads\/2019\/02\/KTM_Action_2019_104.jpg","type":"image\/jpeg"}],"author":"Bicimarket","twitter_misc":{"Escrito por":"Bicimarket","Tiempo de lectura":"3 minutos"},"schema":{"@context":"https:\/\/schema.org","@graph":[{"@type":"Article","@id":"https:\/\/www.bicimarket.com\/blog\/los-mejores-destinos-para-rodar-en-invierno\/#article","isPartOf":{"@id":"https:\/\/www.bicimarket.com\/blog\/los-mejores-destinos-para-rodar-en-invierno\/"},"author":{"name":"Bicimarket","@id":"https:\/\/www.bicimarket.com\/blog\/#\/schema\/person\/66369cbf23f3079a722e74b04774561f"},"headline":"Los mejores destinos para rodar en invierno","datePublished":"2019-02-08T09:43:53+00:00","mainEntityOfPage":{"@id":"https:\/\/www.bicimarket.com\/blog\/los-mejores-destinos-para-rodar-en-invierno\/"},"wordCount":513,"commentCount":0,"image":{"@id":"https:\/\/www.bicimarket.com\/blog\/los-mejores-destinos-para-rodar-en-invierno\/#primaryimage"},"thumbnailUrl":"https:\/\/www.bicimarket.com\/blog\/wp-content\/uploads\/2019\/02\/KTM_Action_2019_104.jpg","articleSection":["CONSEJOS","NOVEDADES"],"inLanguage":"es","potentialAction":[{"@type":"CommentAction","name":"Comment","target":["https:\/\/www.bicimarket.com\/blog\/los-mejores-destinos-para-rodar-en-invierno\/#respond"]}]},{"@type":"WebPage","@id":"https:\/\/www.bicimarket.com\/blog\/los-mejores-destinos-para-rodar-en-invierno\/","url":"https:\/\/www.bicimarket.com\/blog\/los-mejores-destinos-para-rodar-en-invierno\/","name":"Los mejores destinos para rodar en invierno","isPartOf":{"@id":"https:\/\/www.bicimarket.com\/blog\/#website"},"primaryImageOfPage":{"@id":"https:\/\/www.bicimarket.com\/blog\/los-mejores-destinos-para-rodar-en-invierno\/#primaryimage"},"image":{"@id":"https:\/\/www.bicimarket.com\/blog\/los-mejores-destinos-para-rodar-en-invierno\/#primaryimage"},"thumbnailUrl":"https:\/\/www.bicimarket.com\/blog\/wp-content\/uploads\/2019\/02\/KTM_Action_2019_104.jpg","datePublished":"2019-02-08T09:43:53+00:00","author":{"@id":"https:\/\/www.bicimarket.com\/blog\/#\/schema\/person\/66369cbf23f3079a722e74b04774561f"},"description":"Hoy en el blog de BICIMARKET os planteamos una serie de destinos ideales para escapar del fr\u00edo en el territorio espa\u00f1ol y alrededores.","breadcrumb":{"@id":"https:\/\/www.bicimarket.com\/blog\/los-mejores-destinos-para-rodar-en-invierno\/#breadcrumb"},"inLanguage":"es","potentialAction":[{"@type":"ReadAction","target":["https:\/\/www.bicimarket.com\/blog\/los-mejores-destinos-para-rodar-en-invierno\/"]}]},{"@type":"ImageObject","inLanguage":"es","@id":"https:\/\/www.bicimarket.com\/blog\/los-mejores-destinos-para-rodar-en-invierno\/#primaryimage","url":"https:\/\/www.bicimarket.com\/blog\/wp-content\/uploads\/2019\/02\/KTM_Action_2019_104.jpg","contentUrl":"https:\/\/www.bicimarket.com\/blog\/wp-content\/uploads\/2019\/02\/KTM_Action_2019_104.jpg","width":800,"height":533},{"@type":"BreadcrumbList","@id":"https:\/\/www.bicimarket.com\/blog\/los-mejores-destinos-para-rodar-en-invierno\/#breadcrumb","itemListElement":[{"@type":"ListItem","position":1,"name":"Portada","item":"https:\/\/www.bicimarket.com\/blog\/"},{"@type":"ListItem","position":2,"name":"Los mejores destinos para rodar en invierno"}]},{"@type":"WebSite","@id":"https:\/\/www.bicimarket.com\/blog\/#website","url":"https:\/\/www.bicimarket.com\/blog\/","name":"El Blog de Bicimarket","description":"Nos apasiona el ciclismo \u00bfTe apuntas con nosotros?","potentialAction":[{"@type":"SearchAction","target":{"@type":"EntryPoint","urlTemplate":"https:\/\/www.bicimarket.com\/blog\/?s={search_term_string}"},"query-input":{"@type":"PropertyValueSpecification","valueRequired":true,"valueName":"search_term_string"}}],"inLanguage":"es"},{"@type":"Person","@id":"https:\/\/www.bicimarket.com\/blog\/#\/schema\/person\/66369cbf23f3079a722e74b04774561f","name":"Bicimarket","image":{"@type":"ImageObject","inLanguage":"es","@id":"https:\/\/secure.gravatar.com\/avatar\/e6abd05c671a2d14ec3e9d2d25f2f0266e6e71f6609852e840b5447e5b18bcd5?s=96&d=mm&r=g","url":"https:\/\/secure.gravatar.com\/avatar\/e6abd05c671a2d14ec3e9d2d25f2f0266e6e71f6609852e840b5447e5b18bcd5?s=96&d=mm&r=g","contentUrl":"https:\/\/secure.gravatar.com\/avatar\/e6abd05c671a2d14ec3e9d2d25f2f0266e6e71f6609852e840b5447e5b18bcd5?s=96&d=mm&r=g","caption":"Bicimarket"},"sameAs":["https:\/\/www.bicimarket.com\/blog\/"]}]}},"modified_by":"Bicimarket","_links":{"self":[{"href":"https:\/\/www.bicimarket.com\/blog\/wp-json\/wp\/v2\/posts\/3987","targetHints":{"allow":["GET"]}}],"collection":[{"href":"https:\/\/www.bicimarket.com\/blog\/wp-json\/wp\/v2\/posts"}],"about":[{"href":"https:\/\/www.bicimarket.com\/blog\/wp-json\/wp\/v2\/types\/post"}],"author":[{"embeddable":true,"href":"https:\/\/www.bicimarket.com\/blog\/wp-json\/wp\/v2\/users\/1"}],"replies":[{"embeddable":true,"href":"https:\/\/www.bicimarket.com\/blog\/wp-json\/wp\/v2\/comments?post=3987"}],"version-history":[{"count":5,"href":"https:\/\/www.bicimarket.com\/blog\/wp-json\/wp\/v2\/posts\/3987\/revisions"}],"predecessor-version":[{"id":4001,"href":"https:\/\/www.bicimarket.com\/blog\/wp-json\/wp\/v2\/posts\/3987\/revisions\/4001"}],"wp:featuredmedia":[{"embeddable":true,"href":"https:\/\/www.bicimarket.com\/blog\/wp-json\/wp\/v2\/media\/4000"}],"wp:attachment":[{"href":"https:\/\/www.bicimarket.com\/blog\/wp-json\/wp\/v2\/media?parent=3987"}],"wp:term":[{"taxonomy":"category","embeddable":true,"href":"https:\/\/www.bicimarket.com\/blog\/wp-json\/wp\/v2\/categories?post=3987"},{"taxonomy":"post_tag","embeddable":true,"href":"https:\/\/www.bicimarket.com\/blog\/wp-json\/wp\/v2\/tags?post=3987"}],"curies":[{"name":"wp","href":"https:\/\/api.w.org\/{rel}","templated":true}]}}