{"id":3536,"date":"2022-12-09T08:44:35","date_gmt":"2022-12-09T07:44:35","guid":{"rendered":"http:\/\/bicimarket.com\/blog\/?p=3536"},"modified":"2023-03-08T12:14:53","modified_gmt":"2023-03-08T11:14:53","slug":"bicicletas-infantiles-como-acertar-con-la-talla","status":"publish","type":"post","link":"https:\/\/www.bicimarket.com\/blog\/bicicletas-infantiles-como-acertar-con-la-talla\/","title":{"rendered":"Bicicletas Infantiles. C\u00f3mo acertar con la talla"},"content":{"rendered":"<p>\u00bfQui\u00e9n de vosotros no recuerda sus primeras pedaleadas? Esa sensaci\u00f3n de libertad, de saber que, a partir de ese momento, eres el ni\u00f1o m\u00e1s feliz y con mayor sensaci\u00f3n de independencia del \u00abmundo mundial\u00bb. \u00abEres mayor\u00bb, \u00a1\u00a1Sabes montar en Bicicleta!!<\/p>\n<p>Desde Bicimarket somos muy conscientes que para un ni\u00f1o\/a (y para los padres) ese momento es vital, y queremos ayudaros en la elecci\u00f3n de la bicicleta y la talla correcta de Bicicleta.<\/p>\n<p style=\"text-align: justify;\">Las bicicletas infantiles est\u00e1n fabricadas en diversas dimensiones de rueda, desde la m\u00e1s peque\u00f1a push bike (bicicletas sin pedales), pasando por las 12&#8243;, 16&#8243;, 18&#8243;, 20&#8243; y 24&#8243;. El problema sobreviene cuando debemos encontrar que di\u00e1metro de rueda es el apropiado para tu ni\u00f1o\/a.<\/p>\n<p style=\"text-align: justify;\">Uno de los mejores recuerdos que uno tiene de la infancia es cuando aprende a montar en bicicleta. Proporcionarles una buena experiencia en el aprendizaje, adecuarlo a su talla y sobretodo que se diviertan encima de la bici, son factores que podemos controlar. Una bicicleta de la talla adecuada, hace que el ni\u00f1o se sienta c\u00f3modo y que a su vez tenga confianza y motivaci\u00f3n por aprender.<\/p>\n<p style=\"text-align: justify;\">Las tallas de las bicicletas infantiles vienen determinadas por el di\u00e1metro de la rueda. La rueda directamente viene relacionada con la talla del cuadro. Muchas veces se puede estimar la talla bas\u00e1ndote en la edad, pero la altura del ni\u00f1o\/a es variable por eso siempre es mejor saber la altura del ni\u00f1o\/a para elegir la talla adecuada.<\/p>\n<p>Os mostramos a continuaci\u00f3n una Guia de Tallas para la correcta elecci\u00f3n:<\/p>\n<p style=\"text-align: justify;\"><img loading=\"lazy\" decoding=\"async\" class=\"alignnone size-full wp-image-5045\" src=\"https:\/\/bicimarket.com\/blog\/wp-content\/uploads\/2019\/05\/tallas_infantil.jpg\" alt=\"\" width=\"794\" height=\"370\" srcset=\"https:\/\/www.bicimarket.com\/blog\/wp-content\/uploads\/2019\/05\/tallas_infantil.jpg 794w, https:\/\/www.bicimarket.com\/blog\/wp-content\/uploads\/2019\/05\/tallas_infantil-300x140.jpg 300w, https:\/\/www.bicimarket.com\/blog\/wp-content\/uploads\/2019\/05\/tallas_infantil-768x358.jpg 768w, https:\/\/www.bicimarket.com\/blog\/wp-content\/uploads\/2019\/05\/tallas_infantil-640x298.jpg 640w, https:\/\/www.bicimarket.com\/blog\/wp-content\/uploads\/2019\/05\/tallas_infantil-681x317.jpg 681w\" sizes=\"auto, (max-width: 794px) 100vw, 794px\" \/><\/p>\n<p><a href=\"https:\/\/www.bicimarket.com\/es\/367-infantiles-junior?q=Bici+infantil+Edades\/\/Tallas-Push+Bike+%28de+18+meses+a+3+a%C3%B1os%29\" target=\"_blank\" rel=\"noopener noreferrer\"><strong>PUSH BIKES<\/strong><\/a><\/p>\n<p style=\"text-align: justify;\">Para los que reci\u00e9n desean aprender, la mejor soluci\u00f3n son las push bikes (bicicletas sin pedales). \u00c9stas les dar\u00e1n autonom\u00eda, sentido del equilibrio y sobretodo se lo pasar\u00e1n bien.<\/p>\n<ul>\n<li><a href=\"https:\/\/www.bicimarket.com\/es\/367-infantiles-junior?q=Bici+infantil+Edades\/\/Tallas-Push+Bike+%28de+18+meses+a+3+a%C3%B1os%29\" target=\"_blank\" rel=\"noopener noreferrer\"><strong>Ver todos los modelos de Push Bike<\/strong><\/a><\/li>\n<\/ul>\n<p><a href=\"https:\/\/www.bicimarket.com\/es\/367-infantiles-junior?q=Bici+infantil+Edades\/\/Tallas-Rueda+12%22+%28de+2+a+3+a%C3%B1os%29\" target=\"_blank\" rel=\"noopener noreferrer\"><strong>INFANTILES DE 12&#8243;<\/strong><\/a><\/p>\n<p style=\"text-align: justify;\">Los modelos de 12\u201d y 12,5\u201d pulgadas, son bicicletas infantiles que est\u00e1n dise\u00f1adas para que el ni\u00f1o\/a adquiera confianza y desarrolle el equilibrio para que cuando crezca un poco m\u00e1s ya pueda utilizar unas bicicletas con pedales sin la necesidad de utilizar las rueditas de apoyo. Se caracterizan por ser ligeras, f\u00e1ciles de transportar y guardar en casa. Adem\u00e1s cuentan con un dise\u00f1o muy atractivo para los peques. Los m\u00e1s tradicionales, est\u00e1n las bicicletas con ruedas de apoyo que podr\u00e1s encontrar en marcas como <b><a href=\"https:\/\/www.bicimarket.com\/es\/367-infantiles-junior?q=Marca-BH\/Bici+infantil+Edades\/\/Tallas-Rueda+12%22+%28de+2+a+3+a%C3%B1os%29\"><span style=\"color: #ff9900;\">BH<\/span><\/a>,<\/b> <span style=\"color: #ff9900;\"><a style=\"color: #ff9900;\" href=\"https:\/\/www.bicimarket.com\/es\/367-infantiles-junior?q=Marca-Conor\/Bici+infantil+Edades\/\/Tallas-Rueda+12%22+%28de+2+a+3+a%C3%B1os%29\"><b>Conor <\/b><\/a><\/span><a href=\"https:\/\/www.bicimarket.com\/es\/367-infantiles-junior?q=Marca-Monty+Bikes\/Bici+infantil+Edades\/\/Tallas-Rueda+12%22+%28de+2+a+3+a%C3%B1os%29\"><span style=\"color: #ff9900;\"><span style=\"color: #000000;\">y\u00a0<\/span><\/span><span style=\"color: #ff9900;\"><span style=\"color: #000000;\"><strong><span style=\"color: #ff9900;\">Monty<\/span><\/strong><\/span><\/span><\/a> entre otras.<\/p>\n<p style=\"text-align: justify;\">Si no tienes muy claro la talla a utilizar, se recomienda para ni\u00f1os entre 2 y 4 a\u00f1os bicicletas con ruedas de 12\u201d.<\/p>\n<p><a href=\"https:\/\/www.bicimarket.com\/Bicicletas-Infantiles-Junior-c20434.html\" target=\"_blank\" rel=\"noopener noreferrer\"><img loading=\"lazy\" decoding=\"async\" class=\"alignnone wp-image-5057\" src=\"https:\/\/bicimarket.com\/blog\/wp-content\/uploads\/2020\/05\/ban_1.png\" alt=\"\" width=\"643\" height=\"254\" srcset=\"https:\/\/www.bicimarket.com\/blog\/wp-content\/uploads\/2020\/05\/ban_1.png 567w, https:\/\/www.bicimarket.com\/blog\/wp-content\/uploads\/2020\/05\/ban_1-300x119.png 300w\" sizes=\"auto, (max-width: 643px) 100vw, 643px\" \/><\/a><\/p>\n<ul>\n<li><a href=\"https:\/\/www.bicimarket.com\/es\/367-infantiles-junior?q=Bici+infantil+Edades\/\/Tallas-Rueda+12%22+%28de+2+a+3+a%C3%B1os%29\" target=\"_blank\" rel=\"noopener noreferrer\"><strong>Ver todos los modelos de 12&#8243;<\/strong><\/a><\/li>\n<\/ul>\n<p><a href=\"https:\/\/www.bicimarket.com\/es\/367-infantiles-junior?q=Bici+infantil+Edades\/\/Tallas-Rueda+14%22+%28de+3+a+4+a%C3%B1os%29\" target=\"_blank\" rel=\"noopener noreferrer\"><strong>INFANTILES DE 14&#8243;<\/strong><\/a><\/p>\n<p>Para edades de 3 a 5 a\u00f1os, una bici con tama\u00f1o de rueda de 14\u201d.<\/p>\n<ul>\n<li><a href=\"https:\/\/www.bicimarket.com\/es\/367-infantiles-junior?q=Bici+infantil+Edades\/\/Tallas-Rueda+14%22+%28de+3+a+4+a%C3%B1os%29\" target=\"_blank\" rel=\"noopener noreferrer\"><strong>Ver todos los modelos de 14&#8243;<\/strong><\/a><\/li>\n<\/ul>\n<p><a href=\"https:\/\/www.bicimarket.com\/es\/367-infantiles-junior?q=Bici+infantil+Edades\/\/Tallas-Rueda+16%22+%28de+3+a+5+a%C3%B1os%29\" target=\"_blank\" rel=\"noopener noreferrer\"><strong>INFANTILES DE 16&#8243;<\/strong><\/a><\/p>\n<p><span style=\"font-family: Verdana, Geneva, sans-serif; font-size: 14px; text-align: justify;\">Para ni\u00f1os\/as de 4 a 6 a\u00f1os con una entrepierna de 36 se recomienda un tama\u00f1o de rueda de 16\u201d.<\/span><\/p>\n<ul>\n<li><a href=\"https:\/\/www.bicimarket.com\/es\/367-infantiles-junior?q=Bici+infantil+Edades\/\/Tallas-Rueda+16%22+%28de+3+a+5+a%C3%B1os%29\" target=\"_blank\" rel=\"noopener noreferrer\"><strong>Ver todos los modelos de 16&#8243;<\/strong><\/a><\/li>\n<\/ul>\n<p><a href=\"https:\/\/www.bicimarket.com\/Bicicletas-Infantiles-Junior-c20434.html\" target=\"_blank\" rel=\"noopener noreferrer\"><img loading=\"lazy\" decoding=\"async\" class=\"alignnone wp-image-5058\" src=\"https:\/\/bicimarket.com\/blog\/wp-content\/uploads\/2020\/05\/ban_2-1.png\" alt=\"\" width=\"639\" height=\"250\" srcset=\"https:\/\/www.bicimarket.com\/blog\/wp-content\/uploads\/2020\/05\/ban_2-1.png 567w, https:\/\/www.bicimarket.com\/blog\/wp-content\/uploads\/2020\/05\/ban_2-1-300x117.png 300w\" sizes=\"auto, (max-width: 639px) 100vw, 639px\" \/><\/a><\/p>\n<p><a href=\"https:\/\/www.bicimarket.com\/es\/367-infantiles-junior?q=Bici+infantil+Edades\/\/Tallas-Rueda+18%22+%28de+4+a+6+a%C3%B1os%29\" target=\"_blank\" rel=\"noopener noreferrer\"><strong>INFANTILES DE 18&#8243;<\/strong><\/a><\/p>\n<p style=\"text-align: justify;\">De 5 a 7 a\u00f1os con talla de entrepierna de 41cm se recomienda un tama\u00f1o de rueda de 18\u201d.<\/p>\n<ul>\n<li><a href=\"https:\/\/www.bicimarket.com\/es\/367-infantiles-junior?q=Bici+infantil+Edades\/\/Tallas-Rueda+18%22+%28de+4+a+6+a%C3%B1os%29\" target=\"_blank\" rel=\"noopener noreferrer\"><strong>Ver todos los modelos de 18&#8243;<\/strong><\/a><\/li>\n<\/ul>\n<p><a href=\"https:\/\/www.bicimarket.com\/es\/367-infantiles-junior?q=Bici+infantil+Edades\/\/Tallas-Rueda+20%22+%28de+5+a+7+a%C3%B1os%29\" target=\"_blank\" rel=\"noopener noreferrer\"><strong>INFANTILES DE 20&#8243;<\/strong><\/a><\/p>\n<p style=\"text-align: justify;\">Desde los 6 a los 9 a\u00f1os con una entrepierna de 51 cm se recomienda un tama\u00f1o de rueda de 20\u201d.<\/p>\n<ul>\n<li><a href=\"https:\/\/www.bicimarket.com\/es\/367-infantiles-junior?q=Bici+infantil+Edades\/\/Tallas-Rueda+20%22+%28de+5+a+7+a%C3%B1os%29\" target=\"_blank\" rel=\"noopener noreferrer\"><strong>Ver todos los modelos de 20&#8243;<\/strong><\/a><\/li>\n<\/ul>\n<p><a href=\"https:\/\/www.bicimarket.com\/Bicicletas-Infantiles-Junior-c20434.html\" target=\"_blank\" rel=\"noopener noreferrer\"><img loading=\"lazy\" decoding=\"async\" class=\"alignnone wp-image-5059\" src=\"https:\/\/bicimarket.com\/blog\/wp-content\/uploads\/2020\/05\/ban_3.png\" alt=\"\" width=\"640\" height=\"251\" srcset=\"https:\/\/www.bicimarket.com\/blog\/wp-content\/uploads\/2020\/05\/ban_3.png 569w, https:\/\/www.bicimarket.com\/blog\/wp-content\/uploads\/2020\/05\/ban_3-300x118.png 300w\" sizes=\"auto, (max-width: 640px) 100vw, 640px\" \/><\/a><\/p>\n<p><a href=\"https:\/\/www.bicimarket.com\/es\/367-infantiles-junior?q=Bici+infantil+Edades\/\/Tallas-Rueda+24%22+%28de+8+a+10+a%C3%B1os%29\" target=\"_blank\" rel=\"noopener noreferrer\"><strong>J\u00daNIOR DE 24&#8243;<\/strong><\/a><\/p>\n<p>De los 7 a\u00f1os a los 11 a\u00f1os con una entrepierna de 61 cm pueden utilizar bicicletas de 24\u201d.<\/p>\n<ul>\n<li><a href=\"https:\/\/www.bicimarket.com\/es\/367-infantiles-junior?q=Bici+infantil+Edades\/\/Tallas-Rueda+24%22+%28de+8+a+10+a%C3%B1os%29\" target=\"_blank\" rel=\"noopener noreferrer\"><strong>Ver todos los modelos de 24&#8243;<\/strong><\/a><\/li>\n<\/ul>\n<p><a href=\"https:\/\/www.bicimarket.com\/es\/367-infantiles-junior?q=Bici+infantil+Edades\/\/Tallas-Rueda+26%22+%28+de+9+a+14+a%C3%B1os%29\" target=\"_blank\" rel=\"noopener noreferrer\"><strong>J\u00daNIOR DE 26&#8243; o 27.5&#8243;<\/strong><\/a><\/p>\n<p>Y a partir de los 11 a\u00f1os en adelante con una entrepierna de 66 cm o m\u00e1s pueden utilizar <span style=\"color: #ff9900;\"><b style=\"color: #ff9900;\"><a style=\"color: #ff9900;\" href=\"https:\/\/www.bicimarket.com\/es\/459-mtb-26\">Bicicletas de 26&#8243;<\/a><span style=\"color: #000000;\"> y<\/span> <a href=\"https:\/\/www.bicimarket.com\/es\/460-mtb-275\"><span style=\"color: #ff9900;\">Bicicletas de 27.5&#8243;<\/span><\/a><span style=\"color: #000000;\"> en Tallas XXS, XS o S seg\u00fan su estatura.<\/span><\/b><\/span><\/p>\n<ul>\n<li><a href=\"https:\/\/www.bicimarket.com\/es\/459-mtb-26\" target=\"_blank\" rel=\"noopener noreferrer\"><strong>Ver todos los modelos de 26&#8243;<\/strong><\/a><\/li>\n<li><a href=\"https:\/\/www.bicimarket.com\/es\/460-mtb-275\" target=\"_blank\" rel=\"noopener noreferrer\"><strong>Ver todos los modelos de 27.5&#8243;<\/strong><\/a><\/li>\n<\/ul>\n<p style=\"text-align: justify;\">Por \u00faltimo es importante destacar que aprender a pedalear, implica ca\u00eddas y golpes, por ello es esencial incentivar el uso de <span style=\"text-decoration: underline; color: #ff9900;\"><a style=\"color: #ff9900;\" href=\"https:\/\/www.bicimarket.com\/es\/529-casco\" target=\"_blank\" rel=\"noopener noreferrer\"><b>cascos<\/b><\/a><\/span>. Tambi\u00e9n existe vestimenta especializada para ni\u00f1os, como gafas, ropa y guantes.<\/p>\n<h3 style=\"text-align: center;\"><a href=\"https:\/\/www.bicimarket.com\/es\/367-infantiles-junior\" target=\"_blank\" rel=\"noopener\"><span style=\"color: #ff9900;\"><strong>Encuentra toda la gama de bicicletas infantiles en Bicimarket.com<\/strong><\/span><\/a><\/h3>\n","protected":false},"excerpt":{"rendered":"<p>\u00bfQuieres regalar una bici infantil y dudas sobre que talla comprar? Te ayudamos a elegir la mejor bici para ni\u00f1o<\/p>\n","protected":false},"author":1,"featured_media":5046,"comment_status":"open","ping_status":"open","sticky":false,"template":"","format":"standard","meta":{"_lmt_disableupdate":"","_lmt_disable":"","footnotes":""},"categories":[564,730],"tags":[693,690,669],"class_list":["post-3536","post","type-post","status-publish","format-standard","has-post-thumbnail","hentry","category-consejos","category-guias","tag-infantiles","tag-navidades","tag-regalos"],"yoast_head":"<!-- This site is optimized with the Yoast SEO plugin v27.4 - https:\/\/yoast.com\/product\/yoast-seo-wordpress\/ -->\n<title>Bicicletas infantiles. C\u00f3mo acertar con la talla<\/title>\n<meta name=\"description\" content=\"Descripci\u00f3n y elecci\u00f3n de la talla adecuada en bicicletas infantiles. Desde bicicletas sin pedales pasando por las 12&quot;, 16&quot;, 18&quot;, 20&quot;, 24&quot; y 26&quot;\" \/>\n<meta name=\"robots\" content=\"index, follow, max-snippet:-1, max-image-preview:large, max-video-preview:-1\" \/>\n<link rel=\"canonical\" href=\"https:\/\/www.bicimarket.com\/blog\/bicicletas-infantiles-como-acertar-con-la-talla\/\" \/>\n<meta property=\"og:locale\" content=\"es_ES\" \/>\n<meta property=\"og:type\" content=\"article\" \/>\n<meta property=\"og:title\" content=\"Bicicletas infantiles. C\u00f3mo acertar con la talla\" \/>\n<meta property=\"og:description\" content=\"Descripci\u00f3n y elecci\u00f3n de la talla adecuada en bicicletas infantiles. Desde bicicletas sin pedales pasando por las 12&quot;, 16&quot;, 18&quot;, 20&quot;, 24&quot; y 26&quot;.\" \/>\n<meta property=\"og:url\" content=\"https:\/\/www.bicimarket.com\/blog\/bicicletas-infantiles-como-acertar-con-la-talla\/\" \/>\n<meta property=\"og:site_name\" content=\"El Blog de Bicimarket\" \/>\n<meta property=\"article:publisher\" content=\"https:\/\/www.facebook.com\/Bicimarketcom\/\" \/>\n<meta property=\"article:published_time\" content=\"2022-12-09T07:44:35+00:00\" \/>\n<meta property=\"article:modified_time\" content=\"2023-03-08T11:14:53+00:00\" \/>\n<meta property=\"og:image\" content=\"https:\/\/www.bicimarket.com\/blog\/wp-content\/uploads\/2017\/12\/Bicicletas-infantiles.jpg\" \/>\n\t<meta property=\"og:image:width\" content=\"1161\" \/>\n\t<meta property=\"og:image:height\" content=\"599\" \/>\n\t<meta property=\"og:image:type\" content=\"image\/jpeg\" \/>\n<meta name=\"author\" content=\"Bicimarket\" \/>\n<meta name=\"twitter:label1\" content=\"Escrito por\" \/>\n\t<meta name=\"twitter:data1\" content=\"Bicimarket\" \/>\n\t<meta name=\"twitter:label2\" content=\"Tiempo de lectura\" \/>\n\t<meta name=\"twitter:data2\" content=\"3 minutos\" \/>\n<script type=\"application\/ld+json\" class=\"yoast-schema-graph\">{\"@context\":\"https:\\\/\\\/schema.org\",\"@graph\":[{\"@type\":\"Article\",\"@id\":\"https:\\\/\\\/www.bicimarket.com\\\/blog\\\/bicicletas-infantiles-como-acertar-con-la-talla\\\/#article\",\"isPartOf\":{\"@id\":\"https:\\\/\\\/www.bicimarket.com\\\/blog\\\/bicicletas-infantiles-como-acertar-con-la-talla\\\/\"},\"author\":{\"name\":\"Bicimarket\",\"@id\":\"https:\\\/\\\/www.bicimarket.com\\\/blog\\\/#\\\/schema\\\/person\\\/66369cbf23f3079a722e74b04774561f\"},\"headline\":\"Bicicletas Infantiles. C\u00f3mo acertar con la talla\",\"datePublished\":\"2022-12-09T07:44:35+00:00\",\"dateModified\":\"2023-03-08T11:14:53+00:00\",\"mainEntityOfPage\":{\"@id\":\"https:\\\/\\\/www.bicimarket.com\\\/blog\\\/bicicletas-infantiles-como-acertar-con-la-talla\\\/\"},\"wordCount\":669,\"commentCount\":0,\"image\":{\"@id\":\"https:\\\/\\\/www.bicimarket.com\\\/blog\\\/bicicletas-infantiles-como-acertar-con-la-talla\\\/#primaryimage\"},\"thumbnailUrl\":\"https:\\\/\\\/www.bicimarket.com\\\/blog\\\/wp-content\\\/uploads\\\/2019\\\/05\\\/621a1d83-d87e-45cc-a562-640a811f78c0.jpg\",\"keywords\":[\"infantiles\",\"Navidades\",\"Regalos\"],\"articleSection\":[\"CONSEJOS\",\"GU\u00cdAS\"],\"inLanguage\":\"es\",\"potentialAction\":[{\"@type\":\"CommentAction\",\"name\":\"Comment\",\"target\":[\"https:\\\/\\\/www.bicimarket.com\\\/blog\\\/bicicletas-infantiles-como-acertar-con-la-talla\\\/#respond\"]}]},{\"@type\":\"WebPage\",\"@id\":\"https:\\\/\\\/www.bicimarket.com\\\/blog\\\/bicicletas-infantiles-como-acertar-con-la-talla\\\/\",\"url\":\"https:\\\/\\\/www.bicimarket.com\\\/blog\\\/bicicletas-infantiles-como-acertar-con-la-talla\\\/\",\"name\":\"Bicicletas infantiles. C\u00f3mo acertar con la talla\",\"isPartOf\":{\"@id\":\"https:\\\/\\\/www.bicimarket.com\\\/blog\\\/#website\"},\"primaryImageOfPage\":{\"@id\":\"https:\\\/\\\/www.bicimarket.com\\\/blog\\\/bicicletas-infantiles-como-acertar-con-la-talla\\\/#primaryimage\"},\"image\":{\"@id\":\"https:\\\/\\\/www.bicimarket.com\\\/blog\\\/bicicletas-infantiles-como-acertar-con-la-talla\\\/#primaryimage\"},\"thumbnailUrl\":\"https:\\\/\\\/www.bicimarket.com\\\/blog\\\/wp-content\\\/uploads\\\/2019\\\/05\\\/621a1d83-d87e-45cc-a562-640a811f78c0.jpg\",\"datePublished\":\"2022-12-09T07:44:35+00:00\",\"dateModified\":\"2023-03-08T11:14:53+00:00\",\"author\":{\"@id\":\"https:\\\/\\\/www.bicimarket.com\\\/blog\\\/#\\\/schema\\\/person\\\/66369cbf23f3079a722e74b04774561f\"},\"description\":\"Descripci\u00f3n y elecci\u00f3n de la talla adecuada en bicicletas infantiles. Desde bicicletas sin pedales pasando por las 12\\\", 16\\\", 18\\\", 20\\\", 24\\\" y 26\\\"\",\"breadcrumb\":{\"@id\":\"https:\\\/\\\/www.bicimarket.com\\\/blog\\\/bicicletas-infantiles-como-acertar-con-la-talla\\\/#breadcrumb\"},\"inLanguage\":\"es\",\"potentialAction\":[{\"@type\":\"ReadAction\",\"target\":[\"https:\\\/\\\/www.bicimarket.com\\\/blog\\\/bicicletas-infantiles-como-acertar-con-la-talla\\\/\"]}]},{\"@type\":\"ImageObject\",\"inLanguage\":\"es\",\"@id\":\"https:\\\/\\\/www.bicimarket.com\\\/blog\\\/bicicletas-infantiles-como-acertar-con-la-talla\\\/#primaryimage\",\"url\":\"https:\\\/\\\/www.bicimarket.com\\\/blog\\\/wp-content\\\/uploads\\\/2019\\\/05\\\/621a1d83-d87e-45cc-a562-640a811f78c0.jpg\",\"contentUrl\":\"https:\\\/\\\/www.bicimarket.com\\\/blog\\\/wp-content\\\/uploads\\\/2019\\\/05\\\/621a1d83-d87e-45cc-a562-640a811f78c0.jpg\",\"width\":730,\"height\":340},{\"@type\":\"BreadcrumbList\",\"@id\":\"https:\\\/\\\/www.bicimarket.com\\\/blog\\\/bicicletas-infantiles-como-acertar-con-la-talla\\\/#breadcrumb\",\"itemListElement\":[{\"@type\":\"ListItem\",\"position\":1,\"name\":\"Portada\",\"item\":\"https:\\\/\\\/www.bicimarket.com\\\/blog\\\/\"},{\"@type\":\"ListItem\",\"position\":2,\"name\":\"Bicicletas Infantiles. C\u00f3mo acertar con la talla\"}]},{\"@type\":\"WebSite\",\"@id\":\"https:\\\/\\\/www.bicimarket.com\\\/blog\\\/#website\",\"url\":\"https:\\\/\\\/www.bicimarket.com\\\/blog\\\/\",\"name\":\"El Blog de Bicimarket\",\"description\":\"Nos apasiona el ciclismo \u00bfTe apuntas con nosotros?\",\"potentialAction\":[{\"@type\":\"SearchAction\",\"target\":{\"@type\":\"EntryPoint\",\"urlTemplate\":\"https:\\\/\\\/www.bicimarket.com\\\/blog\\\/?s={search_term_string}\"},\"query-input\":{\"@type\":\"PropertyValueSpecification\",\"valueRequired\":true,\"valueName\":\"search_term_string\"}}],\"inLanguage\":\"es\"},{\"@type\":\"Person\",\"@id\":\"https:\\\/\\\/www.bicimarket.com\\\/blog\\\/#\\\/schema\\\/person\\\/66369cbf23f3079a722e74b04774561f\",\"name\":\"Bicimarket\",\"image\":{\"@type\":\"ImageObject\",\"inLanguage\":\"es\",\"@id\":\"https:\\\/\\\/secure.gravatar.com\\\/avatar\\\/e6abd05c671a2d14ec3e9d2d25f2f0266e6e71f6609852e840b5447e5b18bcd5?s=96&d=mm&r=g\",\"url\":\"https:\\\/\\\/secure.gravatar.com\\\/avatar\\\/e6abd05c671a2d14ec3e9d2d25f2f0266e6e71f6609852e840b5447e5b18bcd5?s=96&d=mm&r=g\",\"contentUrl\":\"https:\\\/\\\/secure.gravatar.com\\\/avatar\\\/e6abd05c671a2d14ec3e9d2d25f2f0266e6e71f6609852e840b5447e5b18bcd5?s=96&d=mm&r=g\",\"caption\":\"Bicimarket\"},\"sameAs\":[\"https:\\\/\\\/www.bicimarket.com\\\/blog\\\/\"]}]}<\/script>\n<!-- \/ Yoast SEO plugin. -->","yoast_head_json":{"title":"Bicicletas infantiles. C\u00f3mo acertar con la talla","description":"Descripci\u00f3n y elecci\u00f3n de la talla adecuada en bicicletas infantiles. Desde bicicletas sin pedales pasando por las 12\", 16\", 18\", 20\", 24\" y 26\"","robots":{"index":"index","follow":"follow","max-snippet":"max-snippet:-1","max-image-preview":"max-image-preview:large","max-video-preview":"max-video-preview:-1"},"canonical":"https:\/\/www.bicimarket.com\/blog\/bicicletas-infantiles-como-acertar-con-la-talla\/","og_locale":"es_ES","og_type":"article","og_title":"Bicicletas infantiles. C\u00f3mo acertar con la talla","og_description":"Descripci\u00f3n y elecci\u00f3n de la talla adecuada en bicicletas infantiles. Desde bicicletas sin pedales pasando por las 12\", 16\", 18\", 20\", 24\" y 26\".","og_url":"https:\/\/www.bicimarket.com\/blog\/bicicletas-infantiles-como-acertar-con-la-talla\/","og_site_name":"El Blog de Bicimarket","article_publisher":"https:\/\/www.facebook.com\/Bicimarketcom\/","article_published_time":"2022-12-09T07:44:35+00:00","article_modified_time":"2023-03-08T11:14:53+00:00","og_image":[{"width":1161,"height":599,"url":"https:\/\/www.bicimarket.com\/blog\/wp-content\/uploads\/2017\/12\/Bicicletas-infantiles.jpg","type":"image\/jpeg"}],"author":"Bicimarket","twitter_misc":{"Escrito por":"Bicimarket","Tiempo de lectura":"3 minutos"},"schema":{"@context":"https:\/\/schema.org","@graph":[{"@type":"Article","@id":"https:\/\/www.bicimarket.com\/blog\/bicicletas-infantiles-como-acertar-con-la-talla\/#article","isPartOf":{"@id":"https:\/\/www.bicimarket.com\/blog\/bicicletas-infantiles-como-acertar-con-la-talla\/"},"author":{"name":"Bicimarket","@id":"https:\/\/www.bicimarket.com\/blog\/#\/schema\/person\/66369cbf23f3079a722e74b04774561f"},"headline":"Bicicletas Infantiles. C\u00f3mo acertar con la talla","datePublished":"2022-12-09T07:44:35+00:00","dateModified":"2023-03-08T11:14:53+00:00","mainEntityOfPage":{"@id":"https:\/\/www.bicimarket.com\/blog\/bicicletas-infantiles-como-acertar-con-la-talla\/"},"wordCount":669,"commentCount":0,"image":{"@id":"https:\/\/www.bicimarket.com\/blog\/bicicletas-infantiles-como-acertar-con-la-talla\/#primaryimage"},"thumbnailUrl":"https:\/\/www.bicimarket.com\/blog\/wp-content\/uploads\/2019\/05\/621a1d83-d87e-45cc-a562-640a811f78c0.jpg","keywords":["infantiles","Navidades","Regalos"],"articleSection":["CONSEJOS","GU\u00cdAS"],"inLanguage":"es","potentialAction":[{"@type":"CommentAction","name":"Comment","target":["https:\/\/www.bicimarket.com\/blog\/bicicletas-infantiles-como-acertar-con-la-talla\/#respond"]}]},{"@type":"WebPage","@id":"https:\/\/www.bicimarket.com\/blog\/bicicletas-infantiles-como-acertar-con-la-talla\/","url":"https:\/\/www.bicimarket.com\/blog\/bicicletas-infantiles-como-acertar-con-la-talla\/","name":"Bicicletas infantiles. C\u00f3mo acertar con la talla","isPartOf":{"@id":"https:\/\/www.bicimarket.com\/blog\/#website"},"primaryImageOfPage":{"@id":"https:\/\/www.bicimarket.com\/blog\/bicicletas-infantiles-como-acertar-con-la-talla\/#primaryimage"},"image":{"@id":"https:\/\/www.bicimarket.com\/blog\/bicicletas-infantiles-como-acertar-con-la-talla\/#primaryimage"},"thumbnailUrl":"https:\/\/www.bicimarket.com\/blog\/wp-content\/uploads\/2019\/05\/621a1d83-d87e-45cc-a562-640a811f78c0.jpg","datePublished":"2022-12-09T07:44:35+00:00","dateModified":"2023-03-08T11:14:53+00:00","author":{"@id":"https:\/\/www.bicimarket.com\/blog\/#\/schema\/person\/66369cbf23f3079a722e74b04774561f"},"description":"Descripci\u00f3n y elecci\u00f3n de la talla adecuada en bicicletas infantiles. Desde bicicletas sin pedales pasando por las 12\", 16\", 18\", 20\", 24\" y 26\"","breadcrumb":{"@id":"https:\/\/www.bicimarket.com\/blog\/bicicletas-infantiles-como-acertar-con-la-talla\/#breadcrumb"},"inLanguage":"es","potentialAction":[{"@type":"ReadAction","target":["https:\/\/www.bicimarket.com\/blog\/bicicletas-infantiles-como-acertar-con-la-talla\/"]}]},{"@type":"ImageObject","inLanguage":"es","@id":"https:\/\/www.bicimarket.com\/blog\/bicicletas-infantiles-como-acertar-con-la-talla\/#primaryimage","url":"https:\/\/www.bicimarket.com\/blog\/wp-content\/uploads\/2019\/05\/621a1d83-d87e-45cc-a562-640a811f78c0.jpg","contentUrl":"https:\/\/www.bicimarket.com\/blog\/wp-content\/uploads\/2019\/05\/621a1d83-d87e-45cc-a562-640a811f78c0.jpg","width":730,"height":340},{"@type":"BreadcrumbList","@id":"https:\/\/www.bicimarket.com\/blog\/bicicletas-infantiles-como-acertar-con-la-talla\/#breadcrumb","itemListElement":[{"@type":"ListItem","position":1,"name":"Portada","item":"https:\/\/www.bicimarket.com\/blog\/"},{"@type":"ListItem","position":2,"name":"Bicicletas Infantiles. C\u00f3mo acertar con la talla"}]},{"@type":"WebSite","@id":"https:\/\/www.bicimarket.com\/blog\/#website","url":"https:\/\/www.bicimarket.com\/blog\/","name":"El Blog de Bicimarket","description":"Nos apasiona el ciclismo \u00bfTe apuntas con nosotros?","potentialAction":[{"@type":"SearchAction","target":{"@type":"EntryPoint","urlTemplate":"https:\/\/www.bicimarket.com\/blog\/?s={search_term_string}"},"query-input":{"@type":"PropertyValueSpecification","valueRequired":true,"valueName":"search_term_string"}}],"inLanguage":"es"},{"@type":"Person","@id":"https:\/\/www.bicimarket.com\/blog\/#\/schema\/person\/66369cbf23f3079a722e74b04774561f","name":"Bicimarket","image":{"@type":"ImageObject","inLanguage":"es","@id":"https:\/\/secure.gravatar.com\/avatar\/e6abd05c671a2d14ec3e9d2d25f2f0266e6e71f6609852e840b5447e5b18bcd5?s=96&d=mm&r=g","url":"https:\/\/secure.gravatar.com\/avatar\/e6abd05c671a2d14ec3e9d2d25f2f0266e6e71f6609852e840b5447e5b18bcd5?s=96&d=mm&r=g","contentUrl":"https:\/\/secure.gravatar.com\/avatar\/e6abd05c671a2d14ec3e9d2d25f2f0266e6e71f6609852e840b5447e5b18bcd5?s=96&d=mm&r=g","caption":"Bicimarket"},"sameAs":["https:\/\/www.bicimarket.com\/blog\/"]}]}},"modified_by":"Bicimarket","_links":{"self":[{"href":"https:\/\/www.bicimarket.com\/blog\/wp-json\/wp\/v2\/posts\/3536","targetHints":{"allow":["GET"]}}],"collection":[{"href":"https:\/\/www.bicimarket.com\/blog\/wp-json\/wp\/v2\/posts"}],"about":[{"href":"https:\/\/www.bicimarket.com\/blog\/wp-json\/wp\/v2\/types\/post"}],"author":[{"embeddable":true,"href":"https:\/\/www.bicimarket.com\/blog\/wp-json\/wp\/v2\/users\/1"}],"replies":[{"embeddable":true,"href":"https:\/\/www.bicimarket.com\/blog\/wp-json\/wp\/v2\/comments?post=3536"}],"version-history":[{"count":22,"href":"https:\/\/www.bicimarket.com\/blog\/wp-json\/wp\/v2\/posts\/3536\/revisions"}],"predecessor-version":[{"id":5044,"href":"https:\/\/www.bicimarket.com\/blog\/wp-json\/wp\/v2\/posts\/3536\/revisions\/5044"}],"wp:featuredmedia":[{"embeddable":true,"href":"https:\/\/www.bicimarket.com\/blog\/wp-json\/wp\/v2\/media\/5046"}],"wp:attachment":[{"href":"https:\/\/www.bicimarket.com\/blog\/wp-json\/wp\/v2\/media?parent=3536"}],"wp:term":[{"taxonomy":"category","embeddable":true,"href":"https:\/\/www.bicimarket.com\/blog\/wp-json\/wp\/v2\/categories?post=3536"},{"taxonomy":"post_tag","embeddable":true,"href":"https:\/\/www.bicimarket.com\/blog\/wp-json\/wp\/v2\/tags?post=3536"}],"curies":[{"name":"wp","href":"https:\/\/api.w.org\/{rel}","templated":true}]}}