{"id":3104,"date":"2015-10-21T13:53:11","date_gmt":"2015-10-21T13:53:11","guid":{"rendered":"http:\/\/bicimarket.com\/blog\/?p=3104"},"modified":"2021-10-18T16:04:47","modified_gmt":"2021-10-18T15:04:47","slug":"bicimarket-com-arranca-el-otono-con-2-nuevas-aperturas-de-su-red-de-tiendas","status":"publish","type":"post","link":"https:\/\/www.bicimarket.com\/blog\/bicimarket-com-arranca-el-otono-con-2-nuevas-aperturas-de-su-red-de-tiendas\/","title":{"rendered":"Bicimarket.com arranca el oto\u00f1o con 2 nuevas aperturas de su red de tiendas"},"content":{"rendered":"<p><a title=\"Bicimarket Avil\u00e9s Service Point\" href=\"https:\/\/www.facebook.com\/Bicimarket-Avil%C3%A9s-Service-Point-693295144133920\/\" target=\"_blank\" rel=\"noopener\"><strong>Bicimarket Avil\u00e9s Service Point<\/strong><\/a> y <a title=\"Bicimarket Lli\u00e7\u00e0 de Vall Service Point\" href=\"https:\/\/www.facebook.com\/dolomitasbike?fref=ts\" target=\"_blank\" rel=\"noopener\"><strong>Bicimarket Lli\u00e7\u00e0 de Vall Service Point<\/strong><\/a> son las 2 \u00faltimas incorporaciones a la red de tiendas f\u00edsicas que la tienda online a\u00f1ade a su ya extensa red de comercios especializados en ciclismo.<\/p>\n<p>Con estas nuevas incorporaciones, <a title=\"Bicimarket\" href=\"https:\/\/www.bicimarket.com\/es\/\" target=\"_blank\" rel=\"noopener\">Bicimarket<\/a> se acerca a las 30 tiendas repartidas por todo el territorio nacional, lo cual solo hace que confirmar el buen ritmo de expansi\u00f3n que ya se constat\u00f3 en el reciente Unibike, d\u00f3nde el stand de Bicimarket fue uno de los que m\u00e1s afluencia de p\u00fablico recibi\u00f3, en especial de interesados en formar parte del sector.<\/p>\n<p>Ambas tiendas realizaron su inauguraci\u00f3n y presentaci\u00f3n al p\u00fablico el pasado s\u00e1bado 17 de octubre en un ambiente distendido y cercano, en el que bikers y amigos celebraron el pistoletazo de salida de ambas tiendas.<\/p>\n<p>Con un modelo de negocio contrastado y de \u00e9xito, entrar en el sector de la bicicleta formando parte de la red Bicimarket ofrece toda una serie de ventajas a tener en cuenta:<\/p>\n<ul>\n<li>Entrar en un sector rentable y de futuro de la mano de una marca l\u00edder, din\u00e1mica y con gran reconocimiento.<\/li>\n<li>Inversi\u00f3n inicial inferior a la de un negocio independiente con un tiempo medio de montaje y apertura de 6 semanas.<\/li>\n<li>Se combina el disponer de una central de compras con el acceso directo a proveedores.<\/li>\n<li>Respaldo de un amplio cat\u00e1logo online como herramienta de venta que permite reducir la necesidad de stock.<\/li>\n<li>Las acciones de marketing y el programa de recogidas locales atraen clientes a la tienda.<\/li>\n<li>Convenios con los principales distribuidores, entidades bancarias y de financiaci\u00f3n, para obtener las mejores condiciones.<\/li>\n<\/ul>\n<p>Los interesados en unirse a una marca l\u00edder en un sector de futuro, pueden dirigirse al Departamento de Expansi\u00f3n de Bicimarket (<a href=\"mailto:expansion@bicimarket.com\">expansion@bicimarket.com<\/a>).<\/p>\n","protected":false},"excerpt":{"rendered":"<p>Bicimarket Avil\u00e9s Service Point y Bicimarket Lli\u00e7\u00e0 de Vall Service Point son las 2 \u00faltimas incorporaciones a la red de tiendas f\u00edsicas que la tienda online a\u00f1ade a su ya extensa red de comercios especializados en ciclismo. Con estas nuevas incorporaciones, Bicimarket se acerca a las 30 tiendas repartidas por todo el territorio nacional, lo [&hellip;]<\/p>\n","protected":false},"author":1,"featured_media":3105,"comment_status":"open","ping_status":"open","sticky":false,"template":"","format":"standard","meta":{"_lmt_disableupdate":"","_lmt_disable":"","footnotes":""},"categories":[562],"tags":[664],"class_list":["post-3104","post","type-post","status-publish","format-standard","has-post-thumbnail","hentry","category-novedades","tag-red-de-tiendas-bmk"],"yoast_head":"<!-- This site is optimized with the Yoast SEO plugin v27.4 - https:\/\/yoast.com\/product\/yoast-seo-wordpress\/ -->\n<title>Bicimarket.com arranca el oto\u00f1o con 2 nuevas aperturas de su red de tiendas - El Blog de Bicimarket<\/title>\n<meta name=\"robots\" content=\"index, follow, max-snippet:-1, max-image-preview:large, max-video-preview:-1\" \/>\n<link rel=\"canonical\" href=\"https:\/\/www.bicimarket.com\/blog\/bicimarket-com-arranca-el-otono-con-2-nuevas-aperturas-de-su-red-de-tiendas\/\" \/>\n<meta property=\"og:locale\" content=\"es_ES\" \/>\n<meta property=\"og:type\" content=\"article\" \/>\n<meta property=\"og:title\" content=\"Bicimarket.com arranca el oto\u00f1o con 2 nuevas aperturas de su red de tiendas - El Blog de Bicimarket\" \/>\n<meta property=\"og:description\" content=\"Bicimarket Avil\u00e9s Service Point y Bicimarket Lli\u00e7\u00e0 de Vall Service Point son las 2 \u00faltimas incorporaciones a la red de tiendas f\u00edsicas que la tienda online a\u00f1ade a su ya extensa red de comercios especializados en ciclismo. Con estas nuevas incorporaciones, Bicimarket se acerca a las 30 tiendas repartidas por todo el territorio nacional, lo [&hellip;]\" \/>\n<meta property=\"og:url\" content=\"https:\/\/www.bicimarket.com\/blog\/bicimarket-com-arranca-el-otono-con-2-nuevas-aperturas-de-su-red-de-tiendas\/\" \/>\n<meta property=\"og:site_name\" content=\"El Blog de Bicimarket\" \/>\n<meta property=\"article:publisher\" content=\"https:\/\/www.facebook.com\/Bicimarketcom\/\" \/>\n<meta property=\"article:published_time\" content=\"2015-10-21T13:53:11+00:00\" \/>\n<meta property=\"article:modified_time\" content=\"2021-10-18T15:04:47+00:00\" \/>\n<meta property=\"og:image\" content=\"https:\/\/www.bicimarket.com\/blog\/wp-content\/uploads\/2015\/10\/IMG_20151014_111809.jpg\" \/>\n\t<meta property=\"og:image:width\" content=\"3840\" \/>\n\t<meta property=\"og:image:height\" content=\"2160\" \/>\n\t<meta property=\"og:image:type\" content=\"image\/jpeg\" \/>\n<meta name=\"author\" content=\"Bicimarket\" \/>\n<meta name=\"twitter:label1\" content=\"Escrito por\" \/>\n\t<meta name=\"twitter:data1\" content=\"Bicimarket\" \/>\n\t<meta name=\"twitter:label2\" content=\"Tiempo de lectura\" \/>\n\t<meta name=\"twitter:data2\" content=\"2 minutos\" \/>\n<script type=\"application\/ld+json\" class=\"yoast-schema-graph\">{\"@context\":\"https:\\\/\\\/schema.org\",\"@graph\":[{\"@type\":\"Article\",\"@id\":\"https:\\\/\\\/www.bicimarket.com\\\/blog\\\/bicimarket-com-arranca-el-otono-con-2-nuevas-aperturas-de-su-red-de-tiendas\\\/#article\",\"isPartOf\":{\"@id\":\"https:\\\/\\\/www.bicimarket.com\\\/blog\\\/bicimarket-com-arranca-el-otono-con-2-nuevas-aperturas-de-su-red-de-tiendas\\\/\"},\"author\":{\"name\":\"Bicimarket\",\"@id\":\"https:\\\/\\\/www.bicimarket.com\\\/blog\\\/#\\\/schema\\\/person\\\/66369cbf23f3079a722e74b04774561f\"},\"headline\":\"Bicimarket.com arranca el oto\u00f1o con 2 nuevas aperturas de su red de tiendas\",\"datePublished\":\"2015-10-21T13:53:11+00:00\",\"dateModified\":\"2021-10-18T15:04:47+00:00\",\"mainEntityOfPage\":{\"@id\":\"https:\\\/\\\/www.bicimarket.com\\\/blog\\\/bicimarket-com-arranca-el-otono-con-2-nuevas-aperturas-de-su-red-de-tiendas\\\/\"},\"wordCount\":318,\"commentCount\":0,\"image\":{\"@id\":\"https:\\\/\\\/www.bicimarket.com\\\/blog\\\/bicimarket-com-arranca-el-otono-con-2-nuevas-aperturas-de-su-red-de-tiendas\\\/#primaryimage\"},\"thumbnailUrl\":\"https:\\\/\\\/www.bicimarket.com\\\/blog\\\/wp-content\\\/uploads\\\/2015\\\/10\\\/IMG_20151014_111809.jpg\",\"keywords\":[\"Red de tiendas BMK\"],\"articleSection\":[\"NOVEDADES\"],\"inLanguage\":\"es\",\"potentialAction\":[{\"@type\":\"CommentAction\",\"name\":\"Comment\",\"target\":[\"https:\\\/\\\/www.bicimarket.com\\\/blog\\\/bicimarket-com-arranca-el-otono-con-2-nuevas-aperturas-de-su-red-de-tiendas\\\/#respond\"]}]},{\"@type\":\"WebPage\",\"@id\":\"https:\\\/\\\/www.bicimarket.com\\\/blog\\\/bicimarket-com-arranca-el-otono-con-2-nuevas-aperturas-de-su-red-de-tiendas\\\/\",\"url\":\"https:\\\/\\\/www.bicimarket.com\\\/blog\\\/bicimarket-com-arranca-el-otono-con-2-nuevas-aperturas-de-su-red-de-tiendas\\\/\",\"name\":\"Bicimarket.com arranca el oto\u00f1o con 2 nuevas aperturas de su red de tiendas - El Blog de Bicimarket\",\"isPartOf\":{\"@id\":\"https:\\\/\\\/www.bicimarket.com\\\/blog\\\/#website\"},\"primaryImageOfPage\":{\"@id\":\"https:\\\/\\\/www.bicimarket.com\\\/blog\\\/bicimarket-com-arranca-el-otono-con-2-nuevas-aperturas-de-su-red-de-tiendas\\\/#primaryimage\"},\"image\":{\"@id\":\"https:\\\/\\\/www.bicimarket.com\\\/blog\\\/bicimarket-com-arranca-el-otono-con-2-nuevas-aperturas-de-su-red-de-tiendas\\\/#primaryimage\"},\"thumbnailUrl\":\"https:\\\/\\\/www.bicimarket.com\\\/blog\\\/wp-content\\\/uploads\\\/2015\\\/10\\\/IMG_20151014_111809.jpg\",\"datePublished\":\"2015-10-21T13:53:11+00:00\",\"dateModified\":\"2021-10-18T15:04:47+00:00\",\"author\":{\"@id\":\"https:\\\/\\\/www.bicimarket.com\\\/blog\\\/#\\\/schema\\\/person\\\/66369cbf23f3079a722e74b04774561f\"},\"breadcrumb\":{\"@id\":\"https:\\\/\\\/www.bicimarket.com\\\/blog\\\/bicimarket-com-arranca-el-otono-con-2-nuevas-aperturas-de-su-red-de-tiendas\\\/#breadcrumb\"},\"inLanguage\":\"es\",\"potentialAction\":[{\"@type\":\"ReadAction\",\"target\":[\"https:\\\/\\\/www.bicimarket.com\\\/blog\\\/bicimarket-com-arranca-el-otono-con-2-nuevas-aperturas-de-su-red-de-tiendas\\\/\"]}]},{\"@type\":\"ImageObject\",\"inLanguage\":\"es\",\"@id\":\"https:\\\/\\\/www.bicimarket.com\\\/blog\\\/bicimarket-com-arranca-el-otono-con-2-nuevas-aperturas-de-su-red-de-tiendas\\\/#primaryimage\",\"url\":\"https:\\\/\\\/www.bicimarket.com\\\/blog\\\/wp-content\\\/uploads\\\/2015\\\/10\\\/IMG_20151014_111809.jpg\",\"contentUrl\":\"https:\\\/\\\/www.bicimarket.com\\\/blog\\\/wp-content\\\/uploads\\\/2015\\\/10\\\/IMG_20151014_111809.jpg\",\"width\":3840,\"height\":2160,\"caption\":\"Bicimarket\"},{\"@type\":\"BreadcrumbList\",\"@id\":\"https:\\\/\\\/www.bicimarket.com\\\/blog\\\/bicimarket-com-arranca-el-otono-con-2-nuevas-aperturas-de-su-red-de-tiendas\\\/#breadcrumb\",\"itemListElement\":[{\"@type\":\"ListItem\",\"position\":1,\"name\":\"Portada\",\"item\":\"https:\\\/\\\/www.bicimarket.com\\\/blog\\\/\"},{\"@type\":\"ListItem\",\"position\":2,\"name\":\"Bicimarket.com arranca el oto\u00f1o con 2 nuevas aperturas de su red de tiendas\"}]},{\"@type\":\"WebSite\",\"@id\":\"https:\\\/\\\/www.bicimarket.com\\\/blog\\\/#website\",\"url\":\"https:\\\/\\\/www.bicimarket.com\\\/blog\\\/\",\"name\":\"El Blog de Bicimarket\",\"description\":\"Nos apasiona el ciclismo \u00bfTe apuntas con nosotros?\",\"potentialAction\":[{\"@type\":\"SearchAction\",\"target\":{\"@type\":\"EntryPoint\",\"urlTemplate\":\"https:\\\/\\\/www.bicimarket.com\\\/blog\\\/?s={search_term_string}\"},\"query-input\":{\"@type\":\"PropertyValueSpecification\",\"valueRequired\":true,\"valueName\":\"search_term_string\"}}],\"inLanguage\":\"es\"},{\"@type\":\"Person\",\"@id\":\"https:\\\/\\\/www.bicimarket.com\\\/blog\\\/#\\\/schema\\\/person\\\/66369cbf23f3079a722e74b04774561f\",\"name\":\"Bicimarket\",\"image\":{\"@type\":\"ImageObject\",\"inLanguage\":\"es\",\"@id\":\"https:\\\/\\\/secure.gravatar.com\\\/avatar\\\/e6abd05c671a2d14ec3e9d2d25f2f0266e6e71f6609852e840b5447e5b18bcd5?s=96&d=mm&r=g\",\"url\":\"https:\\\/\\\/secure.gravatar.com\\\/avatar\\\/e6abd05c671a2d14ec3e9d2d25f2f0266e6e71f6609852e840b5447e5b18bcd5?s=96&d=mm&r=g\",\"contentUrl\":\"https:\\\/\\\/secure.gravatar.com\\\/avatar\\\/e6abd05c671a2d14ec3e9d2d25f2f0266e6e71f6609852e840b5447e5b18bcd5?s=96&d=mm&r=g\",\"caption\":\"Bicimarket\"},\"sameAs\":[\"https:\\\/\\\/www.bicimarket.com\\\/blog\\\/\"]}]}<\/script>\n<!-- \/ Yoast SEO plugin. -->","yoast_head_json":{"title":"Bicimarket.com arranca el oto\u00f1o con 2 nuevas aperturas de su red de tiendas - El Blog de Bicimarket","robots":{"index":"index","follow":"follow","max-snippet":"max-snippet:-1","max-image-preview":"max-image-preview:large","max-video-preview":"max-video-preview:-1"},"canonical":"https:\/\/www.bicimarket.com\/blog\/bicimarket-com-arranca-el-otono-con-2-nuevas-aperturas-de-su-red-de-tiendas\/","og_locale":"es_ES","og_type":"article","og_title":"Bicimarket.com arranca el oto\u00f1o con 2 nuevas aperturas de su red de tiendas - El Blog de Bicimarket","og_description":"Bicimarket Avil\u00e9s Service Point y Bicimarket Lli\u00e7\u00e0 de Vall Service Point son las 2 \u00faltimas incorporaciones a la red de tiendas f\u00edsicas que la tienda online a\u00f1ade a su ya extensa red de comercios especializados en ciclismo. Con estas nuevas incorporaciones, Bicimarket se acerca a las 30 tiendas repartidas por todo el territorio nacional, lo [&hellip;]","og_url":"https:\/\/www.bicimarket.com\/blog\/bicimarket-com-arranca-el-otono-con-2-nuevas-aperturas-de-su-red-de-tiendas\/","og_site_name":"El Blog de Bicimarket","article_publisher":"https:\/\/www.facebook.com\/Bicimarketcom\/","article_published_time":"2015-10-21T13:53:11+00:00","article_modified_time":"2021-10-18T15:04:47+00:00","og_image":[{"width":3840,"height":2160,"url":"https:\/\/www.bicimarket.com\/blog\/wp-content\/uploads\/2015\/10\/IMG_20151014_111809.jpg","type":"image\/jpeg"}],"author":"Bicimarket","twitter_misc":{"Escrito por":"Bicimarket","Tiempo de lectura":"2 minutos"},"schema":{"@context":"https:\/\/schema.org","@graph":[{"@type":"Article","@id":"https:\/\/www.bicimarket.com\/blog\/bicimarket-com-arranca-el-otono-con-2-nuevas-aperturas-de-su-red-de-tiendas\/#article","isPartOf":{"@id":"https:\/\/www.bicimarket.com\/blog\/bicimarket-com-arranca-el-otono-con-2-nuevas-aperturas-de-su-red-de-tiendas\/"},"author":{"name":"Bicimarket","@id":"https:\/\/www.bicimarket.com\/blog\/#\/schema\/person\/66369cbf23f3079a722e74b04774561f"},"headline":"Bicimarket.com arranca el oto\u00f1o con 2 nuevas aperturas de su red de tiendas","datePublished":"2015-10-21T13:53:11+00:00","dateModified":"2021-10-18T15:04:47+00:00","mainEntityOfPage":{"@id":"https:\/\/www.bicimarket.com\/blog\/bicimarket-com-arranca-el-otono-con-2-nuevas-aperturas-de-su-red-de-tiendas\/"},"wordCount":318,"commentCount":0,"image":{"@id":"https:\/\/www.bicimarket.com\/blog\/bicimarket-com-arranca-el-otono-con-2-nuevas-aperturas-de-su-red-de-tiendas\/#primaryimage"},"thumbnailUrl":"https:\/\/www.bicimarket.com\/blog\/wp-content\/uploads\/2015\/10\/IMG_20151014_111809.jpg","keywords":["Red de tiendas BMK"],"articleSection":["NOVEDADES"],"inLanguage":"es","potentialAction":[{"@type":"CommentAction","name":"Comment","target":["https:\/\/www.bicimarket.com\/blog\/bicimarket-com-arranca-el-otono-con-2-nuevas-aperturas-de-su-red-de-tiendas\/#respond"]}]},{"@type":"WebPage","@id":"https:\/\/www.bicimarket.com\/blog\/bicimarket-com-arranca-el-otono-con-2-nuevas-aperturas-de-su-red-de-tiendas\/","url":"https:\/\/www.bicimarket.com\/blog\/bicimarket-com-arranca-el-otono-con-2-nuevas-aperturas-de-su-red-de-tiendas\/","name":"Bicimarket.com arranca el oto\u00f1o con 2 nuevas aperturas de su red de tiendas - El Blog de Bicimarket","isPartOf":{"@id":"https:\/\/www.bicimarket.com\/blog\/#website"},"primaryImageOfPage":{"@id":"https:\/\/www.bicimarket.com\/blog\/bicimarket-com-arranca-el-otono-con-2-nuevas-aperturas-de-su-red-de-tiendas\/#primaryimage"},"image":{"@id":"https:\/\/www.bicimarket.com\/blog\/bicimarket-com-arranca-el-otono-con-2-nuevas-aperturas-de-su-red-de-tiendas\/#primaryimage"},"thumbnailUrl":"https:\/\/www.bicimarket.com\/blog\/wp-content\/uploads\/2015\/10\/IMG_20151014_111809.jpg","datePublished":"2015-10-21T13:53:11+00:00","dateModified":"2021-10-18T15:04:47+00:00","author":{"@id":"https:\/\/www.bicimarket.com\/blog\/#\/schema\/person\/66369cbf23f3079a722e74b04774561f"},"breadcrumb":{"@id":"https:\/\/www.bicimarket.com\/blog\/bicimarket-com-arranca-el-otono-con-2-nuevas-aperturas-de-su-red-de-tiendas\/#breadcrumb"},"inLanguage":"es","potentialAction":[{"@type":"ReadAction","target":["https:\/\/www.bicimarket.com\/blog\/bicimarket-com-arranca-el-otono-con-2-nuevas-aperturas-de-su-red-de-tiendas\/"]}]},{"@type":"ImageObject","inLanguage":"es","@id":"https:\/\/www.bicimarket.com\/blog\/bicimarket-com-arranca-el-otono-con-2-nuevas-aperturas-de-su-red-de-tiendas\/#primaryimage","url":"https:\/\/www.bicimarket.com\/blog\/wp-content\/uploads\/2015\/10\/IMG_20151014_111809.jpg","contentUrl":"https:\/\/www.bicimarket.com\/blog\/wp-content\/uploads\/2015\/10\/IMG_20151014_111809.jpg","width":3840,"height":2160,"caption":"Bicimarket"},{"@type":"BreadcrumbList","@id":"https:\/\/www.bicimarket.com\/blog\/bicimarket-com-arranca-el-otono-con-2-nuevas-aperturas-de-su-red-de-tiendas\/#breadcrumb","itemListElement":[{"@type":"ListItem","position":1,"name":"Portada","item":"https:\/\/www.bicimarket.com\/blog\/"},{"@type":"ListItem","position":2,"name":"Bicimarket.com arranca el oto\u00f1o con 2 nuevas aperturas de su red de tiendas"}]},{"@type":"WebSite","@id":"https:\/\/www.bicimarket.com\/blog\/#website","url":"https:\/\/www.bicimarket.com\/blog\/","name":"El Blog de Bicimarket","description":"Nos apasiona el ciclismo \u00bfTe apuntas con nosotros?","potentialAction":[{"@type":"SearchAction","target":{"@type":"EntryPoint","urlTemplate":"https:\/\/www.bicimarket.com\/blog\/?s={search_term_string}"},"query-input":{"@type":"PropertyValueSpecification","valueRequired":true,"valueName":"search_term_string"}}],"inLanguage":"es"},{"@type":"Person","@id":"https:\/\/www.bicimarket.com\/blog\/#\/schema\/person\/66369cbf23f3079a722e74b04774561f","name":"Bicimarket","image":{"@type":"ImageObject","inLanguage":"es","@id":"https:\/\/secure.gravatar.com\/avatar\/e6abd05c671a2d14ec3e9d2d25f2f0266e6e71f6609852e840b5447e5b18bcd5?s=96&d=mm&r=g","url":"https:\/\/secure.gravatar.com\/avatar\/e6abd05c671a2d14ec3e9d2d25f2f0266e6e71f6609852e840b5447e5b18bcd5?s=96&d=mm&r=g","contentUrl":"https:\/\/secure.gravatar.com\/avatar\/e6abd05c671a2d14ec3e9d2d25f2f0266e6e71f6609852e840b5447e5b18bcd5?s=96&d=mm&r=g","caption":"Bicimarket"},"sameAs":["https:\/\/www.bicimarket.com\/blog\/"]}]}},"modified_by":"Bicimarket","_links":{"self":[{"href":"https:\/\/www.bicimarket.com\/blog\/wp-json\/wp\/v2\/posts\/3104","targetHints":{"allow":["GET"]}}],"collection":[{"href":"https:\/\/www.bicimarket.com\/blog\/wp-json\/wp\/v2\/posts"}],"about":[{"href":"https:\/\/www.bicimarket.com\/blog\/wp-json\/wp\/v2\/types\/post"}],"author":[{"embeddable":true,"href":"https:\/\/www.bicimarket.com\/blog\/wp-json\/wp\/v2\/users\/1"}],"replies":[{"embeddable":true,"href":"https:\/\/www.bicimarket.com\/blog\/wp-json\/wp\/v2\/comments?post=3104"}],"version-history":[{"count":3,"href":"https:\/\/www.bicimarket.com\/blog\/wp-json\/wp\/v2\/posts\/3104\/revisions"}],"predecessor-version":[{"id":5530,"href":"https:\/\/www.bicimarket.com\/blog\/wp-json\/wp\/v2\/posts\/3104\/revisions\/5530"}],"wp:featuredmedia":[{"embeddable":true,"href":"https:\/\/www.bicimarket.com\/blog\/wp-json\/wp\/v2\/media\/3105"}],"wp:attachment":[{"href":"https:\/\/www.bicimarket.com\/blog\/wp-json\/wp\/v2\/media?parent=3104"}],"wp:term":[{"taxonomy":"category","embeddable":true,"href":"https:\/\/www.bicimarket.com\/blog\/wp-json\/wp\/v2\/categories?post=3104"},{"taxonomy":"post_tag","embeddable":true,"href":"https:\/\/www.bicimarket.com\/blog\/wp-json\/wp\/v2\/tags?post=3104"}],"curies":[{"name":"wp","href":"https:\/\/api.w.org\/{rel}","templated":true}]}}