{"id":3047,"date":"2015-09-15T01:00:13","date_gmt":"2015-09-15T01:00:13","guid":{"rendered":"http:\/\/bicimarket.com\/blog\/?p=3047"},"modified":"2021-10-18T16:03:48","modified_gmt":"2021-10-18T15:03:48","slug":"5-motivos-por-los-que-no-dejar-la-bicicleta-cuando-acabe-el-verano","status":"publish","type":"post","link":"https:\/\/www.bicimarket.com\/blog\/5-motivos-por-los-que-no-dejar-la-bicicleta-cuando-acabe-el-verano\/","title":{"rendered":"5 motivos por los que no dejar la bicicleta cuando acabe el verano"},"content":{"rendered":"<p style=\"text-align: justify;\"><strong>Bicicleta y verano<\/strong> son una pareja de baile habitual para muchos deportistas ocasionales o, simplemente, gente activa a la que con la llegada del buen tiempo le apetece probar cosas nuevas.<\/p>\n<p style=\"text-align: justify;\">Nos guste o no, ya estamos encarando el fin del periodo estival y son muchos los que dejar\u00e1n aparcada la bicicleta durante un buen tiempo. Sin embargo, hay muchos y muy <strong>buenos motivos<\/strong> para que todo aquel \u00abciclista de verano\u00bb se plantee el <strong>seguir montando en bicicleta el resto del a\u00f1o<\/strong>; aqu\u00ed os dejamos con 5 de ellos:<\/p>\n<h2 style=\"text-align: justify;\">Mantener una forma f\u00edsica saludable<\/h2>\n<p style=\"text-align: justify;\">El m\u00e1s evidente de todos y es que, montar en bicicleta durante todo el a\u00f1o, <strong>nos mantendr\u00e1 en forma<\/strong> y evitar\u00e1 que caigamos en el sedentarismo y la falta de actividad f\u00edsica que lo \u00fanico que hace es debilitarnos f\u00edsicamente y hacernos m\u00e1s propensos a sufrir lesiones y cansarnos antes frente a cualquier esfuerzo f\u00edsico que necesitemos realizar.<\/p>\n<p style=\"text-align: justify;\"><a href=\"http:\/\/bicimarket.com\/blog\/wp-content\/uploads\/2015\/08\/5-motivos-por-los-que-no-dejar-la-bicicleta-cuando-acabe-el-verano-1.jpg\"><img loading=\"lazy\" decoding=\"async\" class=\"aligncenter size-full wp-image-3053\" src=\"http:\/\/bicimarket.com\/blog\/wp-content\/uploads\/2015\/08\/5-motivos-por-los-que-no-dejar-la-bicicleta-cuando-acabe-el-verano-1.jpg\" alt=\"5 motivos por los que no dejar la bicicleta cuando acabe el verano\" width=\"680\" height=\"386\" srcset=\"https:\/\/www.bicimarket.com\/blog\/wp-content\/uploads\/2015\/08\/5-motivos-por-los-que-no-dejar-la-bicicleta-cuando-acabe-el-verano-1.jpg 680w, https:\/\/www.bicimarket.com\/blog\/wp-content\/uploads\/2015\/08\/5-motivos-por-los-que-no-dejar-la-bicicleta-cuando-acabe-el-verano-1-300x170.jpg 300w, https:\/\/www.bicimarket.com\/blog\/wp-content\/uploads\/2015\/08\/5-motivos-por-los-que-no-dejar-la-bicicleta-cuando-acabe-el-verano-1-640x363.jpg 640w\" sizes=\"auto, (max-width: 680px) 100vw, 680px\" \/><\/a><\/p>\n<h2>Descubrir otros entornos<\/h2>\n<p style=\"text-align: justify;\">Qui\u00e9nes solo disfrutan de la bicicleta en verano, muchas veces lo hacen en sus lugares de veraneo o en un radio limitado por no estar habituados a montar regularmente. Salir a rodar durante todo el a\u00f1o nos permitir\u00e1 <strong>aventurarnos a nuevos destinos y llegar m\u00e1s lejos<\/strong>, descubriendo sitios que muchas veces ni nos imaginamos poder llegar a tener tan cerca de casa.<\/p>\n<p style=\"text-align: justify;\"><a href=\"http:\/\/bicimarket.com\/blog\/wp-content\/uploads\/2015\/08\/5-motivos-por-los-que-no-dejar-la-bicicleta-cuando-acabe-el-verano-2.jpeg\"><img loading=\"lazy\" decoding=\"async\" class=\"aligncenter size-full wp-image-3054\" src=\"http:\/\/bicimarket.com\/blog\/wp-content\/uploads\/2015\/08\/5-motivos-por-los-que-no-dejar-la-bicicleta-cuando-acabe-el-verano-2.jpeg\" alt=\"5 motivos por los que no dejar la bicicleta cuando acabe el verano\" width=\"680\" height=\"386\" srcset=\"https:\/\/www.bicimarket.com\/blog\/wp-content\/uploads\/2015\/08\/5-motivos-por-los-que-no-dejar-la-bicicleta-cuando-acabe-el-verano-2.jpeg 680w, https:\/\/www.bicimarket.com\/blog\/wp-content\/uploads\/2015\/08\/5-motivos-por-los-que-no-dejar-la-bicicleta-cuando-acabe-el-verano-2-300x170.jpeg 300w, https:\/\/www.bicimarket.com\/blog\/wp-content\/uploads\/2015\/08\/5-motivos-por-los-que-no-dejar-la-bicicleta-cuando-acabe-el-verano-2-640x363.jpeg 640w\" sizes=\"auto, (max-width: 680px) 100vw, 680px\" \/><\/a><\/p>\n<h2 style=\"text-align: justify;\">Relacionarte con otros aficionados<\/h2>\n<p style=\"text-align: justify;\">Sea por carretera o por monta\u00f1a, son muchos los ciclistas que montan en bicicleta durante todo el a\u00f1o. Encontrar un grupo af\u00edn es mucho m\u00e1s f\u00e1cil de lo que nos imaginamos y es una excelente forma de seguir progresando en este deporte, <strong>compartiendo afici\u00f3n y conocimientos con otras personas<\/strong> que disfrutan haciendo lo mismo que nosotros.<\/p>\n<p style=\"text-align: justify;\"><a href=\"http:\/\/bicimarket.com\/blog\/wp-content\/uploads\/2015\/08\/5-motivos-por-los-que-no-dejar-la-bicicleta-cuando-acabe-el-verano-3.jpg\"><img loading=\"lazy\" decoding=\"async\" class=\"aligncenter size-full wp-image-3055\" src=\"http:\/\/bicimarket.com\/blog\/wp-content\/uploads\/2015\/08\/5-motivos-por-los-que-no-dejar-la-bicicleta-cuando-acabe-el-verano-3.jpg\" alt=\"5 motivos por los que no dejar la bicicleta cuando acabe el verano\" width=\"680\" height=\"386\" srcset=\"https:\/\/www.bicimarket.com\/blog\/wp-content\/uploads\/2015\/08\/5-motivos-por-los-que-no-dejar-la-bicicleta-cuando-acabe-el-verano-3.jpg 680w, https:\/\/www.bicimarket.com\/blog\/wp-content\/uploads\/2015\/08\/5-motivos-por-los-que-no-dejar-la-bicicleta-cuando-acabe-el-verano-3-300x170.jpg 300w, https:\/\/www.bicimarket.com\/blog\/wp-content\/uploads\/2015\/08\/5-motivos-por-los-que-no-dejar-la-bicicleta-cuando-acabe-el-verano-3-640x363.jpg 640w\" sizes=\"auto, (max-width: 680px) 100vw, 680px\" \/><\/a><\/p>\n<h2 style=\"text-align: justify;\">Rodar con otras condiciones meteorol\u00f3gicas<\/h2>\n<p style=\"text-align: justify;\">Un punto \u00abcurioso\u00bb y es que la \u00e9poca preferida para montar en bicicleta por el usuario ocasional, suele ser la m\u00e1s detestada por el ciclista regular ya que las altas temperaturas del verano son como un \u00abmazo\u00bb frente a seg\u00fan qu\u00e9 esfuerzos f\u00edsicos. Primavera, oto\u00f1o e incluso en pleno invierno y con la <a href=\"https:\/\/www.bicimarket.com\/es\/33-equipamiento\" target=\"_blank\" rel=\"noopener\">equipaci\u00f3n ciclista<\/a> adecuada, podemos llegar a descubrir lo gratificante que es realizar <strong>una ruta sin estar expuestos a un sol abrasador<\/strong>.<\/p>\n<p style=\"text-align: justify;\"><a href=\"http:\/\/bicimarket.com\/blog\/wp-content\/uploads\/2015\/08\/5-motivos-por-los-que-no-dejar-la-bicicleta-cuando-acabe-el-verano-4.jpg\"><img loading=\"lazy\" decoding=\"async\" class=\"aligncenter size-full wp-image-3056\" src=\"http:\/\/bicimarket.com\/blog\/wp-content\/uploads\/2015\/08\/5-motivos-por-los-que-no-dejar-la-bicicleta-cuando-acabe-el-verano-4.jpg\" alt=\"5 motivos por los que no dejar la bicicleta cuando acabe el verano\" width=\"680\" height=\"386\" srcset=\"https:\/\/www.bicimarket.com\/blog\/wp-content\/uploads\/2015\/08\/5-motivos-por-los-que-no-dejar-la-bicicleta-cuando-acabe-el-verano-4.jpg 680w, https:\/\/www.bicimarket.com\/blog\/wp-content\/uploads\/2015\/08\/5-motivos-por-los-que-no-dejar-la-bicicleta-cuando-acabe-el-verano-4-300x170.jpg 300w, https:\/\/www.bicimarket.com\/blog\/wp-content\/uploads\/2015\/08\/5-motivos-por-los-que-no-dejar-la-bicicleta-cuando-acabe-el-verano-4-640x363.jpg 640w\" sizes=\"auto, (max-width: 680px) 100vw, 680px\" \/><\/a><\/p>\n<h2 style=\"text-align: justify;\">Progresar t\u00e9cnicamente<\/h2>\n<p style=\"text-align: justify;\">Est\u00e1 claro que <strong>la pr\u00e1ctica conduce a la mejora<\/strong> y eso es algo que tambi\u00e9n sucede montando en bicicleta; un deporte d\u00f3nde no todo es tener una buena condici\u00f3n cardiovascular. Una ruta puede llegar a complicarse mucho y encontrarnos todo tipo de obst\u00e1culos, la diferencia entre estar baj\u00e1ndonos continuamente de la bici o superarlos sin apenas esfuerzo la marcar\u00e1 la t\u00e9cnica que vayamos adquiriendo conforme practiquemos mes tras mes.<\/p>\n<p style=\"text-align: justify;\"><a href=\"http:\/\/bicimarket.com\/blog\/wp-content\/uploads\/2015\/08\/5-motivos-por-los-que-no-dejar-la-bicicleta-cuando-acabe-el-verano-5.jpg\"><img loading=\"lazy\" decoding=\"async\" class=\"aligncenter size-full wp-image-3057\" src=\"http:\/\/bicimarket.com\/blog\/wp-content\/uploads\/2015\/08\/5-motivos-por-los-que-no-dejar-la-bicicleta-cuando-acabe-el-verano-5.jpg\" alt=\"5 motivos por los que no dejar la bicicleta cuando acabe el verano\" width=\"680\" height=\"386\" srcset=\"https:\/\/www.bicimarket.com\/blog\/wp-content\/uploads\/2015\/08\/5-motivos-por-los-que-no-dejar-la-bicicleta-cuando-acabe-el-verano-5.jpg 680w, https:\/\/www.bicimarket.com\/blog\/wp-content\/uploads\/2015\/08\/5-motivos-por-los-que-no-dejar-la-bicicleta-cuando-acabe-el-verano-5-300x170.jpg 300w, https:\/\/www.bicimarket.com\/blog\/wp-content\/uploads\/2015\/08\/5-motivos-por-los-que-no-dejar-la-bicicleta-cuando-acabe-el-verano-5-640x363.jpg 640w\" sizes=\"auto, (max-width: 680px) 100vw, 680px\" \/><\/a><\/p>\n<p>Seas de los que finalmente aparquen la bici hasta el verano que viene o de los que ya est\u00e1n planeando las salidas de los pr\u00f3ximos meses, en <a title=\"Bicimarket\" href=\"https:\/\/www.bicimarket.com\/es\/\">Bicimarket<\/a> encontrar\u00e1s todo lo que necesitas para seguir disfrutando de este deporte, <strong>pasi\u00f3n para muchos: montar en bicicleta<\/strong>.<\/p>\n","protected":false},"excerpt":{"rendered":"<p>Bicicleta y verano son una pareja de baile habitual para muchos deportistas ocasionales o, simplemente, gente activa a la que con la llegada del buen tiempo le apetece probar cosas nuevas. Nos guste o no, ya estamos encarando el fin del periodo estival y son muchos los que dejar\u00e1n aparcada la bicicleta durante un buen [&hellip;]<\/p>\n","protected":false},"author":1,"featured_media":3062,"comment_status":"open","ping_status":"open","sticky":false,"template":"","format":"standard","meta":{"_lmt_disableupdate":"","_lmt_disable":"","footnotes":""},"categories":[564],"tags":[],"class_list":["post-3047","post","type-post","status-publish","format-standard","has-post-thumbnail","hentry","category-consejos"],"yoast_head":"<!-- This site is optimized with the Yoast SEO plugin v27.4 - https:\/\/yoast.com\/product\/yoast-seo-wordpress\/ -->\n<title>5 motivos por los que no dejar la bicicleta cuando acabe el verano<\/title>\n<meta name=\"description\" content=\"Bicicleta y verano son una pareja de baile habitual para muchos deportistas ocasionales pero... \u00bfqu\u00e9 pasa cuando se acaba el buen tiempo?\" \/>\n<meta name=\"robots\" content=\"index, follow, max-snippet:-1, max-image-preview:large, max-video-preview:-1\" \/>\n<link rel=\"canonical\" href=\"https:\/\/www.bicimarket.com\/blog\/5-motivos-por-los-que-no-dejar-la-bicicleta-cuando-acabe-el-verano\/\" \/>\n<meta property=\"og:locale\" content=\"es_ES\" \/>\n<meta property=\"og:type\" content=\"article\" \/>\n<meta property=\"og:title\" content=\"5 motivos por los que no dejar la bicicleta cuando acabe el verano\" \/>\n<meta property=\"og:description\" content=\"Bicicleta y verano son una pareja de baile habitual para muchos deportistas ocasionales pero... \u00bfqu\u00e9 pasa cuando se acaba el buen tiempo?\" \/>\n<meta property=\"og:url\" content=\"https:\/\/www.bicimarket.com\/blog\/5-motivos-por-los-que-no-dejar-la-bicicleta-cuando-acabe-el-verano\/\" \/>\n<meta property=\"og:site_name\" content=\"El Blog de Bicimarket\" \/>\n<meta property=\"article:publisher\" content=\"https:\/\/www.facebook.com\/Bicimarketcom\/\" \/>\n<meta property=\"article:published_time\" content=\"2015-09-15T01:00:13+00:00\" \/>\n<meta property=\"article:modified_time\" content=\"2021-10-18T15:03:48+00:00\" \/>\n<meta property=\"og:image\" content=\"https:\/\/www.bicimarket.com\/blog\/wp-content\/uploads\/2015\/08\/5-motivos-por-los-que-no-de.png\" \/>\n\t<meta property=\"og:image:width\" content=\"540\" \/>\n\t<meta property=\"og:image:height\" content=\"360\" \/>\n\t<meta property=\"og:image:type\" content=\"image\/png\" \/>\n<meta name=\"author\" content=\"Bicimarket\" \/>\n<meta name=\"twitter:label1\" content=\"Escrito por\" \/>\n\t<meta name=\"twitter:data1\" content=\"Bicimarket\" \/>\n\t<meta name=\"twitter:label2\" content=\"Tiempo de lectura\" \/>\n\t<meta name=\"twitter:data2\" content=\"4 minutos\" \/>\n<script type=\"application\/ld+json\" class=\"yoast-schema-graph\">{\"@context\":\"https:\\\/\\\/schema.org\",\"@graph\":[{\"@type\":\"Article\",\"@id\":\"https:\\\/\\\/www.bicimarket.com\\\/blog\\\/5-motivos-por-los-que-no-dejar-la-bicicleta-cuando-acabe-el-verano\\\/#article\",\"isPartOf\":{\"@id\":\"https:\\\/\\\/www.bicimarket.com\\\/blog\\\/5-motivos-por-los-que-no-dejar-la-bicicleta-cuando-acabe-el-verano\\\/\"},\"author\":{\"name\":\"Bicimarket\",\"@id\":\"https:\\\/\\\/www.bicimarket.com\\\/blog\\\/#\\\/schema\\\/person\\\/66369cbf23f3079a722e74b04774561f\"},\"headline\":\"5 motivos por los que no dejar la bicicleta cuando acabe el verano\",\"datePublished\":\"2015-09-15T01:00:13+00:00\",\"dateModified\":\"2021-10-18T15:03:48+00:00\",\"mainEntityOfPage\":{\"@id\":\"https:\\\/\\\/www.bicimarket.com\\\/blog\\\/5-motivos-por-los-que-no-dejar-la-bicicleta-cuando-acabe-el-verano\\\/\"},\"wordCount\":519,\"commentCount\":0,\"image\":{\"@id\":\"https:\\\/\\\/www.bicimarket.com\\\/blog\\\/5-motivos-por-los-que-no-dejar-la-bicicleta-cuando-acabe-el-verano\\\/#primaryimage\"},\"thumbnailUrl\":\"https:\\\/\\\/www.bicimarket.com\\\/blog\\\/wp-content\\\/uploads\\\/2015\\\/08\\\/5-motivos-por-los-que-no-de.png\",\"articleSection\":[\"CONSEJOS\"],\"inLanguage\":\"es\",\"potentialAction\":[{\"@type\":\"CommentAction\",\"name\":\"Comment\",\"target\":[\"https:\\\/\\\/www.bicimarket.com\\\/blog\\\/5-motivos-por-los-que-no-dejar-la-bicicleta-cuando-acabe-el-verano\\\/#respond\"]}]},{\"@type\":\"WebPage\",\"@id\":\"https:\\\/\\\/www.bicimarket.com\\\/blog\\\/5-motivos-por-los-que-no-dejar-la-bicicleta-cuando-acabe-el-verano\\\/\",\"url\":\"https:\\\/\\\/www.bicimarket.com\\\/blog\\\/5-motivos-por-los-que-no-dejar-la-bicicleta-cuando-acabe-el-verano\\\/\",\"name\":\"5 motivos por los que no dejar la bicicleta cuando acabe el verano\",\"isPartOf\":{\"@id\":\"https:\\\/\\\/www.bicimarket.com\\\/blog\\\/#website\"},\"primaryImageOfPage\":{\"@id\":\"https:\\\/\\\/www.bicimarket.com\\\/blog\\\/5-motivos-por-los-que-no-dejar-la-bicicleta-cuando-acabe-el-verano\\\/#primaryimage\"},\"image\":{\"@id\":\"https:\\\/\\\/www.bicimarket.com\\\/blog\\\/5-motivos-por-los-que-no-dejar-la-bicicleta-cuando-acabe-el-verano\\\/#primaryimage\"},\"thumbnailUrl\":\"https:\\\/\\\/www.bicimarket.com\\\/blog\\\/wp-content\\\/uploads\\\/2015\\\/08\\\/5-motivos-por-los-que-no-de.png\",\"datePublished\":\"2015-09-15T01:00:13+00:00\",\"dateModified\":\"2021-10-18T15:03:48+00:00\",\"author\":{\"@id\":\"https:\\\/\\\/www.bicimarket.com\\\/blog\\\/#\\\/schema\\\/person\\\/66369cbf23f3079a722e74b04774561f\"},\"description\":\"Bicicleta y verano son una pareja de baile habitual para muchos deportistas ocasionales pero... \u00bfqu\u00e9 pasa cuando se acaba el buen tiempo?\",\"breadcrumb\":{\"@id\":\"https:\\\/\\\/www.bicimarket.com\\\/blog\\\/5-motivos-por-los-que-no-dejar-la-bicicleta-cuando-acabe-el-verano\\\/#breadcrumb\"},\"inLanguage\":\"es\",\"potentialAction\":[{\"@type\":\"ReadAction\",\"target\":[\"https:\\\/\\\/www.bicimarket.com\\\/blog\\\/5-motivos-por-los-que-no-dejar-la-bicicleta-cuando-acabe-el-verano\\\/\"]}]},{\"@type\":\"ImageObject\",\"inLanguage\":\"es\",\"@id\":\"https:\\\/\\\/www.bicimarket.com\\\/blog\\\/5-motivos-por-los-que-no-dejar-la-bicicleta-cuando-acabe-el-verano\\\/#primaryimage\",\"url\":\"https:\\\/\\\/www.bicimarket.com\\\/blog\\\/wp-content\\\/uploads\\\/2015\\\/08\\\/5-motivos-por-los-que-no-de.png\",\"contentUrl\":\"https:\\\/\\\/www.bicimarket.com\\\/blog\\\/wp-content\\\/uploads\\\/2015\\\/08\\\/5-motivos-por-los-que-no-de.png\",\"width\":540,\"height\":360,\"caption\":\"5 motivos por los que no dejar la bicicleta cuando acabe el verano\"},{\"@type\":\"BreadcrumbList\",\"@id\":\"https:\\\/\\\/www.bicimarket.com\\\/blog\\\/5-motivos-por-los-que-no-dejar-la-bicicleta-cuando-acabe-el-verano\\\/#breadcrumb\",\"itemListElement\":[{\"@type\":\"ListItem\",\"position\":1,\"name\":\"Portada\",\"item\":\"https:\\\/\\\/www.bicimarket.com\\\/blog\\\/\"},{\"@type\":\"ListItem\",\"position\":2,\"name\":\"5 motivos por los que no dejar la bicicleta cuando acabe el verano\"}]},{\"@type\":\"WebSite\",\"@id\":\"https:\\\/\\\/www.bicimarket.com\\\/blog\\\/#website\",\"url\":\"https:\\\/\\\/www.bicimarket.com\\\/blog\\\/\",\"name\":\"El Blog de Bicimarket\",\"description\":\"Nos apasiona el ciclismo \u00bfTe apuntas con nosotros?\",\"potentialAction\":[{\"@type\":\"SearchAction\",\"target\":{\"@type\":\"EntryPoint\",\"urlTemplate\":\"https:\\\/\\\/www.bicimarket.com\\\/blog\\\/?s={search_term_string}\"},\"query-input\":{\"@type\":\"PropertyValueSpecification\",\"valueRequired\":true,\"valueName\":\"search_term_string\"}}],\"inLanguage\":\"es\"},{\"@type\":\"Person\",\"@id\":\"https:\\\/\\\/www.bicimarket.com\\\/blog\\\/#\\\/schema\\\/person\\\/66369cbf23f3079a722e74b04774561f\",\"name\":\"Bicimarket\",\"image\":{\"@type\":\"ImageObject\",\"inLanguage\":\"es\",\"@id\":\"https:\\\/\\\/secure.gravatar.com\\\/avatar\\\/e6abd05c671a2d14ec3e9d2d25f2f0266e6e71f6609852e840b5447e5b18bcd5?s=96&d=mm&r=g\",\"url\":\"https:\\\/\\\/secure.gravatar.com\\\/avatar\\\/e6abd05c671a2d14ec3e9d2d25f2f0266e6e71f6609852e840b5447e5b18bcd5?s=96&d=mm&r=g\",\"contentUrl\":\"https:\\\/\\\/secure.gravatar.com\\\/avatar\\\/e6abd05c671a2d14ec3e9d2d25f2f0266e6e71f6609852e840b5447e5b18bcd5?s=96&d=mm&r=g\",\"caption\":\"Bicimarket\"},\"sameAs\":[\"https:\\\/\\\/www.bicimarket.com\\\/blog\\\/\"]}]}<\/script>\n<!-- \/ Yoast SEO plugin. -->","yoast_head_json":{"title":"5 motivos por los que no dejar la bicicleta cuando acabe el verano","description":"Bicicleta y verano son una pareja de baile habitual para muchos deportistas ocasionales pero... \u00bfqu\u00e9 pasa cuando se acaba el buen tiempo?","robots":{"index":"index","follow":"follow","max-snippet":"max-snippet:-1","max-image-preview":"max-image-preview:large","max-video-preview":"max-video-preview:-1"},"canonical":"https:\/\/www.bicimarket.com\/blog\/5-motivos-por-los-que-no-dejar-la-bicicleta-cuando-acabe-el-verano\/","og_locale":"es_ES","og_type":"article","og_title":"5 motivos por los que no dejar la bicicleta cuando acabe el verano","og_description":"Bicicleta y verano son una pareja de baile habitual para muchos deportistas ocasionales pero... \u00bfqu\u00e9 pasa cuando se acaba el buen tiempo?","og_url":"https:\/\/www.bicimarket.com\/blog\/5-motivos-por-los-que-no-dejar-la-bicicleta-cuando-acabe-el-verano\/","og_site_name":"El Blog de Bicimarket","article_publisher":"https:\/\/www.facebook.com\/Bicimarketcom\/","article_published_time":"2015-09-15T01:00:13+00:00","article_modified_time":"2021-10-18T15:03:48+00:00","og_image":[{"width":540,"height":360,"url":"https:\/\/www.bicimarket.com\/blog\/wp-content\/uploads\/2015\/08\/5-motivos-por-los-que-no-de.png","type":"image\/png"}],"author":"Bicimarket","twitter_misc":{"Escrito por":"Bicimarket","Tiempo de lectura":"4 minutos"},"schema":{"@context":"https:\/\/schema.org","@graph":[{"@type":"Article","@id":"https:\/\/www.bicimarket.com\/blog\/5-motivos-por-los-que-no-dejar-la-bicicleta-cuando-acabe-el-verano\/#article","isPartOf":{"@id":"https:\/\/www.bicimarket.com\/blog\/5-motivos-por-los-que-no-dejar-la-bicicleta-cuando-acabe-el-verano\/"},"author":{"name":"Bicimarket","@id":"https:\/\/www.bicimarket.com\/blog\/#\/schema\/person\/66369cbf23f3079a722e74b04774561f"},"headline":"5 motivos por los que no dejar la bicicleta cuando acabe el verano","datePublished":"2015-09-15T01:00:13+00:00","dateModified":"2021-10-18T15:03:48+00:00","mainEntityOfPage":{"@id":"https:\/\/www.bicimarket.com\/blog\/5-motivos-por-los-que-no-dejar-la-bicicleta-cuando-acabe-el-verano\/"},"wordCount":519,"commentCount":0,"image":{"@id":"https:\/\/www.bicimarket.com\/blog\/5-motivos-por-los-que-no-dejar-la-bicicleta-cuando-acabe-el-verano\/#primaryimage"},"thumbnailUrl":"https:\/\/www.bicimarket.com\/blog\/wp-content\/uploads\/2015\/08\/5-motivos-por-los-que-no-de.png","articleSection":["CONSEJOS"],"inLanguage":"es","potentialAction":[{"@type":"CommentAction","name":"Comment","target":["https:\/\/www.bicimarket.com\/blog\/5-motivos-por-los-que-no-dejar-la-bicicleta-cuando-acabe-el-verano\/#respond"]}]},{"@type":"WebPage","@id":"https:\/\/www.bicimarket.com\/blog\/5-motivos-por-los-que-no-dejar-la-bicicleta-cuando-acabe-el-verano\/","url":"https:\/\/www.bicimarket.com\/blog\/5-motivos-por-los-que-no-dejar-la-bicicleta-cuando-acabe-el-verano\/","name":"5 motivos por los que no dejar la bicicleta cuando acabe el verano","isPartOf":{"@id":"https:\/\/www.bicimarket.com\/blog\/#website"},"primaryImageOfPage":{"@id":"https:\/\/www.bicimarket.com\/blog\/5-motivos-por-los-que-no-dejar-la-bicicleta-cuando-acabe-el-verano\/#primaryimage"},"image":{"@id":"https:\/\/www.bicimarket.com\/blog\/5-motivos-por-los-que-no-dejar-la-bicicleta-cuando-acabe-el-verano\/#primaryimage"},"thumbnailUrl":"https:\/\/www.bicimarket.com\/blog\/wp-content\/uploads\/2015\/08\/5-motivos-por-los-que-no-de.png","datePublished":"2015-09-15T01:00:13+00:00","dateModified":"2021-10-18T15:03:48+00:00","author":{"@id":"https:\/\/www.bicimarket.com\/blog\/#\/schema\/person\/66369cbf23f3079a722e74b04774561f"},"description":"Bicicleta y verano son una pareja de baile habitual para muchos deportistas ocasionales pero... \u00bfqu\u00e9 pasa cuando se acaba el buen tiempo?","breadcrumb":{"@id":"https:\/\/www.bicimarket.com\/blog\/5-motivos-por-los-que-no-dejar-la-bicicleta-cuando-acabe-el-verano\/#breadcrumb"},"inLanguage":"es","potentialAction":[{"@type":"ReadAction","target":["https:\/\/www.bicimarket.com\/blog\/5-motivos-por-los-que-no-dejar-la-bicicleta-cuando-acabe-el-verano\/"]}]},{"@type":"ImageObject","inLanguage":"es","@id":"https:\/\/www.bicimarket.com\/blog\/5-motivos-por-los-que-no-dejar-la-bicicleta-cuando-acabe-el-verano\/#primaryimage","url":"https:\/\/www.bicimarket.com\/blog\/wp-content\/uploads\/2015\/08\/5-motivos-por-los-que-no-de.png","contentUrl":"https:\/\/www.bicimarket.com\/blog\/wp-content\/uploads\/2015\/08\/5-motivos-por-los-que-no-de.png","width":540,"height":360,"caption":"5 motivos por los que no dejar la bicicleta cuando acabe el verano"},{"@type":"BreadcrumbList","@id":"https:\/\/www.bicimarket.com\/blog\/5-motivos-por-los-que-no-dejar-la-bicicleta-cuando-acabe-el-verano\/#breadcrumb","itemListElement":[{"@type":"ListItem","position":1,"name":"Portada","item":"https:\/\/www.bicimarket.com\/blog\/"},{"@type":"ListItem","position":2,"name":"5 motivos por los que no dejar la bicicleta cuando acabe el verano"}]},{"@type":"WebSite","@id":"https:\/\/www.bicimarket.com\/blog\/#website","url":"https:\/\/www.bicimarket.com\/blog\/","name":"El Blog de Bicimarket","description":"Nos apasiona el ciclismo \u00bfTe apuntas con nosotros?","potentialAction":[{"@type":"SearchAction","target":{"@type":"EntryPoint","urlTemplate":"https:\/\/www.bicimarket.com\/blog\/?s={search_term_string}"},"query-input":{"@type":"PropertyValueSpecification","valueRequired":true,"valueName":"search_term_string"}}],"inLanguage":"es"},{"@type":"Person","@id":"https:\/\/www.bicimarket.com\/blog\/#\/schema\/person\/66369cbf23f3079a722e74b04774561f","name":"Bicimarket","image":{"@type":"ImageObject","inLanguage":"es","@id":"https:\/\/secure.gravatar.com\/avatar\/e6abd05c671a2d14ec3e9d2d25f2f0266e6e71f6609852e840b5447e5b18bcd5?s=96&d=mm&r=g","url":"https:\/\/secure.gravatar.com\/avatar\/e6abd05c671a2d14ec3e9d2d25f2f0266e6e71f6609852e840b5447e5b18bcd5?s=96&d=mm&r=g","contentUrl":"https:\/\/secure.gravatar.com\/avatar\/e6abd05c671a2d14ec3e9d2d25f2f0266e6e71f6609852e840b5447e5b18bcd5?s=96&d=mm&r=g","caption":"Bicimarket"},"sameAs":["https:\/\/www.bicimarket.com\/blog\/"]}]}},"modified_by":"Bicimarket","_links":{"self":[{"href":"https:\/\/www.bicimarket.com\/blog\/wp-json\/wp\/v2\/posts\/3047","targetHints":{"allow":["GET"]}}],"collection":[{"href":"https:\/\/www.bicimarket.com\/blog\/wp-json\/wp\/v2\/posts"}],"about":[{"href":"https:\/\/www.bicimarket.com\/blog\/wp-json\/wp\/v2\/types\/post"}],"author":[{"embeddable":true,"href":"https:\/\/www.bicimarket.com\/blog\/wp-json\/wp\/v2\/users\/1"}],"replies":[{"embeddable":true,"href":"https:\/\/www.bicimarket.com\/blog\/wp-json\/wp\/v2\/comments?post=3047"}],"version-history":[{"count":13,"href":"https:\/\/www.bicimarket.com\/blog\/wp-json\/wp\/v2\/posts\/3047\/revisions"}],"predecessor-version":[{"id":5529,"href":"https:\/\/www.bicimarket.com\/blog\/wp-json\/wp\/v2\/posts\/3047\/revisions\/5529"}],"wp:featuredmedia":[{"embeddable":true,"href":"https:\/\/www.bicimarket.com\/blog\/wp-json\/wp\/v2\/media\/3062"}],"wp:attachment":[{"href":"https:\/\/www.bicimarket.com\/blog\/wp-json\/wp\/v2\/media?parent=3047"}],"wp:term":[{"taxonomy":"category","embeddable":true,"href":"https:\/\/www.bicimarket.com\/blog\/wp-json\/wp\/v2\/categories?post=3047"},{"taxonomy":"post_tag","embeddable":true,"href":"https:\/\/www.bicimarket.com\/blog\/wp-json\/wp\/v2\/tags?post=3047"}],"curies":[{"name":"wp","href":"https:\/\/api.w.org\/{rel}","templated":true}]}}